{"id":26258,"date":"2018-10-10T18:33:55","date_gmt":"2018-10-10T15:03:55","guid":{"rendered":"http:\/\/nasimword.ir\/?p=26258"},"modified":"2018-10-10T18:33:55","modified_gmt":"2018-10-10T15:03:55","slug":"burcu-biricik-guzel-haberi-boyle-duyurdu-cok-az-kaldi","status":"publish","type":"post","link":"https:\/\/nasimword.ir\/?p=26258&lang=tr","title":{"rendered":"Burcu Biricik g\u00fczel haberi b\u00f6yle duyurdu: \u00c7ok az kald\u0131"},"content":{"rendered":"<p dir=\"ltr\"><strong>Bir s\u00fcredir ekranlara ara veren Burcu Biricik reklam filmiyle d\u00f6n\u00fcyor<\/strong><\/p>\n<p dir=\"ltr\"><img loading=\"lazy\" class=\"alignnone size-full wp-image-26259\" src=\"http:\/\/nasimword.ir\/wp-content\/uploads\/2018\/10\/BBObcKf.jpg\" alt=\"BBObcKf\" width=\"620\" height=\"350\" srcset=\"https:\/\/nasimword.ir\/wp-content\/uploads\/2018\/10\/BBObcKf.jpg 620w, https:\/\/nasimword.ir\/wp-content\/uploads\/2018\/10\/BBObcKf-300x169.jpg 300w\" sizes=\"(max-width: 620px) 100vw, 620px\" \/><\/p>\n<p dir=\"ltr\">En son &#8220;8. g\u00fcn&#8221; dizisinde rol alan Burcu Biricik bir s\u00fcre ekranlara ara verdi.<\/p>\n<p dir=\"ltr\">E\u015fiyle yurt d\u0131\u015f\u0131na tatile giden oyuncu bol bol dinlendi. Burcu Biricik, kendini \u00f6zletmemek i\u00e7in sosyal medya payla\u015f\u0131mlar\u0131yla hayranlar\u0131yla hasret gideriyor.<\/p>\n<p dir=\"ltr\">Son olarak payla\u015ft\u0131\u011f\u0131 foto\u011fraf\u0131n alt\u0131na,&#8221;\u00c7ok az kald\u0131&#8221; diyerek m\u00fcjdeyi verdi.<\/p>\n","protected":false},"excerpt":{"rendered":"<p>Bir s\u00fcredir ekranlara ara veren Burcu Biricik reklam filmiyle d\u00f6n\u00fcyor En son &#8220;8. g\u00fcn&#8221; dizisinde rol alan Burcu Biricik bir s\u00fcre ekranlara ara verdi. E\u015fiyle yurt d\u0131\u015f\u0131na tatile giden oyuncu bol bol dinlendi. Burcu Biricik, kendini \u00f6zletmemek i\u00e7in sosyal medya payla\u015f\u0131mlar\u0131yla hayranlar\u0131yla hasret gideriyor. Son olarak payla\u015ft\u0131\u011f\u0131 foto\u011fraf\u0131n alt\u0131na,&#8221;\u00c7ok az kald\u0131&#8221; diyerek m\u00fcjdeyi verdi.<\/p>\n","protected":false},"author":22,"featured_media":26259,"comment_status":"open","ping_status":"open","sticky":false,"template":"","format":"standard","meta":[],"categories":[14058,5955,11183],"tags":[],"yoast_head":"<!-- This site is optimized with the Yoast SEO plugin v18.3 - https:\/\/yoast.com\/wordpress\/plugins\/seo\/ -->\n<title>Burcu Biricik g\u00fczel haberi b\u00f6yle duyurdu: \u00c7ok az kald\u0131 - Nasim Word<\/title>\n<meta name=\"robots\" content=\"index, follow, max-snippet:-1, max-image-preview:large, max-video-preview:-1\" \/>\n<link rel=\"canonical\" href=\"https:\/\/nasimword.ir\/?p=26258&#038;lang=tr\" \/>\n<meta property=\"og:locale\" content=\"fa_IR\" \/>\n<meta property=\"og:type\" content=\"article\" \/>\n<meta property=\"og:title\" content=\"Burcu Biricik g\u00fczel haberi b\u00f6yle duyurdu: \u00c7ok az kald\u0131 - Nasim Word\" \/>\n<meta property=\"og:description\" content=\"Bir s\u00fcredir ekranlara ara veren Burcu Biricik reklam filmiyle d\u00f6n\u00fcyor En son &#8220;8. g\u00fcn&#8221; dizisinde rol alan Burcu Biricik bir s\u00fcre ekranlara ara verdi. E\u015fiyle yurt d\u0131\u015f\u0131na tatile giden oyuncu bol bol dinlendi. Burcu Biricik, kendini \u00f6zletmemek i\u00e7in sosyal medya payla\u015f\u0131mlar\u0131yla hayranlar\u0131yla hasret gideriyor. Son olarak payla\u015ft\u0131\u011f\u0131 foto\u011fraf\u0131n alt\u0131na,&#8221;\u00c7ok az kald\u0131&#8221; diyerek m\u00fcjdeyi verdi.\" \/>\n<meta property=\"og:url\" content=\"https:\/\/nasimword.ir\/?p=26258&amp;lang=tr\" \/>\n<meta property=\"og:site_name\" content=\"Nasim Word\" \/>\n<meta property=\"article:published_time\" content=\"2018-10-10T15:03:55+00:00\" \/>\n<meta property=\"og:image\" content=\"https:\/\/nasimword.ir\/wp-content\/uploads\/2018\/10\/BBObcKf.jpg\" \/>\n\t<meta property=\"og:image:width\" content=\"620\" \/>\n\t<meta property=\"og:image:height\" content=\"350\" \/>\n\t<meta property=\"og:image:type\" content=\"image\/jpeg\" \/>\n<meta name=\"twitter:card\" content=\"summary\" \/>\n<meta name=\"twitter:label1\" content=\"\u0646\u0648\u0634\u062a\u0647\u200c\u0634\u062f\u0647 \u0628\u062f\u0633\u062a\" \/>\n\t<meta name=\"twitter:data1\" content=\"somaye\" \/>\n<script type=\"application\/ld+json\" class=\"yoast-schema-graph\">{\"@context\":\"https:\/\/schema.org\",\"@graph\":[{\"@type\":\"WebSite\",\"@id\":\"https:\/\/nasimword.ir\/#website\",\"url\":\"https:\/\/nasimword.ir\/\",\"name\":\"Nasim Word\",\"description\":\"\u067e\u0648\u0631\u062a\u0627\u0644 \u062e\u0628\u0631\u06cc \u0648 \u062a\u062d\u0644\u06cc\u0644\u06cc \u0646\u0633\u06cc\u0645\",\"potentialAction\":[{\"@type\":\"SearchAction\",\"target\":{\"@type\":\"EntryPoint\",\"urlTemplate\":\"https:\/\/nasimword.ir\/?s={search_term_string}\"},\"query-input\":\"required name=search_term_string\"}],\"inLanguage\":\"fa-IR\"},{\"@type\":\"ImageObject\",\"@id\":\"https:\/\/nasimword.ir\/?p=26258&lang=tr#primaryimage\",\"inLanguage\":\"fa-IR\",\"url\":\"https:\/\/nasimword.ir\/wp-content\/uploads\/2018\/10\/BBObcKf.jpg\",\"contentUrl\":\"https:\/\/nasimword.ir\/wp-content\/uploads\/2018\/10\/BBObcKf.jpg\",\"width\":620,\"height\":350},{\"@type\":\"WebPage\",\"@id\":\"https:\/\/nasimword.ir\/?p=26258&lang=tr#webpage\",\"url\":\"https:\/\/nasimword.ir\/?p=26258&lang=tr\",\"name\":\"Burcu Biricik g\u00fczel haberi b\u00f6yle duyurdu: \u00c7ok az kald\u0131 - Nasim Word\",\"isPartOf\":{\"@id\":\"https:\/\/nasimword.ir\/#website\"},\"primaryImageOfPage\":{\"@id\":\"https:\/\/nasimword.ir\/?p=26258&lang=tr#primaryimage\"},\"datePublished\":\"2018-10-10T15:03:55+00:00\",\"dateModified\":\"2018-10-10T15:03:55+00:00\",\"author\":{\"@id\":\"https:\/\/nasimword.ir\/#\/schema\/person\/4c5a701cb6f5716f361e924d0581801e\"},\"breadcrumb\":{\"@id\":\"https:\/\/nasimword.ir\/?p=26258&lang=tr#breadcrumb\"},\"inLanguage\":\"fa-IR\",\"potentialAction\":[{\"@type\":\"ReadAction\",\"target\":[\"https:\/\/nasimword.ir\/?p=26258&lang=tr\"]}]},{\"@type\":\"BreadcrumbList\",\"@id\":\"https:\/\/nasimword.ir\/?p=26258&lang=tr#breadcrumb\",\"itemListElement\":[{\"@type\":\"ListItem\",\"position\":1,\"name\":\"\u062e\u0627\u0646\u0647\",\"item\":\"https:\/\/nasimword.ir\/\"},{\"@type\":\"ListItem\",\"position\":2,\"name\":\"Burcu Biricik g\u00fczel haberi b\u00f6yle duyurdu: \u00c7ok az kald\u0131\"}]},{\"@type\":\"Person\",\"@id\":\"https:\/\/nasimword.ir\/#\/schema\/person\/4c5a701cb6f5716f361e924d0581801e\",\"name\":\"somaye\",\"image\":{\"@type\":\"ImageObject\",\"@id\":\"https:\/\/nasimword.ir\/#personlogo\",\"inLanguage\":\"fa-IR\",\"url\":\"https:\/\/secure.gravatar.com\/avatar\/1969d108d4e14d828407b1c82e2f7dab?s=96&d=mm&r=g\",\"contentUrl\":\"https:\/\/secure.gravatar.com\/avatar\/1969d108d4e14d828407b1c82e2f7dab?s=96&d=mm&r=g\",\"caption\":\"somaye\"},\"url\":\"https:\/\/nasimword.ir\/?author=22\"}]}<\/script>\n<!-- \/ Yoast SEO plugin. -->","yoast_head_json":{"title":"Burcu Biricik g\u00fczel haberi b\u00f6yle duyurdu: \u00c7ok az kald\u0131 - Nasim Word","robots":{"index":"index","follow":"follow","max-snippet":"max-snippet:-1","max-image-preview":"max-image-preview:large","max-video-preview":"max-video-preview:-1"},"canonical":"https:\/\/nasimword.ir\/?p=26258&lang=tr","og_locale":"fa_IR","og_type":"article","og_title":"Burcu Biricik g\u00fczel haberi b\u00f6yle duyurdu: \u00c7ok az kald\u0131 - Nasim Word","og_description":"Bir s\u00fcredir ekranlara ara veren Burcu Biricik reklam filmiyle d\u00f6n\u00fcyor En son &#8220;8. g\u00fcn&#8221; dizisinde rol alan Burcu Biricik bir s\u00fcre ekranlara ara verdi. E\u015fiyle yurt d\u0131\u015f\u0131na tatile giden oyuncu bol bol dinlendi. Burcu Biricik, kendini \u00f6zletmemek i\u00e7in sosyal medya payla\u015f\u0131mlar\u0131yla hayranlar\u0131yla hasret gideriyor. Son olarak payla\u015ft\u0131\u011f\u0131 foto\u011fraf\u0131n alt\u0131na,&#8221;\u00c7ok az kald\u0131&#8221; diyerek m\u00fcjdeyi verdi.","og_url":"https:\/\/nasimword.ir\/?p=26258&lang=tr","og_site_name":"Nasim Word","article_published_time":"2018-10-10T15:03:55+00:00","og_image":[{"width":620,"height":350,"url":"https:\/\/nasimword.ir\/wp-content\/uploads\/2018\/10\/BBObcKf.jpg","type":"image\/jpeg"}],"twitter_card":"summary","twitter_misc":{"\u0646\u0648\u0634\u062a\u0647\u200c\u0634\u062f\u0647 \u0628\u062f\u0633\u062a":"somaye"},"schema":{"@context":"https:\/\/schema.org","@graph":[{"@type":"WebSite","@id":"https:\/\/nasimword.ir\/#website","url":"https:\/\/nasimword.ir\/","name":"Nasim Word","description":"\u067e\u0648\u0631\u062a\u0627\u0644 \u062e\u0628\u0631\u06cc \u0648 \u062a\u062d\u0644\u06cc\u0644\u06cc \u0646\u0633\u06cc\u0645","potentialAction":[{"@type":"SearchAction","target":{"@type":"EntryPoint","urlTemplate":"https:\/\/nasimword.ir\/?s={search_term_string}"},"query-input":"required name=search_term_string"}],"inLanguage":"fa-IR"},{"@type":"ImageObject","@id":"https:\/\/nasimword.ir\/?p=26258&lang=tr#primaryimage","inLanguage":"fa-IR","url":"https:\/\/nasimword.ir\/wp-content\/uploads\/2018\/10\/BBObcKf.jpg","contentUrl":"https:\/\/nasimword.ir\/wp-content\/uploads\/2018\/10\/BBObcKf.jpg","width":620,"height":350},{"@type":"WebPage","@id":"https:\/\/nasimword.ir\/?p=26258&lang=tr#webpage","url":"https:\/\/nasimword.ir\/?p=26258&lang=tr","name":"Burcu Biricik g\u00fczel haberi b\u00f6yle duyurdu: \u00c7ok az kald\u0131 - Nasim Word","isPartOf":{"@id":"https:\/\/nasimword.ir\/#website"},"primaryImageOfPage":{"@id":"https:\/\/nasimword.ir\/?p=26258&lang=tr#primaryimage"},"datePublished":"2018-10-10T15:03:55+00:00","dateModified":"2018-10-10T15:03:55+00:00","author":{"@id":"https:\/\/nasimword.ir\/#\/schema\/person\/4c5a701cb6f5716f361e924d0581801e"},"breadcrumb":{"@id":"https:\/\/nasimword.ir\/?p=26258&lang=tr#breadcrumb"},"inLanguage":"fa-IR","potentialAction":[{"@type":"ReadAction","target":["https:\/\/nasimword.ir\/?p=26258&lang=tr"]}]},{"@type":"BreadcrumbList","@id":"https:\/\/nasimword.ir\/?p=26258&lang=tr#breadcrumb","itemListElement":[{"@type":"ListItem","position":1,"name":"\u062e\u0627\u0646\u0647","item":"https:\/\/nasimword.ir\/"},{"@type":"ListItem","position":2,"name":"Burcu Biricik g\u00fczel haberi b\u00f6yle duyurdu: \u00c7ok az kald\u0131"}]},{"@type":"Person","@id":"https:\/\/nasimword.ir\/#\/schema\/person\/4c5a701cb6f5716f361e924d0581801e","name":"somaye","image":{"@type":"ImageObject","@id":"https:\/\/nasimword.ir\/#personlogo","inLanguage":"fa-IR","url":"https:\/\/secure.gravatar.com\/avatar\/1969d108d4e14d828407b1c82e2f7dab?s=96&d=mm&r=g","contentUrl":"https:\/\/secure.gravatar.com\/avatar\/1969d108d4e14d828407b1c82e2f7dab?s=96&d=mm&r=g","caption":"somaye"},"url":"https:\/\/nasimword.ir\/?author=22"}]}},"_links":{"self":[{"href":"https:\/\/nasimword.ir\/index.php?rest_route=\/wp\/v2\/posts\/26258"}],"collection":[{"href":"https:\/\/nasimword.ir\/index.php?rest_route=\/wp\/v2\/posts"}],"about":[{"href":"https:\/\/nasimword.ir\/index.php?rest_route=\/wp\/v2\/types\/post"}],"author":[{"embeddable":true,"href":"https:\/\/nasimword.ir\/index.php?rest_route=\/wp\/v2\/users\/22"}],"replies":[{"embeddable":true,"href":"https:\/\/nasimword.ir\/index.php?rest_route=%2Fwp%2Fv2%2Fcomments&post=26258"}],"version-history":[{"count":0,"href":"https:\/\/nasimword.ir\/index.php?rest_route=\/wp\/v2\/posts\/26258\/revisions"}],"wp:featuredmedia":[{"embeddable":true,"href":"https:\/\/nasimword.ir\/index.php?rest_route=\/wp\/v2\/media\/26259"}],"wp:attachment":[{"href":"https:\/\/nasimword.ir\/index.php?rest_route=%2Fwp%2Fv2%2Fmedia&parent=26258"}],"wp:term":[{"taxonomy":"category","embeddable":true,"href":"https:\/\/nasimword.ir\/index.php?rest_route=%2Fwp%2Fv2%2Fcategories&post=26258"},{"taxonomy":"post_tag","embeddable":true,"href":"https:\/\/nasimword.ir\/index.php?rest_route=%2Fwp%2Fv2%2Ftags&post=26258"}],"curies":[{"name":"wp","href":"https:\/\/api.w.org\/{rel}","templated":true}]}}