{"id":26319,"date":"2018-10-11T22:40:35","date_gmt":"2018-10-11T19:10:35","guid":{"rendered":"http:\/\/nasimword.ir\/?p=26319"},"modified":"2018-10-11T22:40:35","modified_gmt":"2018-10-11T19:10:35","slug":"aslihandan-reklam-imasi","status":"publish","type":"post","link":"https:\/\/nasimword.ir\/?p=26319&lang=tr","title":{"rendered":"Asl\u0131han&#8217;dan &#8216;reklam&#8217; imas\u0131"},"content":{"rendered":"<p dir=\"ltr\"><strong>Arda Turan ve Berkay aras\u0131nda ya\u015fanan kavgan\u0131n ard\u0131ndan \u00d6zlem Ada \u015eahin&#8217;in sabah\u0131n erken saatlerinde 8,5 ayl\u0131k hamile Asl\u0131han Do\u011fan&#8217;\u0131 arayarak olay\u0131 anlatt\u0131\u011f\u0131 iddia edildi.<\/strong><\/p>\n<p dir=\"ltr\"><img loading=\"lazy\" class=\"alignnone size-full wp-image-26320\" src=\"http:\/\/nasimword.ir\/wp-content\/uploads\/2018\/10\/BBOdWQu.jpg\" alt=\"BBOdWQu\" width=\"620\" height=\"350\" srcset=\"https:\/\/nasimword.ir\/wp-content\/uploads\/2018\/10\/BBOdWQu.jpg 620w, https:\/\/nasimword.ir\/wp-content\/uploads\/2018\/10\/BBOdWQu-300x169.jpg 300w\" sizes=\"(max-width: 620px) 100vw, 620px\" \/><\/p>\n<p dir=\"ltr\">\u015eahin&#8217;in yak\u0131n \u00e7evresinden yap\u0131lan a\u00e7\u0131klamada ise<em>\u00a0&#8216;\u00d6zlem, Asl\u0131han&#8217;\u0131 aramad\u0131. Aksine Asl\u0131han &#8216;olaylar\u0131 bir de senden dinlemek isterim&#8217;\u00a0<\/em><em>diyerek \u00d6zlem&#8217;i arad\u0131&#8217;<\/em>\u00a0denildi.<\/p>\n<p dir=\"ltr\">Bu geli\u015fmenin ard\u0131ndan Asl\u0131han Do\u011fan, teve2&#8217;de yay\u0131nlanan 2. Sayfa program\u0131n\u0131n sunucular\u0131ndan G\u00fcl\u015fen Y\u00fcksel Salt&#8217;a mesaj g\u00f6nderdi.<\/p>\n<p dir=\"ltr\">Do\u011fan, \u015funlar\u0131 s\u00f6yledi:<\/p>\n<p dir=\"ltr\"><em>&#8220;\u00d6zlem&#8217;in bende numaras\u0131 bile yok. \u00d6zlem bana mesaj att\u0131 &#8216;konu\u015fmam\u0131z laz\u0131m&#8217; dedi. Ben bir yerden sonra dinlemeyi b\u0131rakt\u0131m. &#8216;Bana bir m\u00fcsade \u00d6zlemcim, bana bu olay\u0131 kocam anlat\u0131r&#8217; dedim. Bana ba\u015fka bir \u015fey de anlatamad\u0131 zaten. \u00d6zlem&#8217;e sorar m\u0131s\u0131n\u0131z, kitab\u0131 ne zaman \u00e7\u0131k\u0131yor? Beni tan\u0131yorsunuz. Ben d\u00fcr\u00fcst bir insan\u0131m. &#8220;<\/em><\/p>\n","protected":false},"excerpt":{"rendered":"<p>Arda Turan ve Berkay aras\u0131nda ya\u015fanan kavgan\u0131n ard\u0131ndan \u00d6zlem Ada \u015eahin&#8217;in sabah\u0131n erken saatlerinde 8,5 ayl\u0131k hamile Asl\u0131han Do\u011fan&#8217;\u0131 arayarak olay\u0131 anlatt\u0131\u011f\u0131 iddia edildi. \u015eahin&#8217;in yak\u0131n \u00e7evresinden yap\u0131lan a\u00e7\u0131klamada ise\u00a0&#8216;\u00d6zlem, Asl\u0131han&#8217;\u0131 aramad\u0131. Aksine Asl\u0131han &#8216;olaylar\u0131 bir de senden dinlemek isterim&#8217;\u00a0diyerek \u00d6zlem&#8217;i arad\u0131&#8217;\u00a0denildi. Bu geli\u015fmenin ard\u0131ndan Asl\u0131han Do\u011fan, teve2&#8217;de yay\u0131nlanan 2. Sayfa program\u0131n\u0131n sunucular\u0131ndan G\u00fcl\u015fen Y\u00fcksel &hellip;<\/p>\n","protected":false},"author":22,"featured_media":26320,"comment_status":"open","ping_status":"open","sticky":false,"template":"","format":"standard","meta":[],"categories":[14058,5955,11183],"tags":[],"yoast_head":"<!-- This site is optimized with the Yoast SEO plugin v18.3 - https:\/\/yoast.com\/wordpress\/plugins\/seo\/ -->\n<title>Asl\u0131han&#039;dan &#039;reklam&#039; imas\u0131 - Nasim Word<\/title>\n<meta name=\"robots\" content=\"index, follow, max-snippet:-1, max-image-preview:large, max-video-preview:-1\" \/>\n<link rel=\"canonical\" href=\"https:\/\/nasimword.ir\/?p=26319&#038;lang=tr\" \/>\n<meta property=\"og:locale\" content=\"fa_IR\" \/>\n<meta property=\"og:type\" content=\"article\" \/>\n<meta property=\"og:title\" content=\"Asl\u0131han&#039;dan &#039;reklam&#039; imas\u0131 - Nasim Word\" \/>\n<meta property=\"og:description\" content=\"Arda Turan ve Berkay aras\u0131nda ya\u015fanan kavgan\u0131n ard\u0131ndan \u00d6zlem Ada \u015eahin&#8217;in sabah\u0131n erken saatlerinde 8,5 ayl\u0131k hamile Asl\u0131han Do\u011fan&#8217;\u0131 arayarak olay\u0131 anlatt\u0131\u011f\u0131 iddia edildi. \u015eahin&#8217;in yak\u0131n \u00e7evresinden yap\u0131lan a\u00e7\u0131klamada ise\u00a0&#8216;\u00d6zlem, Asl\u0131han&#8217;\u0131 aramad\u0131. Aksine Asl\u0131han &#8216;olaylar\u0131 bir de senden dinlemek isterim&#8217;\u00a0diyerek \u00d6zlem&#8217;i arad\u0131&#8217;\u00a0denildi. Bu geli\u015fmenin ard\u0131ndan Asl\u0131han Do\u011fan, teve2&#8217;de yay\u0131nlanan 2. Sayfa program\u0131n\u0131n sunucular\u0131ndan G\u00fcl\u015fen Y\u00fcksel &hellip;\" \/>\n<meta property=\"og:url\" content=\"https:\/\/nasimword.ir\/?p=26319&amp;lang=tr\" \/>\n<meta property=\"og:site_name\" content=\"Nasim Word\" \/>\n<meta property=\"article:published_time\" content=\"2018-10-11T19:10:35+00:00\" \/>\n<meta property=\"og:image\" content=\"https:\/\/nasimword.ir\/wp-content\/uploads\/2018\/10\/BBOdWQu.jpg\" \/>\n\t<meta property=\"og:image:width\" content=\"620\" \/>\n\t<meta property=\"og:image:height\" content=\"350\" \/>\n\t<meta property=\"og:image:type\" content=\"image\/jpeg\" \/>\n<meta name=\"twitter:card\" content=\"summary\" \/>\n<meta name=\"twitter:label1\" content=\"\u0646\u0648\u0634\u062a\u0647\u200c\u0634\u062f\u0647 \u0628\u062f\u0633\u062a\" \/>\n\t<meta name=\"twitter:data1\" content=\"somaye\" \/>\n\t<meta name=\"twitter:label2\" content=\"\u0632\u0645\u0627\u0646 \u062a\u0642\u0631\u06cc\u0628\u06cc \u0628\u0631\u0627\u06cc \u062e\u0648\u0627\u0646\u062f\u0646\" \/>\n\t<meta name=\"twitter:data2\" content=\"1 \u062f\u0642\u06cc\u0642\u0647\" \/>\n<script type=\"application\/ld+json\" class=\"yoast-schema-graph\">{\"@context\":\"https:\/\/schema.org\",\"@graph\":[{\"@type\":\"WebSite\",\"@id\":\"https:\/\/nasimword.ir\/#website\",\"url\":\"https:\/\/nasimword.ir\/\",\"name\":\"Nasim Word\",\"description\":\"\u067e\u0648\u0631\u062a\u0627\u0644 \u062e\u0628\u0631\u06cc \u0648 \u062a\u062d\u0644\u06cc\u0644\u06cc \u0646\u0633\u06cc\u0645\",\"potentialAction\":[{\"@type\":\"SearchAction\",\"target\":{\"@type\":\"EntryPoint\",\"urlTemplate\":\"https:\/\/nasimword.ir\/?s={search_term_string}\"},\"query-input\":\"required name=search_term_string\"}],\"inLanguage\":\"fa-IR\"},{\"@type\":\"ImageObject\",\"@id\":\"https:\/\/nasimword.ir\/?p=26319&lang=tr#primaryimage\",\"inLanguage\":\"fa-IR\",\"url\":\"https:\/\/nasimword.ir\/wp-content\/uploads\/2018\/10\/BBOdWQu.jpg\",\"contentUrl\":\"https:\/\/nasimword.ir\/wp-content\/uploads\/2018\/10\/BBOdWQu.jpg\",\"width\":620,\"height\":350},{\"@type\":\"WebPage\",\"@id\":\"https:\/\/nasimword.ir\/?p=26319&lang=tr#webpage\",\"url\":\"https:\/\/nasimword.ir\/?p=26319&lang=tr\",\"name\":\"Asl\u0131han'dan 'reklam' imas\u0131 - Nasim Word\",\"isPartOf\":{\"@id\":\"https:\/\/nasimword.ir\/#website\"},\"primaryImageOfPage\":{\"@id\":\"https:\/\/nasimword.ir\/?p=26319&lang=tr#primaryimage\"},\"datePublished\":\"2018-10-11T19:10:35+00:00\",\"dateModified\":\"2018-10-11T19:10:35+00:00\",\"author\":{\"@id\":\"https:\/\/nasimword.ir\/#\/schema\/person\/4c5a701cb6f5716f361e924d0581801e\"},\"breadcrumb\":{\"@id\":\"https:\/\/nasimword.ir\/?p=26319&lang=tr#breadcrumb\"},\"inLanguage\":\"fa-IR\",\"potentialAction\":[{\"@type\":\"ReadAction\",\"target\":[\"https:\/\/nasimword.ir\/?p=26319&lang=tr\"]}]},{\"@type\":\"BreadcrumbList\",\"@id\":\"https:\/\/nasimword.ir\/?p=26319&lang=tr#breadcrumb\",\"itemListElement\":[{\"@type\":\"ListItem\",\"position\":1,\"name\":\"\u062e\u0627\u0646\u0647\",\"item\":\"https:\/\/nasimword.ir\/\"},{\"@type\":\"ListItem\",\"position\":2,\"name\":\"Asl\u0131han&#8217;dan &#8216;reklam&#8217; imas\u0131\"}]},{\"@type\":\"Person\",\"@id\":\"https:\/\/nasimword.ir\/#\/schema\/person\/4c5a701cb6f5716f361e924d0581801e\",\"name\":\"somaye\",\"image\":{\"@type\":\"ImageObject\",\"@id\":\"https:\/\/nasimword.ir\/#personlogo\",\"inLanguage\":\"fa-IR\",\"url\":\"https:\/\/secure.gravatar.com\/avatar\/1969d108d4e14d828407b1c82e2f7dab?s=96&d=mm&r=g\",\"contentUrl\":\"https:\/\/secure.gravatar.com\/avatar\/1969d108d4e14d828407b1c82e2f7dab?s=96&d=mm&r=g\",\"caption\":\"somaye\"},\"url\":\"https:\/\/nasimword.ir\/?author=22\"}]}<\/script>\n<!-- \/ Yoast SEO plugin. -->","yoast_head_json":{"title":"Asl\u0131han'dan 'reklam' imas\u0131 - Nasim Word","robots":{"index":"index","follow":"follow","max-snippet":"max-snippet:-1","max-image-preview":"max-image-preview:large","max-video-preview":"max-video-preview:-1"},"canonical":"https:\/\/nasimword.ir\/?p=26319&lang=tr","og_locale":"fa_IR","og_type":"article","og_title":"Asl\u0131han'dan 'reklam' imas\u0131 - Nasim Word","og_description":"Arda Turan ve Berkay aras\u0131nda ya\u015fanan kavgan\u0131n ard\u0131ndan \u00d6zlem Ada \u015eahin&#8217;in sabah\u0131n erken saatlerinde 8,5 ayl\u0131k hamile Asl\u0131han Do\u011fan&#8217;\u0131 arayarak olay\u0131 anlatt\u0131\u011f\u0131 iddia edildi. \u015eahin&#8217;in yak\u0131n \u00e7evresinden yap\u0131lan a\u00e7\u0131klamada ise\u00a0&#8216;\u00d6zlem, Asl\u0131han&#8217;\u0131 aramad\u0131. Aksine Asl\u0131han &#8216;olaylar\u0131 bir de senden dinlemek isterim&#8217;\u00a0diyerek \u00d6zlem&#8217;i arad\u0131&#8217;\u00a0denildi. Bu geli\u015fmenin ard\u0131ndan Asl\u0131han Do\u011fan, teve2&#8217;de yay\u0131nlanan 2. Sayfa program\u0131n\u0131n sunucular\u0131ndan G\u00fcl\u015fen Y\u00fcksel &hellip;","og_url":"https:\/\/nasimword.ir\/?p=26319&lang=tr","og_site_name":"Nasim Word","article_published_time":"2018-10-11T19:10:35+00:00","og_image":[{"width":620,"height":350,"url":"https:\/\/nasimword.ir\/wp-content\/uploads\/2018\/10\/BBOdWQu.jpg","type":"image\/jpeg"}],"twitter_card":"summary","twitter_misc":{"\u0646\u0648\u0634\u062a\u0647\u200c\u0634\u062f\u0647 \u0628\u062f\u0633\u062a":"somaye","\u0632\u0645\u0627\u0646 \u062a\u0642\u0631\u06cc\u0628\u06cc \u0628\u0631\u0627\u06cc \u062e\u0648\u0627\u0646\u062f\u0646":"1 \u062f\u0642\u06cc\u0642\u0647"},"schema":{"@context":"https:\/\/schema.org","@graph":[{"@type":"WebSite","@id":"https:\/\/nasimword.ir\/#website","url":"https:\/\/nasimword.ir\/","name":"Nasim Word","description":"\u067e\u0648\u0631\u062a\u0627\u0644 \u062e\u0628\u0631\u06cc \u0648 \u062a\u062d\u0644\u06cc\u0644\u06cc \u0646\u0633\u06cc\u0645","potentialAction":[{"@type":"SearchAction","target":{"@type":"EntryPoint","urlTemplate":"https:\/\/nasimword.ir\/?s={search_term_string}"},"query-input":"required name=search_term_string"}],"inLanguage":"fa-IR"},{"@type":"ImageObject","@id":"https:\/\/nasimword.ir\/?p=26319&lang=tr#primaryimage","inLanguage":"fa-IR","url":"https:\/\/nasimword.ir\/wp-content\/uploads\/2018\/10\/BBOdWQu.jpg","contentUrl":"https:\/\/nasimword.ir\/wp-content\/uploads\/2018\/10\/BBOdWQu.jpg","width":620,"height":350},{"@type":"WebPage","@id":"https:\/\/nasimword.ir\/?p=26319&lang=tr#webpage","url":"https:\/\/nasimword.ir\/?p=26319&lang=tr","name":"Asl\u0131han'dan 'reklam' imas\u0131 - Nasim Word","isPartOf":{"@id":"https:\/\/nasimword.ir\/#website"},"primaryImageOfPage":{"@id":"https:\/\/nasimword.ir\/?p=26319&lang=tr#primaryimage"},"datePublished":"2018-10-11T19:10:35+00:00","dateModified":"2018-10-11T19:10:35+00:00","author":{"@id":"https:\/\/nasimword.ir\/#\/schema\/person\/4c5a701cb6f5716f361e924d0581801e"},"breadcrumb":{"@id":"https:\/\/nasimword.ir\/?p=26319&lang=tr#breadcrumb"},"inLanguage":"fa-IR","potentialAction":[{"@type":"ReadAction","target":["https:\/\/nasimword.ir\/?p=26319&lang=tr"]}]},{"@type":"BreadcrumbList","@id":"https:\/\/nasimword.ir\/?p=26319&lang=tr#breadcrumb","itemListElement":[{"@type":"ListItem","position":1,"name":"\u062e\u0627\u0646\u0647","item":"https:\/\/nasimword.ir\/"},{"@type":"ListItem","position":2,"name":"Asl\u0131han&#8217;dan &#8216;reklam&#8217; imas\u0131"}]},{"@type":"Person","@id":"https:\/\/nasimword.ir\/#\/schema\/person\/4c5a701cb6f5716f361e924d0581801e","name":"somaye","image":{"@type":"ImageObject","@id":"https:\/\/nasimword.ir\/#personlogo","inLanguage":"fa-IR","url":"https:\/\/secure.gravatar.com\/avatar\/1969d108d4e14d828407b1c82e2f7dab?s=96&d=mm&r=g","contentUrl":"https:\/\/secure.gravatar.com\/avatar\/1969d108d4e14d828407b1c82e2f7dab?s=96&d=mm&r=g","caption":"somaye"},"url":"https:\/\/nasimword.ir\/?author=22"}]}},"_links":{"self":[{"href":"https:\/\/nasimword.ir\/index.php?rest_route=\/wp\/v2\/posts\/26319"}],"collection":[{"href":"https:\/\/nasimword.ir\/index.php?rest_route=\/wp\/v2\/posts"}],"about":[{"href":"https:\/\/nasimword.ir\/index.php?rest_route=\/wp\/v2\/types\/post"}],"author":[{"embeddable":true,"href":"https:\/\/nasimword.ir\/index.php?rest_route=\/wp\/v2\/users\/22"}],"replies":[{"embeddable":true,"href":"https:\/\/nasimword.ir\/index.php?rest_route=%2Fwp%2Fv2%2Fcomments&post=26319"}],"version-history":[{"count":0,"href":"https:\/\/nasimword.ir\/index.php?rest_route=\/wp\/v2\/posts\/26319\/revisions"}],"wp:featuredmedia":[{"embeddable":true,"href":"https:\/\/nasimword.ir\/index.php?rest_route=\/wp\/v2\/media\/26320"}],"wp:attachment":[{"href":"https:\/\/nasimword.ir\/index.php?rest_route=%2Fwp%2Fv2%2Fmedia&parent=26319"}],"wp:term":[{"taxonomy":"category","embeddable":true,"href":"https:\/\/nasimword.ir\/index.php?rest_route=%2Fwp%2Fv2%2Fcategories&post=26319"},{"taxonomy":"post_tag","embeddable":true,"href":"https:\/\/nasimword.ir\/index.php?rest_route=%2Fwp%2Fv2%2Ftags&post=26319"}],"curies":[{"name":"wp","href":"https:\/\/api.w.org\/{rel}","templated":true}]}}