{"id":28738,"date":"2018-11-27T22:31:21","date_gmt":"2018-11-27T19:01:21","guid":{"rendered":"http:\/\/nasimword.ir\/?p=28738"},"modified":"2018-11-27T22:31:21","modified_gmt":"2018-11-27T19:01:21","slug":"cagatay-ulusoydan-seyma-subasi-aciklamasi","status":"publish","type":"post","link":"https:\/\/nasimword.ir\/?p=28738&lang=tr","title":{"rendered":"\u00c7a\u011fatay Ulusoy&#8217;dan \u015eeyma Suba\u015f\u0131 a\u00e7\u0131klamas\u0131"},"content":{"rendered":"<p dir=\"ltr\"><strong>&#8220;Yak\u0131\u015f\u0131ks\u0131z, as\u0131ls\u0131z ve anlams\u0131z&#8230;&#8221;<\/strong><\/p>\n<p dir=\"ltr\"><img loading=\"lazy\" class=\"alignnone size-full wp-image-28739\" src=\"http:\/\/nasimword.ir\/wp-content\/uploads\/2018\/11\/BBQ9xXM.jpg\" alt=\"\" width=\"620\" height=\"310\" srcset=\"https:\/\/nasimword.ir\/wp-content\/uploads\/2018\/11\/BBQ9xXM.jpg 620w, https:\/\/nasimword.ir\/wp-content\/uploads\/2018\/11\/BBQ9xXM-300x150.jpg 300w\" sizes=\"(max-width: 620px) 100vw, 620px\" \/><\/p>\n<p dir=\"ltr\">Oyuncu\u00a0<strong>\u00c7a\u011fatay Ulusoy<\/strong>, yap\u0131mc\u0131\u00a0<strong>Acun Il\u0131cal\u0131\u2019<\/strong>dan bo\u015fanan\u00a0<strong>\u015eeyma Suba\u015f\u0131\u00a0<\/strong>ile birlikte oldu\u011funa dair iddialar\u0131 yalanlad\u0131.<\/p>\n<p dir=\"ltr\">\u015eeyma Suba\u015f\u0131 ile Acun Il\u0131cal\u0131\u2019n\u0131n bo\u015fanmas\u0131n\u0131n ard\u0131ndan \u00c7a\u011fatay Ulusoy, sosyal medyada dola\u015fan iddialar\u0131 yalanlad\u0131.<\/p>\n<p dir=\"ltr\">Ulusoy, Instagram hesab\u0131nda yapt\u0131\u011f\u0131 payla\u015f\u0131mda \u201cHem Acun Abi hem de \u015eeyma arkada\u015flar\u0131md\u0131r. Birka\u00e7 g\u00fcnd\u00fcr devam eden \u00e7irkin, yak\u0131\u015f\u0131ks\u0131z, as\u0131ls\u0131z ve anlams\u0131z iftiralar\u0131n son bulmas\u0131n\u0131 dilerim\u201d diye yazd\u0131.<\/p>\n<p dir=\"ltr\">\u015eeyma Suba\u015f\u0131 da Ulusoy ile beraber olduklar\u0131na y\u00f6nelik iddialar hakk\u0131nda a\u00e7\u0131klama yapm\u0131\u015f ve\u00a0\u201c\u00c7a\u011fatay Ulusoy ile olan arkada\u015fl\u0131\u011f\u0131m yak\u0131n \u00e7evrem taraf\u0131ndan gayet iyi bilinir, bu arkada\u015fl\u0131\u011f\u0131n ba\u015fka tarafa \u00e7ekilme \u00e7abas\u0131 son derece \u00e7irkindir\u201d demi\u015fti.<\/p>\n<p dir=\"ltr\">\n","protected":false},"excerpt":{"rendered":"<p>&#8220;Yak\u0131\u015f\u0131ks\u0131z, as\u0131ls\u0131z ve anlams\u0131z&#8230;&#8221; Oyuncu\u00a0\u00c7a\u011fatay Ulusoy, yap\u0131mc\u0131\u00a0Acun Il\u0131cal\u0131\u2019dan bo\u015fanan\u00a0\u015eeyma Suba\u015f\u0131\u00a0ile birlikte oldu\u011funa dair iddialar\u0131 yalanlad\u0131. \u015eeyma Suba\u015f\u0131 ile Acun Il\u0131cal\u0131\u2019n\u0131n bo\u015fanmas\u0131n\u0131n ard\u0131ndan \u00c7a\u011fatay Ulusoy, sosyal medyada dola\u015fan iddialar\u0131 yalanlad\u0131. Ulusoy, Instagram hesab\u0131nda yapt\u0131\u011f\u0131 payla\u015f\u0131mda \u201cHem Acun Abi hem de \u015eeyma arkada\u015flar\u0131md\u0131r. Birka\u00e7 g\u00fcnd\u00fcr devam eden \u00e7irkin, yak\u0131\u015f\u0131ks\u0131z, as\u0131ls\u0131z ve anlams\u0131z iftiralar\u0131n son bulmas\u0131n\u0131 dilerim\u201d diye &hellip;<\/p>\n","protected":false},"author":22,"featured_media":28739,"comment_status":"open","ping_status":"open","sticky":false,"template":"","format":"standard","meta":[],"categories":[14058,5955,11183],"tags":[],"yoast_head":"<!-- This site is optimized with the Yoast SEO plugin v18.3 - https:\/\/yoast.com\/wordpress\/plugins\/seo\/ -->\n<title>\u00c7a\u011fatay Ulusoy&#039;dan \u015eeyma Suba\u015f\u0131 a\u00e7\u0131klamas\u0131 - Nasim Word<\/title>\n<meta name=\"robots\" content=\"index, follow, max-snippet:-1, max-image-preview:large, max-video-preview:-1\" \/>\n<link rel=\"canonical\" href=\"https:\/\/nasimword.ir\/?p=28738&#038;lang=tr\" \/>\n<meta property=\"og:locale\" content=\"fa_IR\" \/>\n<meta property=\"og:type\" content=\"article\" \/>\n<meta property=\"og:title\" content=\"\u00c7a\u011fatay Ulusoy&#039;dan \u015eeyma Suba\u015f\u0131 a\u00e7\u0131klamas\u0131 - Nasim Word\" \/>\n<meta property=\"og:description\" content=\"&#8220;Yak\u0131\u015f\u0131ks\u0131z, as\u0131ls\u0131z ve anlams\u0131z&#8230;&#8221; Oyuncu\u00a0\u00c7a\u011fatay Ulusoy, yap\u0131mc\u0131\u00a0Acun Il\u0131cal\u0131\u2019dan bo\u015fanan\u00a0\u015eeyma Suba\u015f\u0131\u00a0ile birlikte oldu\u011funa dair iddialar\u0131 yalanlad\u0131. \u015eeyma Suba\u015f\u0131 ile Acun Il\u0131cal\u0131\u2019n\u0131n bo\u015fanmas\u0131n\u0131n ard\u0131ndan \u00c7a\u011fatay Ulusoy, sosyal medyada dola\u015fan iddialar\u0131 yalanlad\u0131. Ulusoy, Instagram hesab\u0131nda yapt\u0131\u011f\u0131 payla\u015f\u0131mda \u201cHem Acun Abi hem de \u015eeyma arkada\u015flar\u0131md\u0131r. Birka\u00e7 g\u00fcnd\u00fcr devam eden \u00e7irkin, yak\u0131\u015f\u0131ks\u0131z, as\u0131ls\u0131z ve anlams\u0131z iftiralar\u0131n son bulmas\u0131n\u0131 dilerim\u201d diye &hellip;\" \/>\n<meta property=\"og:url\" content=\"https:\/\/nasimword.ir\/?p=28738&amp;lang=tr\" \/>\n<meta property=\"og:site_name\" content=\"Nasim Word\" \/>\n<meta property=\"article:published_time\" content=\"2018-11-27T19:01:21+00:00\" \/>\n<meta property=\"og:image\" content=\"https:\/\/nasimword.ir\/wp-content\/uploads\/2018\/11\/BBQ9xXM.jpg\" \/>\n\t<meta property=\"og:image:width\" content=\"620\" \/>\n\t<meta property=\"og:image:height\" content=\"310\" \/>\n\t<meta property=\"og:image:type\" content=\"image\/jpeg\" \/>\n<meta name=\"twitter:card\" content=\"summary\" \/>\n<meta name=\"twitter:label1\" content=\"\u0646\u0648\u0634\u062a\u0647\u200c\u0634\u062f\u0647 \u0628\u062f\u0633\u062a\" \/>\n\t<meta name=\"twitter:data1\" content=\"somaye\" \/>\n\t<meta name=\"twitter:label2\" content=\"\u0632\u0645\u0627\u0646 \u062a\u0642\u0631\u06cc\u0628\u06cc \u0628\u0631\u0627\u06cc \u062e\u0648\u0627\u0646\u062f\u0646\" \/>\n\t<meta name=\"twitter:data2\" content=\"1 \u062f\u0642\u06cc\u0642\u0647\" \/>\n<script type=\"application\/ld+json\" class=\"yoast-schema-graph\">{\"@context\":\"https:\/\/schema.org\",\"@graph\":[{\"@type\":\"WebSite\",\"@id\":\"https:\/\/nasimword.ir\/#website\",\"url\":\"https:\/\/nasimword.ir\/\",\"name\":\"Nasim Word\",\"description\":\"\u067e\u0648\u0631\u062a\u0627\u0644 \u062e\u0628\u0631\u06cc \u0648 \u062a\u062d\u0644\u06cc\u0644\u06cc \u0646\u0633\u06cc\u0645\",\"potentialAction\":[{\"@type\":\"SearchAction\",\"target\":{\"@type\":\"EntryPoint\",\"urlTemplate\":\"https:\/\/nasimword.ir\/?s={search_term_string}\"},\"query-input\":\"required name=search_term_string\"}],\"inLanguage\":\"fa-IR\"},{\"@type\":\"ImageObject\",\"@id\":\"https:\/\/nasimword.ir\/?p=28738&lang=tr#primaryimage\",\"inLanguage\":\"fa-IR\",\"url\":\"https:\/\/nasimword.ir\/wp-content\/uploads\/2018\/11\/BBQ9xXM.jpg\",\"contentUrl\":\"https:\/\/nasimword.ir\/wp-content\/uploads\/2018\/11\/BBQ9xXM.jpg\",\"width\":620,\"height\":310},{\"@type\":\"WebPage\",\"@id\":\"https:\/\/nasimword.ir\/?p=28738&lang=tr#webpage\",\"url\":\"https:\/\/nasimword.ir\/?p=28738&lang=tr\",\"name\":\"\u00c7a\u011fatay Ulusoy'dan \u015eeyma Suba\u015f\u0131 a\u00e7\u0131klamas\u0131 - Nasim Word\",\"isPartOf\":{\"@id\":\"https:\/\/nasimword.ir\/#website\"},\"primaryImageOfPage\":{\"@id\":\"https:\/\/nasimword.ir\/?p=28738&lang=tr#primaryimage\"},\"datePublished\":\"2018-11-27T19:01:21+00:00\",\"dateModified\":\"2018-11-27T19:01:21+00:00\",\"author\":{\"@id\":\"https:\/\/nasimword.ir\/#\/schema\/person\/4c5a701cb6f5716f361e924d0581801e\"},\"breadcrumb\":{\"@id\":\"https:\/\/nasimword.ir\/?p=28738&lang=tr#breadcrumb\"},\"inLanguage\":\"fa-IR\",\"potentialAction\":[{\"@type\":\"ReadAction\",\"target\":[\"https:\/\/nasimword.ir\/?p=28738&lang=tr\"]}]},{\"@type\":\"BreadcrumbList\",\"@id\":\"https:\/\/nasimword.ir\/?p=28738&lang=tr#breadcrumb\",\"itemListElement\":[{\"@type\":\"ListItem\",\"position\":1,\"name\":\"\u062e\u0627\u0646\u0647\",\"item\":\"https:\/\/nasimword.ir\/\"},{\"@type\":\"ListItem\",\"position\":2,\"name\":\"\u00c7a\u011fatay Ulusoy&#8217;dan \u015eeyma Suba\u015f\u0131 a\u00e7\u0131klamas\u0131\"}]},{\"@type\":\"Person\",\"@id\":\"https:\/\/nasimword.ir\/#\/schema\/person\/4c5a701cb6f5716f361e924d0581801e\",\"name\":\"somaye\",\"image\":{\"@type\":\"ImageObject\",\"@id\":\"https:\/\/nasimword.ir\/#personlogo\",\"inLanguage\":\"fa-IR\",\"url\":\"https:\/\/secure.gravatar.com\/avatar\/1969d108d4e14d828407b1c82e2f7dab?s=96&d=mm&r=g\",\"contentUrl\":\"https:\/\/secure.gravatar.com\/avatar\/1969d108d4e14d828407b1c82e2f7dab?s=96&d=mm&r=g\",\"caption\":\"somaye\"},\"url\":\"https:\/\/nasimword.ir\/?author=22\"}]}<\/script>\n<!-- \/ Yoast SEO plugin. -->","yoast_head_json":{"title":"\u00c7a\u011fatay Ulusoy'dan \u015eeyma Suba\u015f\u0131 a\u00e7\u0131klamas\u0131 - Nasim Word","robots":{"index":"index","follow":"follow","max-snippet":"max-snippet:-1","max-image-preview":"max-image-preview:large","max-video-preview":"max-video-preview:-1"},"canonical":"https:\/\/nasimword.ir\/?p=28738&lang=tr","og_locale":"fa_IR","og_type":"article","og_title":"\u00c7a\u011fatay Ulusoy'dan \u015eeyma Suba\u015f\u0131 a\u00e7\u0131klamas\u0131 - Nasim Word","og_description":"&#8220;Yak\u0131\u015f\u0131ks\u0131z, as\u0131ls\u0131z ve anlams\u0131z&#8230;&#8221; Oyuncu\u00a0\u00c7a\u011fatay Ulusoy, yap\u0131mc\u0131\u00a0Acun Il\u0131cal\u0131\u2019dan bo\u015fanan\u00a0\u015eeyma Suba\u015f\u0131\u00a0ile birlikte oldu\u011funa dair iddialar\u0131 yalanlad\u0131. \u015eeyma Suba\u015f\u0131 ile Acun Il\u0131cal\u0131\u2019n\u0131n bo\u015fanmas\u0131n\u0131n ard\u0131ndan \u00c7a\u011fatay Ulusoy, sosyal medyada dola\u015fan iddialar\u0131 yalanlad\u0131. Ulusoy, Instagram hesab\u0131nda yapt\u0131\u011f\u0131 payla\u015f\u0131mda \u201cHem Acun Abi hem de \u015eeyma arkada\u015flar\u0131md\u0131r. Birka\u00e7 g\u00fcnd\u00fcr devam eden \u00e7irkin, yak\u0131\u015f\u0131ks\u0131z, as\u0131ls\u0131z ve anlams\u0131z iftiralar\u0131n son bulmas\u0131n\u0131 dilerim\u201d diye &hellip;","og_url":"https:\/\/nasimword.ir\/?p=28738&lang=tr","og_site_name":"Nasim Word","article_published_time":"2018-11-27T19:01:21+00:00","og_image":[{"width":620,"height":310,"url":"https:\/\/nasimword.ir\/wp-content\/uploads\/2018\/11\/BBQ9xXM.jpg","type":"image\/jpeg"}],"twitter_card":"summary","twitter_misc":{"\u0646\u0648\u0634\u062a\u0647\u200c\u0634\u062f\u0647 \u0628\u062f\u0633\u062a":"somaye","\u0632\u0645\u0627\u0646 \u062a\u0642\u0631\u06cc\u0628\u06cc \u0628\u0631\u0627\u06cc \u062e\u0648\u0627\u0646\u062f\u0646":"1 \u062f\u0642\u06cc\u0642\u0647"},"schema":{"@context":"https:\/\/schema.org","@graph":[{"@type":"WebSite","@id":"https:\/\/nasimword.ir\/#website","url":"https:\/\/nasimword.ir\/","name":"Nasim Word","description":"\u067e\u0648\u0631\u062a\u0627\u0644 \u062e\u0628\u0631\u06cc \u0648 \u062a\u062d\u0644\u06cc\u0644\u06cc \u0646\u0633\u06cc\u0645","potentialAction":[{"@type":"SearchAction","target":{"@type":"EntryPoint","urlTemplate":"https:\/\/nasimword.ir\/?s={search_term_string}"},"query-input":"required name=search_term_string"}],"inLanguage":"fa-IR"},{"@type":"ImageObject","@id":"https:\/\/nasimword.ir\/?p=28738&lang=tr#primaryimage","inLanguage":"fa-IR","url":"https:\/\/nasimword.ir\/wp-content\/uploads\/2018\/11\/BBQ9xXM.jpg","contentUrl":"https:\/\/nasimword.ir\/wp-content\/uploads\/2018\/11\/BBQ9xXM.jpg","width":620,"height":310},{"@type":"WebPage","@id":"https:\/\/nasimword.ir\/?p=28738&lang=tr#webpage","url":"https:\/\/nasimword.ir\/?p=28738&lang=tr","name":"\u00c7a\u011fatay Ulusoy'dan \u015eeyma Suba\u015f\u0131 a\u00e7\u0131klamas\u0131 - Nasim Word","isPartOf":{"@id":"https:\/\/nasimword.ir\/#website"},"primaryImageOfPage":{"@id":"https:\/\/nasimword.ir\/?p=28738&lang=tr#primaryimage"},"datePublished":"2018-11-27T19:01:21+00:00","dateModified":"2018-11-27T19:01:21+00:00","author":{"@id":"https:\/\/nasimword.ir\/#\/schema\/person\/4c5a701cb6f5716f361e924d0581801e"},"breadcrumb":{"@id":"https:\/\/nasimword.ir\/?p=28738&lang=tr#breadcrumb"},"inLanguage":"fa-IR","potentialAction":[{"@type":"ReadAction","target":["https:\/\/nasimword.ir\/?p=28738&lang=tr"]}]},{"@type":"BreadcrumbList","@id":"https:\/\/nasimword.ir\/?p=28738&lang=tr#breadcrumb","itemListElement":[{"@type":"ListItem","position":1,"name":"\u062e\u0627\u0646\u0647","item":"https:\/\/nasimword.ir\/"},{"@type":"ListItem","position":2,"name":"\u00c7a\u011fatay Ulusoy&#8217;dan \u015eeyma Suba\u015f\u0131 a\u00e7\u0131klamas\u0131"}]},{"@type":"Person","@id":"https:\/\/nasimword.ir\/#\/schema\/person\/4c5a701cb6f5716f361e924d0581801e","name":"somaye","image":{"@type":"ImageObject","@id":"https:\/\/nasimword.ir\/#personlogo","inLanguage":"fa-IR","url":"https:\/\/secure.gravatar.com\/avatar\/1969d108d4e14d828407b1c82e2f7dab?s=96&d=mm&r=g","contentUrl":"https:\/\/secure.gravatar.com\/avatar\/1969d108d4e14d828407b1c82e2f7dab?s=96&d=mm&r=g","caption":"somaye"},"url":"https:\/\/nasimword.ir\/?author=22"}]}},"_links":{"self":[{"href":"https:\/\/nasimword.ir\/index.php?rest_route=\/wp\/v2\/posts\/28738"}],"collection":[{"href":"https:\/\/nasimword.ir\/index.php?rest_route=\/wp\/v2\/posts"}],"about":[{"href":"https:\/\/nasimword.ir\/index.php?rest_route=\/wp\/v2\/types\/post"}],"author":[{"embeddable":true,"href":"https:\/\/nasimword.ir\/index.php?rest_route=\/wp\/v2\/users\/22"}],"replies":[{"embeddable":true,"href":"https:\/\/nasimword.ir\/index.php?rest_route=%2Fwp%2Fv2%2Fcomments&post=28738"}],"version-history":[{"count":0,"href":"https:\/\/nasimword.ir\/index.php?rest_route=\/wp\/v2\/posts\/28738\/revisions"}],"wp:featuredmedia":[{"embeddable":true,"href":"https:\/\/nasimword.ir\/index.php?rest_route=\/wp\/v2\/media\/28739"}],"wp:attachment":[{"href":"https:\/\/nasimword.ir\/index.php?rest_route=%2Fwp%2Fv2%2Fmedia&parent=28738"}],"wp:term":[{"taxonomy":"category","embeddable":true,"href":"https:\/\/nasimword.ir\/index.php?rest_route=%2Fwp%2Fv2%2Fcategories&post=28738"},{"taxonomy":"post_tag","embeddable":true,"href":"https:\/\/nasimword.ir\/index.php?rest_route=%2Fwp%2Fv2%2Ftags&post=28738"}],"curies":[{"name":"wp","href":"https:\/\/api.w.org\/{rel}","templated":true}]}}