{"id":28750,"date":"2018-11-27T22:38:25","date_gmt":"2018-11-27T19:08:25","guid":{"rendered":"http:\/\/nasimword.ir\/?p=28750"},"modified":"2018-11-27T22:38:25","modified_gmt":"2018-11-27T19:08:25","slug":"seyma-subasi-istanbulu-terk-etti","status":"publish","type":"post","link":"https:\/\/nasimword.ir\/?p=28750&lang=tr","title":{"rendered":"\u015eeyma Suba\u015f\u0131 \u0130stanbul\u2019u terk etti"},"content":{"rendered":"<p dir=\"ltr\"><strong>\u015eeyma Suba\u015f\u0131 bo\u015fanma davas\u0131ndan sadece bir g\u00fcn sonra \u0130stanbul&#8217;u terk etti<\/strong><\/p>\n<p dir=\"ltr\"><img loading=\"lazy\" class=\"alignnone size-full wp-image-28751\" src=\"http:\/\/nasimword.ir\/wp-content\/uploads\/2018\/11\/5bfd2bd767b0a80e80d14792.jpg\" alt=\"\" width=\"700\" height=\"395\" srcset=\"https:\/\/nasimword.ir\/wp-content\/uploads\/2018\/11\/5bfd2bd767b0a80e80d14792.jpg 700w, https:\/\/nasimword.ir\/wp-content\/uploads\/2018\/11\/5bfd2bd767b0a80e80d14792-300x169.jpg 300w\" sizes=\"(max-width: 700px) 100vw, 700px\" \/><\/p>\n<p dir=\"ltr\">Acun Il\u0131cal\u0131 ile olan bir y\u0131l 2 ayl\u0131k evlili\u011fini d\u00fcn Silivri Adliyesi\u2019nde sonland\u0131ran \u015eeyma Suba\u015f\u0131, ayr\u0131l\u0131ktan sadece birka\u00e7 saat sonra Bebek\u2019te bulunan mekan\u0131na gitmi\u015f ve burada \u00e7ekilmi\u015f foto\u011fraflar\u0131n\u0131 sosyal medya hesab\u0131ndan payla\u015fm\u0131\u015ft\u0131.<\/p>\n<p dir=\"ltr\"><strong>&#8216;BYE BYE \u0130STANBUL&#8217;<\/strong><\/p>\n<p dir=\"ltr\">\u015eeyma Suba\u015f\u0131 neredeyse apar topar \u0130stanbul\u2019dan ayr\u0131ld\u0131.<\/p>\n<p dir=\"ltr\">Bo\u015fanmas\u0131n\u0131n \u00fczerinden 24 saat ge\u00e7meden kendisini havaliman\u0131na atan \u015eeyma Suba\u015f\u0131, k\u0131z\u0131 Melisa\u2019y\u0131 valizinin \u00fczerinde ta\u015f\u0131rken \u00e7ekti\u011fi videoyu \u2018Bye bye \u0130stanbul\u2019 notuyla payla\u015ft\u0131.<\/p>\n","protected":false},"excerpt":{"rendered":"<p>\u015eeyma Suba\u015f\u0131 bo\u015fanma davas\u0131ndan sadece bir g\u00fcn sonra \u0130stanbul&#8217;u terk etti Acun Il\u0131cal\u0131 ile olan bir y\u0131l 2 ayl\u0131k evlili\u011fini d\u00fcn Silivri Adliyesi\u2019nde sonland\u0131ran \u015eeyma Suba\u015f\u0131, ayr\u0131l\u0131ktan sadece birka\u00e7 saat sonra Bebek\u2019te bulunan mekan\u0131na gitmi\u015f ve burada \u00e7ekilmi\u015f foto\u011fraflar\u0131n\u0131 sosyal medya hesab\u0131ndan payla\u015fm\u0131\u015ft\u0131. &#8216;BYE BYE \u0130STANBUL&#8217; \u015eeyma Suba\u015f\u0131 neredeyse apar topar \u0130stanbul\u2019dan ayr\u0131ld\u0131. Bo\u015fanmas\u0131n\u0131n \u00fczerinden &hellip;<\/p>\n","protected":false},"author":22,"featured_media":28751,"comment_status":"open","ping_status":"open","sticky":false,"template":"","format":"standard","meta":[],"categories":[14058,5955,11183],"tags":[],"yoast_head":"<!-- This site is optimized with the Yoast SEO plugin v18.3 - https:\/\/yoast.com\/wordpress\/plugins\/seo\/ -->\n<title>\u015eeyma Suba\u015f\u0131 \u0130stanbul\u2019u terk etti - Nasim Word<\/title>\n<meta name=\"robots\" content=\"index, follow, max-snippet:-1, max-image-preview:large, max-video-preview:-1\" \/>\n<link rel=\"canonical\" href=\"https:\/\/nasimword.ir\/?p=28750&#038;lang=tr\" \/>\n<meta property=\"og:locale\" content=\"fa_IR\" \/>\n<meta property=\"og:type\" content=\"article\" \/>\n<meta property=\"og:title\" content=\"\u015eeyma Suba\u015f\u0131 \u0130stanbul\u2019u terk etti - Nasim Word\" \/>\n<meta property=\"og:description\" content=\"\u015eeyma Suba\u015f\u0131 bo\u015fanma davas\u0131ndan sadece bir g\u00fcn sonra \u0130stanbul&#8217;u terk etti Acun Il\u0131cal\u0131 ile olan bir y\u0131l 2 ayl\u0131k evlili\u011fini d\u00fcn Silivri Adliyesi\u2019nde sonland\u0131ran \u015eeyma Suba\u015f\u0131, ayr\u0131l\u0131ktan sadece birka\u00e7 saat sonra Bebek\u2019te bulunan mekan\u0131na gitmi\u015f ve burada \u00e7ekilmi\u015f foto\u011fraflar\u0131n\u0131 sosyal medya hesab\u0131ndan payla\u015fm\u0131\u015ft\u0131. &#8216;BYE BYE \u0130STANBUL&#8217; \u015eeyma Suba\u015f\u0131 neredeyse apar topar \u0130stanbul\u2019dan ayr\u0131ld\u0131. Bo\u015fanmas\u0131n\u0131n \u00fczerinden &hellip;\" \/>\n<meta property=\"og:url\" content=\"https:\/\/nasimword.ir\/?p=28750&amp;lang=tr\" \/>\n<meta property=\"og:site_name\" content=\"Nasim Word\" \/>\n<meta property=\"article:published_time\" content=\"2018-11-27T19:08:25+00:00\" \/>\n<meta property=\"og:image\" content=\"https:\/\/nasimword.ir\/wp-content\/uploads\/2018\/11\/5bfd2bd767b0a80e80d14792.jpg\" \/>\n\t<meta property=\"og:image:width\" content=\"700\" \/>\n\t<meta property=\"og:image:height\" content=\"395\" \/>\n\t<meta property=\"og:image:type\" content=\"image\/jpeg\" \/>\n<meta name=\"twitter:card\" content=\"summary\" \/>\n<meta name=\"twitter:label1\" content=\"\u0646\u0648\u0634\u062a\u0647\u200c\u0634\u062f\u0647 \u0628\u062f\u0633\u062a\" \/>\n\t<meta name=\"twitter:data1\" content=\"somaye\" \/>\n\t<meta name=\"twitter:label2\" content=\"\u0632\u0645\u0627\u0646 \u062a\u0642\u0631\u06cc\u0628\u06cc \u0628\u0631\u0627\u06cc \u062e\u0648\u0627\u0646\u062f\u0646\" \/>\n\t<meta name=\"twitter:data2\" content=\"1 \u062f\u0642\u06cc\u0642\u0647\" \/>\n<script type=\"application\/ld+json\" class=\"yoast-schema-graph\">{\"@context\":\"https:\/\/schema.org\",\"@graph\":[{\"@type\":\"WebSite\",\"@id\":\"https:\/\/nasimword.ir\/#website\",\"url\":\"https:\/\/nasimword.ir\/\",\"name\":\"Nasim Word\",\"description\":\"\u067e\u0648\u0631\u062a\u0627\u0644 \u062e\u0628\u0631\u06cc \u0648 \u062a\u062d\u0644\u06cc\u0644\u06cc \u0646\u0633\u06cc\u0645\",\"potentialAction\":[{\"@type\":\"SearchAction\",\"target\":{\"@type\":\"EntryPoint\",\"urlTemplate\":\"https:\/\/nasimword.ir\/?s={search_term_string}\"},\"query-input\":\"required name=search_term_string\"}],\"inLanguage\":\"fa-IR\"},{\"@type\":\"ImageObject\",\"@id\":\"https:\/\/nasimword.ir\/?p=28750&lang=tr#primaryimage\",\"inLanguage\":\"fa-IR\",\"url\":\"https:\/\/nasimword.ir\/wp-content\/uploads\/2018\/11\/5bfd2bd767b0a80e80d14792.jpg\",\"contentUrl\":\"https:\/\/nasimword.ir\/wp-content\/uploads\/2018\/11\/5bfd2bd767b0a80e80d14792.jpg\",\"width\":700,\"height\":395},{\"@type\":\"WebPage\",\"@id\":\"https:\/\/nasimword.ir\/?p=28750&lang=tr#webpage\",\"url\":\"https:\/\/nasimword.ir\/?p=28750&lang=tr\",\"name\":\"\u015eeyma Suba\u015f\u0131 \u0130stanbul\u2019u terk etti - Nasim Word\",\"isPartOf\":{\"@id\":\"https:\/\/nasimword.ir\/#website\"},\"primaryImageOfPage\":{\"@id\":\"https:\/\/nasimword.ir\/?p=28750&lang=tr#primaryimage\"},\"datePublished\":\"2018-11-27T19:08:25+00:00\",\"dateModified\":\"2018-11-27T19:08:25+00:00\",\"author\":{\"@id\":\"https:\/\/nasimword.ir\/#\/schema\/person\/4c5a701cb6f5716f361e924d0581801e\"},\"breadcrumb\":{\"@id\":\"https:\/\/nasimword.ir\/?p=28750&lang=tr#breadcrumb\"},\"inLanguage\":\"fa-IR\",\"potentialAction\":[{\"@type\":\"ReadAction\",\"target\":[\"https:\/\/nasimword.ir\/?p=28750&lang=tr\"]}]},{\"@type\":\"BreadcrumbList\",\"@id\":\"https:\/\/nasimword.ir\/?p=28750&lang=tr#breadcrumb\",\"itemListElement\":[{\"@type\":\"ListItem\",\"position\":1,\"name\":\"\u062e\u0627\u0646\u0647\",\"item\":\"https:\/\/nasimword.ir\/\"},{\"@type\":\"ListItem\",\"position\":2,\"name\":\"\u015eeyma Suba\u015f\u0131 \u0130stanbul\u2019u terk etti\"}]},{\"@type\":\"Person\",\"@id\":\"https:\/\/nasimword.ir\/#\/schema\/person\/4c5a701cb6f5716f361e924d0581801e\",\"name\":\"somaye\",\"image\":{\"@type\":\"ImageObject\",\"@id\":\"https:\/\/nasimword.ir\/#personlogo\",\"inLanguage\":\"fa-IR\",\"url\":\"https:\/\/secure.gravatar.com\/avatar\/1969d108d4e14d828407b1c82e2f7dab?s=96&d=mm&r=g\",\"contentUrl\":\"https:\/\/secure.gravatar.com\/avatar\/1969d108d4e14d828407b1c82e2f7dab?s=96&d=mm&r=g\",\"caption\":\"somaye\"},\"url\":\"https:\/\/nasimword.ir\/?author=22\"}]}<\/script>\n<!-- \/ Yoast SEO plugin. -->","yoast_head_json":{"title":"\u015eeyma Suba\u015f\u0131 \u0130stanbul\u2019u terk etti - Nasim Word","robots":{"index":"index","follow":"follow","max-snippet":"max-snippet:-1","max-image-preview":"max-image-preview:large","max-video-preview":"max-video-preview:-1"},"canonical":"https:\/\/nasimword.ir\/?p=28750&lang=tr","og_locale":"fa_IR","og_type":"article","og_title":"\u015eeyma Suba\u015f\u0131 \u0130stanbul\u2019u terk etti - Nasim Word","og_description":"\u015eeyma Suba\u015f\u0131 bo\u015fanma davas\u0131ndan sadece bir g\u00fcn sonra \u0130stanbul&#8217;u terk etti Acun Il\u0131cal\u0131 ile olan bir y\u0131l 2 ayl\u0131k evlili\u011fini d\u00fcn Silivri Adliyesi\u2019nde sonland\u0131ran \u015eeyma Suba\u015f\u0131, ayr\u0131l\u0131ktan sadece birka\u00e7 saat sonra Bebek\u2019te bulunan mekan\u0131na gitmi\u015f ve burada \u00e7ekilmi\u015f foto\u011fraflar\u0131n\u0131 sosyal medya hesab\u0131ndan payla\u015fm\u0131\u015ft\u0131. &#8216;BYE BYE \u0130STANBUL&#8217; \u015eeyma Suba\u015f\u0131 neredeyse apar topar \u0130stanbul\u2019dan ayr\u0131ld\u0131. Bo\u015fanmas\u0131n\u0131n \u00fczerinden &hellip;","og_url":"https:\/\/nasimword.ir\/?p=28750&lang=tr","og_site_name":"Nasim Word","article_published_time":"2018-11-27T19:08:25+00:00","og_image":[{"width":700,"height":395,"url":"https:\/\/nasimword.ir\/wp-content\/uploads\/2018\/11\/5bfd2bd767b0a80e80d14792.jpg","type":"image\/jpeg"}],"twitter_card":"summary","twitter_misc":{"\u0646\u0648\u0634\u062a\u0647\u200c\u0634\u062f\u0647 \u0628\u062f\u0633\u062a":"somaye","\u0632\u0645\u0627\u0646 \u062a\u0642\u0631\u06cc\u0628\u06cc \u0628\u0631\u0627\u06cc \u062e\u0648\u0627\u0646\u062f\u0646":"1 \u062f\u0642\u06cc\u0642\u0647"},"schema":{"@context":"https:\/\/schema.org","@graph":[{"@type":"WebSite","@id":"https:\/\/nasimword.ir\/#website","url":"https:\/\/nasimword.ir\/","name":"Nasim Word","description":"\u067e\u0648\u0631\u062a\u0627\u0644 \u062e\u0628\u0631\u06cc \u0648 \u062a\u062d\u0644\u06cc\u0644\u06cc \u0646\u0633\u06cc\u0645","potentialAction":[{"@type":"SearchAction","target":{"@type":"EntryPoint","urlTemplate":"https:\/\/nasimword.ir\/?s={search_term_string}"},"query-input":"required name=search_term_string"}],"inLanguage":"fa-IR"},{"@type":"ImageObject","@id":"https:\/\/nasimword.ir\/?p=28750&lang=tr#primaryimage","inLanguage":"fa-IR","url":"https:\/\/nasimword.ir\/wp-content\/uploads\/2018\/11\/5bfd2bd767b0a80e80d14792.jpg","contentUrl":"https:\/\/nasimword.ir\/wp-content\/uploads\/2018\/11\/5bfd2bd767b0a80e80d14792.jpg","width":700,"height":395},{"@type":"WebPage","@id":"https:\/\/nasimword.ir\/?p=28750&lang=tr#webpage","url":"https:\/\/nasimword.ir\/?p=28750&lang=tr","name":"\u015eeyma Suba\u015f\u0131 \u0130stanbul\u2019u terk etti - Nasim Word","isPartOf":{"@id":"https:\/\/nasimword.ir\/#website"},"primaryImageOfPage":{"@id":"https:\/\/nasimword.ir\/?p=28750&lang=tr#primaryimage"},"datePublished":"2018-11-27T19:08:25+00:00","dateModified":"2018-11-27T19:08:25+00:00","author":{"@id":"https:\/\/nasimword.ir\/#\/schema\/person\/4c5a701cb6f5716f361e924d0581801e"},"breadcrumb":{"@id":"https:\/\/nasimword.ir\/?p=28750&lang=tr#breadcrumb"},"inLanguage":"fa-IR","potentialAction":[{"@type":"ReadAction","target":["https:\/\/nasimword.ir\/?p=28750&lang=tr"]}]},{"@type":"BreadcrumbList","@id":"https:\/\/nasimword.ir\/?p=28750&lang=tr#breadcrumb","itemListElement":[{"@type":"ListItem","position":1,"name":"\u062e\u0627\u0646\u0647","item":"https:\/\/nasimword.ir\/"},{"@type":"ListItem","position":2,"name":"\u015eeyma Suba\u015f\u0131 \u0130stanbul\u2019u terk etti"}]},{"@type":"Person","@id":"https:\/\/nasimword.ir\/#\/schema\/person\/4c5a701cb6f5716f361e924d0581801e","name":"somaye","image":{"@type":"ImageObject","@id":"https:\/\/nasimword.ir\/#personlogo","inLanguage":"fa-IR","url":"https:\/\/secure.gravatar.com\/avatar\/1969d108d4e14d828407b1c82e2f7dab?s=96&d=mm&r=g","contentUrl":"https:\/\/secure.gravatar.com\/avatar\/1969d108d4e14d828407b1c82e2f7dab?s=96&d=mm&r=g","caption":"somaye"},"url":"https:\/\/nasimword.ir\/?author=22"}]}},"_links":{"self":[{"href":"https:\/\/nasimword.ir\/index.php?rest_route=\/wp\/v2\/posts\/28750"}],"collection":[{"href":"https:\/\/nasimword.ir\/index.php?rest_route=\/wp\/v2\/posts"}],"about":[{"href":"https:\/\/nasimword.ir\/index.php?rest_route=\/wp\/v2\/types\/post"}],"author":[{"embeddable":true,"href":"https:\/\/nasimword.ir\/index.php?rest_route=\/wp\/v2\/users\/22"}],"replies":[{"embeddable":true,"href":"https:\/\/nasimword.ir\/index.php?rest_route=%2Fwp%2Fv2%2Fcomments&post=28750"}],"version-history":[{"count":0,"href":"https:\/\/nasimword.ir\/index.php?rest_route=\/wp\/v2\/posts\/28750\/revisions"}],"wp:featuredmedia":[{"embeddable":true,"href":"https:\/\/nasimword.ir\/index.php?rest_route=\/wp\/v2\/media\/28751"}],"wp:attachment":[{"href":"https:\/\/nasimword.ir\/index.php?rest_route=%2Fwp%2Fv2%2Fmedia&parent=28750"}],"wp:term":[{"taxonomy":"category","embeddable":true,"href":"https:\/\/nasimword.ir\/index.php?rest_route=%2Fwp%2Fv2%2Fcategories&post=28750"},{"taxonomy":"post_tag","embeddable":true,"href":"https:\/\/nasimword.ir\/index.php?rest_route=%2Fwp%2Fv2%2Ftags&post=28750"}],"curies":[{"name":"wp","href":"https:\/\/api.w.org\/{rel}","templated":true}]}}