{"id":29211,"date":"2018-12-06T18:37:49","date_gmt":"2018-12-06T15:07:49","guid":{"rendered":"http:\/\/nasimword.ir\/?p=29211"},"modified":"2018-12-06T18:37:49","modified_gmt":"2018-12-06T15:07:49","slug":"berna-lacin-ulkem-icin-cok-uzuluyorum","status":"publish","type":"post","link":"https:\/\/nasimword.ir\/?p=29211&lang=tr","title":{"rendered":"Berna La\u00e7in: \u00dclkem i\u00e7in \u00e7ok \u00fcz\u00fcl\u00fcyorum"},"content":{"rendered":"<p dir=\"ltr\"><strong>Gezi Park\u0131 eylemleri nedeniyle oyuncu Memet Ali Alabora ve gazeteci Can D\u00fcndar hakk\u0131nda yakalama karar\u0131 \u00e7\u0131kar\u0131lm\u0131\u015ft\u0131<\/strong><\/p>\n<p dir=\"ltr\"><img loading=\"lazy\" class=\"alignnone size-full wp-image-29212\" src=\"http:\/\/nasimword.ir\/wp-content\/uploads\/2018\/12\/BBQzc07.jpg\" alt=\"\" width=\"620\" height=\"310\" srcset=\"https:\/\/nasimword.ir\/wp-content\/uploads\/2018\/12\/BBQzc07.jpg 620w, https:\/\/nasimword.ir\/wp-content\/uploads\/2018\/12\/BBQzc07-300x150.jpg 300w\" sizes=\"(max-width: 620px) 100vw, 620px\" \/><\/p>\n<p dir=\"ltr\">Tiyatro oyuncu\u00a0<strong>Berna La\u00e7in<\/strong>,\u00a0Gezi Park\u0131 eylemleri nedeniyle kendisi gibi oyuncu olan<strong>\u00a0Memet Ali Alabora<\/strong>\u00a0ve gazeteci\u00a0<strong>Can D\u00fcndar<\/strong>\u00a0hakk\u0131nda yakalama karar\u0131 \u00e7\u0131kar\u0131lmas\u0131yla ilgili &#8220;Bir yanl\u0131\u015fa daha ka\u00e7 yanl\u0131\u015f ekleyecek bu \u00fclkenin tarihi!\u00a0\u00dclkem i\u00e7in \u00e7ok \u00fcz\u00fcl\u00fcyorum&#8221; dedi.<\/p>\n<p dir=\"ltr\">Oyuncu Berna La\u00e7in,\u00a0Gezi Park\u0131 eylemleri nedeniyle kendisi gibi oyuncu olan<strong>\u00a0Memet Ali Alabora<\/strong>\u00a0ve gazeteci\u00a0<strong>Can D\u00fcndar<\/strong>\u00a0hakk\u0131nda yakalama karar\u0131 \u00e7\u0131kar\u0131lmas\u0131yla ilgili sosyal medya hesab\u0131 Twitter&#8217;da a\u00e7\u0131klamada bulundu.<\/p>\n<p dir=\"ltr\">&#8220;Bir yanl\u0131\u015fa daha ka\u00e7 yanl\u0131\u015f ekleyecek bu \u00fclkenin tarihi&#8221;\u00a0 diyen La\u00e7in,\u00a0 &#8220;Hala \u015fa\u015f\u0131r\u0131p, sonra \u015fa\u015f\u0131rd\u0131\u011f\u0131ma \u015fa\u015f\u0131r\u0131yorum! \u00dclkem i\u00e7in \u00e7ok \u00fcz\u00fcl\u00fcyorum&#8230; Hepimiz i\u00e7in&#8230;&#8221; payla\u015f\u0131m\u0131nda bulundu.<\/p>\n<p dir=\"ltr\">\n<blockquote class=\"twitter-tweet\" dir=\"ltr\"><p>Mehmet Ali Alabora i\u00e7in tutuklamaya y\u00f6nelik yakalama karar\u0131 m\u0131 \u00e7\u0131km\u0131\u015f ! Bir yanl\u0131\u015fa daha ka\u00e7 yanl\u0131\u015f ekleyecek bu \u00fclkenin tarihi! \u00c7ok yaz\u0131k \u00e7ok<\/p>\n<p>\u2014 berna lacin (@bernalacin35)\u00a05 Aral\u0131k 2018<\/p><\/blockquote>\n<blockquote class=\"twitter-tweet\" dir=\"ltr\"><p>\u00dcst\u00fcne bir de Can D\u00fcndar karar\u0131&#8230;<\/p>\n<p>Hala \u015fa\u015f\u0131r\u0131p, sonra \u015fa\u015f\u0131rd\u0131\u011f\u0131ma \u015fa\u015f\u0131r\u0131yorum ! \u00dclkem i\u00e7in \u00e7ok \u00fcz\u00fcl\u00fcyorum ..: Hepimiz i\u00e7in&#8230;<\/p>\n<p>\u2014 berna lacin (@bernalacin35)\u00a05 Aral\u0131k 2018<\/p><\/blockquote>\n","protected":false},"excerpt":{"rendered":"<p>Gezi Park\u0131 eylemleri nedeniyle oyuncu Memet Ali Alabora ve gazeteci Can D\u00fcndar hakk\u0131nda yakalama karar\u0131 \u00e7\u0131kar\u0131lm\u0131\u015ft\u0131 Tiyatro oyuncu\u00a0Berna La\u00e7in,\u00a0Gezi Park\u0131 eylemleri nedeniyle kendisi gibi oyuncu olan\u00a0Memet Ali Alabora\u00a0ve gazeteci\u00a0Can D\u00fcndar\u00a0hakk\u0131nda yakalama karar\u0131 \u00e7\u0131kar\u0131lmas\u0131yla ilgili &#8220;Bir yanl\u0131\u015fa daha ka\u00e7 yanl\u0131\u015f ekleyecek bu \u00fclkenin tarihi!\u00a0\u00dclkem i\u00e7in \u00e7ok \u00fcz\u00fcl\u00fcyorum&#8221; dedi. Oyuncu Berna La\u00e7in,\u00a0Gezi Park\u0131 eylemleri nedeniyle kendisi gibi &hellip;<\/p>\n","protected":false},"author":22,"featured_media":29212,"comment_status":"open","ping_status":"open","sticky":false,"template":"","format":"standard","meta":[],"categories":[14058,5955,11183],"tags":[],"yoast_head":"<!-- This site is optimized with the Yoast SEO plugin v18.3 - https:\/\/yoast.com\/wordpress\/plugins\/seo\/ -->\n<title>Berna La\u00e7in: \u00dclkem i\u00e7in \u00e7ok \u00fcz\u00fcl\u00fcyorum - Nasim Word<\/title>\n<meta name=\"robots\" content=\"index, follow, max-snippet:-1, max-image-preview:large, max-video-preview:-1\" \/>\n<link rel=\"canonical\" href=\"https:\/\/nasimword.ir\/?p=29211&#038;lang=tr\" \/>\n<meta property=\"og:locale\" content=\"fa_IR\" \/>\n<meta property=\"og:type\" content=\"article\" \/>\n<meta property=\"og:title\" content=\"Berna La\u00e7in: \u00dclkem i\u00e7in \u00e7ok \u00fcz\u00fcl\u00fcyorum - Nasim Word\" \/>\n<meta property=\"og:description\" content=\"Gezi Park\u0131 eylemleri nedeniyle oyuncu Memet Ali Alabora ve gazeteci Can D\u00fcndar hakk\u0131nda yakalama karar\u0131 \u00e7\u0131kar\u0131lm\u0131\u015ft\u0131 Tiyatro oyuncu\u00a0Berna La\u00e7in,\u00a0Gezi Park\u0131 eylemleri nedeniyle kendisi gibi oyuncu olan\u00a0Memet Ali Alabora\u00a0ve gazeteci\u00a0Can D\u00fcndar\u00a0hakk\u0131nda yakalama karar\u0131 \u00e7\u0131kar\u0131lmas\u0131yla ilgili &#8220;Bir yanl\u0131\u015fa daha ka\u00e7 yanl\u0131\u015f ekleyecek bu \u00fclkenin tarihi!\u00a0\u00dclkem i\u00e7in \u00e7ok \u00fcz\u00fcl\u00fcyorum&#8221; dedi. Oyuncu Berna La\u00e7in,\u00a0Gezi Park\u0131 eylemleri nedeniyle kendisi gibi &hellip;\" \/>\n<meta property=\"og:url\" content=\"https:\/\/nasimword.ir\/?p=29211&amp;lang=tr\" \/>\n<meta property=\"og:site_name\" content=\"Nasim Word\" \/>\n<meta property=\"article:published_time\" content=\"2018-12-06T15:07:49+00:00\" \/>\n<meta property=\"og:image\" content=\"https:\/\/nasimword.ir\/wp-content\/uploads\/2018\/12\/BBQzc07.jpg\" \/>\n\t<meta property=\"og:image:width\" content=\"620\" \/>\n\t<meta property=\"og:image:height\" content=\"310\" \/>\n\t<meta property=\"og:image:type\" content=\"image\/jpeg\" \/>\n<meta name=\"twitter:card\" content=\"summary\" \/>\n<meta name=\"twitter:label1\" content=\"\u0646\u0648\u0634\u062a\u0647\u200c\u0634\u062f\u0647 \u0628\u062f\u0633\u062a\" \/>\n\t<meta name=\"twitter:data1\" content=\"somaye\" \/>\n\t<meta name=\"twitter:label2\" content=\"\u0632\u0645\u0627\u0646 \u062a\u0642\u0631\u06cc\u0628\u06cc \u0628\u0631\u0627\u06cc \u062e\u0648\u0627\u0646\u062f\u0646\" \/>\n\t<meta name=\"twitter:data2\" content=\"1 \u062f\u0642\u06cc\u0642\u0647\" \/>\n<script type=\"application\/ld+json\" class=\"yoast-schema-graph\">{\"@context\":\"https:\/\/schema.org\",\"@graph\":[{\"@type\":\"WebSite\",\"@id\":\"https:\/\/nasimword.ir\/#website\",\"url\":\"https:\/\/nasimword.ir\/\",\"name\":\"Nasim Word\",\"description\":\"\u067e\u0648\u0631\u062a\u0627\u0644 \u062e\u0628\u0631\u06cc \u0648 \u062a\u062d\u0644\u06cc\u0644\u06cc \u0646\u0633\u06cc\u0645\",\"potentialAction\":[{\"@type\":\"SearchAction\",\"target\":{\"@type\":\"EntryPoint\",\"urlTemplate\":\"https:\/\/nasimword.ir\/?s={search_term_string}\"},\"query-input\":\"required name=search_term_string\"}],\"inLanguage\":\"fa-IR\"},{\"@type\":\"ImageObject\",\"@id\":\"https:\/\/nasimword.ir\/?p=29211&lang=tr#primaryimage\",\"inLanguage\":\"fa-IR\",\"url\":\"https:\/\/nasimword.ir\/wp-content\/uploads\/2018\/12\/BBQzc07.jpg\",\"contentUrl\":\"https:\/\/nasimword.ir\/wp-content\/uploads\/2018\/12\/BBQzc07.jpg\",\"width\":620,\"height\":310},{\"@type\":\"WebPage\",\"@id\":\"https:\/\/nasimword.ir\/?p=29211&lang=tr#webpage\",\"url\":\"https:\/\/nasimword.ir\/?p=29211&lang=tr\",\"name\":\"Berna La\u00e7in: \u00dclkem i\u00e7in \u00e7ok \u00fcz\u00fcl\u00fcyorum - Nasim Word\",\"isPartOf\":{\"@id\":\"https:\/\/nasimword.ir\/#website\"},\"primaryImageOfPage\":{\"@id\":\"https:\/\/nasimword.ir\/?p=29211&lang=tr#primaryimage\"},\"datePublished\":\"2018-12-06T15:07:49+00:00\",\"dateModified\":\"2018-12-06T15:07:49+00:00\",\"author\":{\"@id\":\"https:\/\/nasimword.ir\/#\/schema\/person\/4c5a701cb6f5716f361e924d0581801e\"},\"breadcrumb\":{\"@id\":\"https:\/\/nasimword.ir\/?p=29211&lang=tr#breadcrumb\"},\"inLanguage\":\"fa-IR\",\"potentialAction\":[{\"@type\":\"ReadAction\",\"target\":[\"https:\/\/nasimword.ir\/?p=29211&lang=tr\"]}]},{\"@type\":\"BreadcrumbList\",\"@id\":\"https:\/\/nasimword.ir\/?p=29211&lang=tr#breadcrumb\",\"itemListElement\":[{\"@type\":\"ListItem\",\"position\":1,\"name\":\"\u062e\u0627\u0646\u0647\",\"item\":\"https:\/\/nasimword.ir\/\"},{\"@type\":\"ListItem\",\"position\":2,\"name\":\"Berna La\u00e7in: \u00dclkem i\u00e7in \u00e7ok \u00fcz\u00fcl\u00fcyorum\"}]},{\"@type\":\"Person\",\"@id\":\"https:\/\/nasimword.ir\/#\/schema\/person\/4c5a701cb6f5716f361e924d0581801e\",\"name\":\"somaye\",\"image\":{\"@type\":\"ImageObject\",\"@id\":\"https:\/\/nasimword.ir\/#personlogo\",\"inLanguage\":\"fa-IR\",\"url\":\"https:\/\/secure.gravatar.com\/avatar\/1969d108d4e14d828407b1c82e2f7dab?s=96&d=mm&r=g\",\"contentUrl\":\"https:\/\/secure.gravatar.com\/avatar\/1969d108d4e14d828407b1c82e2f7dab?s=96&d=mm&r=g\",\"caption\":\"somaye\"},\"url\":\"https:\/\/nasimword.ir\/?author=22\"}]}<\/script>\n<!-- \/ Yoast SEO plugin. -->","yoast_head_json":{"title":"Berna La\u00e7in: \u00dclkem i\u00e7in \u00e7ok \u00fcz\u00fcl\u00fcyorum - Nasim Word","robots":{"index":"index","follow":"follow","max-snippet":"max-snippet:-1","max-image-preview":"max-image-preview:large","max-video-preview":"max-video-preview:-1"},"canonical":"https:\/\/nasimword.ir\/?p=29211&lang=tr","og_locale":"fa_IR","og_type":"article","og_title":"Berna La\u00e7in: \u00dclkem i\u00e7in \u00e7ok \u00fcz\u00fcl\u00fcyorum - Nasim Word","og_description":"Gezi Park\u0131 eylemleri nedeniyle oyuncu Memet Ali Alabora ve gazeteci Can D\u00fcndar hakk\u0131nda yakalama karar\u0131 \u00e7\u0131kar\u0131lm\u0131\u015ft\u0131 Tiyatro oyuncu\u00a0Berna La\u00e7in,\u00a0Gezi Park\u0131 eylemleri nedeniyle kendisi gibi oyuncu olan\u00a0Memet Ali Alabora\u00a0ve gazeteci\u00a0Can D\u00fcndar\u00a0hakk\u0131nda yakalama karar\u0131 \u00e7\u0131kar\u0131lmas\u0131yla ilgili &#8220;Bir yanl\u0131\u015fa daha ka\u00e7 yanl\u0131\u015f ekleyecek bu \u00fclkenin tarihi!\u00a0\u00dclkem i\u00e7in \u00e7ok \u00fcz\u00fcl\u00fcyorum&#8221; dedi. Oyuncu Berna La\u00e7in,\u00a0Gezi Park\u0131 eylemleri nedeniyle kendisi gibi &hellip;","og_url":"https:\/\/nasimword.ir\/?p=29211&lang=tr","og_site_name":"Nasim Word","article_published_time":"2018-12-06T15:07:49+00:00","og_image":[{"width":620,"height":310,"url":"https:\/\/nasimword.ir\/wp-content\/uploads\/2018\/12\/BBQzc07.jpg","type":"image\/jpeg"}],"twitter_card":"summary","twitter_misc":{"\u0646\u0648\u0634\u062a\u0647\u200c\u0634\u062f\u0647 \u0628\u062f\u0633\u062a":"somaye","\u0632\u0645\u0627\u0646 \u062a\u0642\u0631\u06cc\u0628\u06cc \u0628\u0631\u0627\u06cc \u062e\u0648\u0627\u0646\u062f\u0646":"1 \u062f\u0642\u06cc\u0642\u0647"},"schema":{"@context":"https:\/\/schema.org","@graph":[{"@type":"WebSite","@id":"https:\/\/nasimword.ir\/#website","url":"https:\/\/nasimword.ir\/","name":"Nasim Word","description":"\u067e\u0648\u0631\u062a\u0627\u0644 \u062e\u0628\u0631\u06cc \u0648 \u062a\u062d\u0644\u06cc\u0644\u06cc \u0646\u0633\u06cc\u0645","potentialAction":[{"@type":"SearchAction","target":{"@type":"EntryPoint","urlTemplate":"https:\/\/nasimword.ir\/?s={search_term_string}"},"query-input":"required name=search_term_string"}],"inLanguage":"fa-IR"},{"@type":"ImageObject","@id":"https:\/\/nasimword.ir\/?p=29211&lang=tr#primaryimage","inLanguage":"fa-IR","url":"https:\/\/nasimword.ir\/wp-content\/uploads\/2018\/12\/BBQzc07.jpg","contentUrl":"https:\/\/nasimword.ir\/wp-content\/uploads\/2018\/12\/BBQzc07.jpg","width":620,"height":310},{"@type":"WebPage","@id":"https:\/\/nasimword.ir\/?p=29211&lang=tr#webpage","url":"https:\/\/nasimword.ir\/?p=29211&lang=tr","name":"Berna La\u00e7in: \u00dclkem i\u00e7in \u00e7ok \u00fcz\u00fcl\u00fcyorum - Nasim Word","isPartOf":{"@id":"https:\/\/nasimword.ir\/#website"},"primaryImageOfPage":{"@id":"https:\/\/nasimword.ir\/?p=29211&lang=tr#primaryimage"},"datePublished":"2018-12-06T15:07:49+00:00","dateModified":"2018-12-06T15:07:49+00:00","author":{"@id":"https:\/\/nasimword.ir\/#\/schema\/person\/4c5a701cb6f5716f361e924d0581801e"},"breadcrumb":{"@id":"https:\/\/nasimword.ir\/?p=29211&lang=tr#breadcrumb"},"inLanguage":"fa-IR","potentialAction":[{"@type":"ReadAction","target":["https:\/\/nasimword.ir\/?p=29211&lang=tr"]}]},{"@type":"BreadcrumbList","@id":"https:\/\/nasimword.ir\/?p=29211&lang=tr#breadcrumb","itemListElement":[{"@type":"ListItem","position":1,"name":"\u062e\u0627\u0646\u0647","item":"https:\/\/nasimword.ir\/"},{"@type":"ListItem","position":2,"name":"Berna La\u00e7in: \u00dclkem i\u00e7in \u00e7ok \u00fcz\u00fcl\u00fcyorum"}]},{"@type":"Person","@id":"https:\/\/nasimword.ir\/#\/schema\/person\/4c5a701cb6f5716f361e924d0581801e","name":"somaye","image":{"@type":"ImageObject","@id":"https:\/\/nasimword.ir\/#personlogo","inLanguage":"fa-IR","url":"https:\/\/secure.gravatar.com\/avatar\/1969d108d4e14d828407b1c82e2f7dab?s=96&d=mm&r=g","contentUrl":"https:\/\/secure.gravatar.com\/avatar\/1969d108d4e14d828407b1c82e2f7dab?s=96&d=mm&r=g","caption":"somaye"},"url":"https:\/\/nasimword.ir\/?author=22"}]}},"_links":{"self":[{"href":"https:\/\/nasimword.ir\/index.php?rest_route=\/wp\/v2\/posts\/29211"}],"collection":[{"href":"https:\/\/nasimword.ir\/index.php?rest_route=\/wp\/v2\/posts"}],"about":[{"href":"https:\/\/nasimword.ir\/index.php?rest_route=\/wp\/v2\/types\/post"}],"author":[{"embeddable":true,"href":"https:\/\/nasimword.ir\/index.php?rest_route=\/wp\/v2\/users\/22"}],"replies":[{"embeddable":true,"href":"https:\/\/nasimword.ir\/index.php?rest_route=%2Fwp%2Fv2%2Fcomments&post=29211"}],"version-history":[{"count":0,"href":"https:\/\/nasimword.ir\/index.php?rest_route=\/wp\/v2\/posts\/29211\/revisions"}],"wp:featuredmedia":[{"embeddable":true,"href":"https:\/\/nasimword.ir\/index.php?rest_route=\/wp\/v2\/media\/29212"}],"wp:attachment":[{"href":"https:\/\/nasimword.ir\/index.php?rest_route=%2Fwp%2Fv2%2Fmedia&parent=29211"}],"wp:term":[{"taxonomy":"category","embeddable":true,"href":"https:\/\/nasimword.ir\/index.php?rest_route=%2Fwp%2Fv2%2Fcategories&post=29211"},{"taxonomy":"post_tag","embeddable":true,"href":"https:\/\/nasimword.ir\/index.php?rest_route=%2Fwp%2Fv2%2Ftags&post=29211"}],"curies":[{"name":"wp","href":"https:\/\/api.w.org\/{rel}","templated":true}]}}