{"id":29865,"date":"2018-12-17T17:11:17","date_gmt":"2018-12-17T13:41:17","guid":{"rendered":"http:\/\/nasimword.ir\/?p=29865"},"modified":"2018-12-17T17:11:17","modified_gmt":"2018-12-17T13:41:17","slug":"nur-yerlitas-milyonlarca-defa-ozur-diliyorum","status":"publish","type":"post","link":"https:\/\/nasimword.ir\/?p=29865&lang=tr","title":{"rendered":"Nur Yerlita\u015f: Milyonlarca defa \u00f6z\u00fcr diliyorum"},"content":{"rendered":"<p dir=\"ltr\"><strong>\u015eark\u0131c\u0131 Hadise, televizyon program\u0131nda annesi G\u00fclnihal A\u00e7\u0131kg\u00f6z&#8217;\u00fcn intihara te\u015febb\u00fcs etti\u011fini s\u00f6yleyen modac\u0131 Nur Yerlita\u015f&#8217;a \u00e7ok k\u0131zm\u0131\u015f &#8220;Benim \u00f6zelimi t\u00fcm T\u00fcrkiye ile payla\u015ft\u0131. Bizden \u00f6z\u00fcr dilesin&#8221; demi\u015fti.<\/strong><\/p>\n<p dir=\"ltr\"><img loading=\"lazy\" class=\"alignnone size-full wp-image-29866\" src=\"http:\/\/nasimword.ir\/wp-content\/uploads\/2018\/12\/BBR4iNS.jpg\" alt=\"\" width=\"606\" height=\"340\" srcset=\"https:\/\/nasimword.ir\/wp-content\/uploads\/2018\/12\/BBR4iNS.jpg 606w, https:\/\/nasimword.ir\/wp-content\/uploads\/2018\/12\/BBR4iNS-300x168.jpg 300w\" sizes=\"(max-width: 606px) 100vw, 606px\" \/><\/p>\n<p dir=\"ltr\">Bu sabah Kanal D&#8217;de yay\u0131nlanan\u00a0M\u00fcge ve G\u00fcl\u015fen&#8217;le 2. Sayfa\u00a0program\u0131na telefonla ba\u011flanan\u00a0Nur Yerlita\u015f\u00a0&#8221;\u00a0Hadise&#8217;den milyonlarca defa \u00f6z\u00fcr diliyorum&#8221; dedi.<\/p>\n<p dir=\"ltr\"><strong>\u0130\u015fte Yerlita\u015f&#8217;\u0131n s\u00f6zleri:<\/strong><\/p>\n<p dir=\"ltr\">\u015eerefim \u00fczerine yemin ederim ki, o canl\u0131 yay\u0131nda ne konu\u015ftu\u011fumu hat\u0131rlam\u0131yorum. A\u011fustos ay\u0131nda ameliyat oldum. Ben bir anneyle ilgili k\u00f6t\u00fc ne konu\u015fabilirim? K\u0131z karde\u015finin tavr\u0131na k\u0131zm\u0131\u015ft\u0131m. Bak bu do\u011fru. Hadise \u00e7ok \u00fcz\u00fclm\u00fc\u015f, okudum. Hadise\u2019den \u00f6z\u00fcr diledim bunu Seda Sayan da biliyor&#8230;<\/p>\n<p dir=\"ltr\">Hadise beni arad\u0131 \u00f6z\u00fcr diledi. 3 hafta sonra ne oldu, o programa neden ba\u011fland\u0131m, ne ya\u015fad\u0131m bilmiyorum\u2026<\/p>\n<p dir=\"ltr\">1,5 y\u0131ld\u0131r beyin kanseriymi\u015fim bilmiyordum\u2026<\/p>\n<p dir=\"ltr\">Hadise\u2019den \u00f6z\u00fcr diliyorum. Bin kere de dilerim. Acun arad\u0131 \u2018Seni Hadise arayacak\u2019 dedi. O kadar zarif ki\u2026 O kadar kibar ki\u2026 Milyonlarca defa \u00f6z\u00fcr diliyorum.<\/p>\n<p dir=\"ltr\">\n","protected":false},"excerpt":{"rendered":"<p>\u015eark\u0131c\u0131 Hadise, televizyon program\u0131nda annesi G\u00fclnihal A\u00e7\u0131kg\u00f6z&#8217;\u00fcn intihara te\u015febb\u00fcs etti\u011fini s\u00f6yleyen modac\u0131 Nur Yerlita\u015f&#8217;a \u00e7ok k\u0131zm\u0131\u015f &#8220;Benim \u00f6zelimi t\u00fcm T\u00fcrkiye ile payla\u015ft\u0131. Bizden \u00f6z\u00fcr dilesin&#8221; demi\u015fti. Bu sabah Kanal D&#8217;de yay\u0131nlanan\u00a0M\u00fcge ve G\u00fcl\u015fen&#8217;le 2. Sayfa\u00a0program\u0131na telefonla ba\u011flanan\u00a0Nur Yerlita\u015f\u00a0&#8221;\u00a0Hadise&#8217;den milyonlarca defa \u00f6z\u00fcr diliyorum&#8221; dedi. \u0130\u015fte Yerlita\u015f&#8217;\u0131n s\u00f6zleri: \u015eerefim \u00fczerine yemin ederim ki, o canl\u0131 yay\u0131nda ne &hellip;<\/p>\n","protected":false},"author":22,"featured_media":29866,"comment_status":"open","ping_status":"open","sticky":false,"template":"","format":"standard","meta":[],"categories":[14058,5955,11183],"tags":[],"yoast_head":"<!-- This site is optimized with the Yoast SEO plugin v18.3 - https:\/\/yoast.com\/wordpress\/plugins\/seo\/ -->\n<title>Nur Yerlita\u015f: Milyonlarca defa \u00f6z\u00fcr diliyorum - Nasim Word<\/title>\n<meta name=\"robots\" content=\"index, follow, max-snippet:-1, max-image-preview:large, max-video-preview:-1\" \/>\n<link rel=\"canonical\" href=\"https:\/\/nasimword.ir\/?p=29865&#038;lang=tr\" \/>\n<meta property=\"og:locale\" content=\"fa_IR\" \/>\n<meta property=\"og:type\" content=\"article\" \/>\n<meta property=\"og:title\" content=\"Nur Yerlita\u015f: Milyonlarca defa \u00f6z\u00fcr diliyorum - Nasim Word\" \/>\n<meta property=\"og:description\" content=\"\u015eark\u0131c\u0131 Hadise, televizyon program\u0131nda annesi G\u00fclnihal A\u00e7\u0131kg\u00f6z&#8217;\u00fcn intihara te\u015febb\u00fcs etti\u011fini s\u00f6yleyen modac\u0131 Nur Yerlita\u015f&#8217;a \u00e7ok k\u0131zm\u0131\u015f &#8220;Benim \u00f6zelimi t\u00fcm T\u00fcrkiye ile payla\u015ft\u0131. Bizden \u00f6z\u00fcr dilesin&#8221; demi\u015fti. Bu sabah Kanal D&#8217;de yay\u0131nlanan\u00a0M\u00fcge ve G\u00fcl\u015fen&#8217;le 2. Sayfa\u00a0program\u0131na telefonla ba\u011flanan\u00a0Nur Yerlita\u015f\u00a0&#8221;\u00a0Hadise&#8217;den milyonlarca defa \u00f6z\u00fcr diliyorum&#8221; dedi. \u0130\u015fte Yerlita\u015f&#8217;\u0131n s\u00f6zleri: \u015eerefim \u00fczerine yemin ederim ki, o canl\u0131 yay\u0131nda ne &hellip;\" \/>\n<meta property=\"og:url\" content=\"https:\/\/nasimword.ir\/?p=29865&amp;lang=tr\" \/>\n<meta property=\"og:site_name\" content=\"Nasim Word\" \/>\n<meta property=\"article:published_time\" content=\"2018-12-17T13:41:17+00:00\" \/>\n<meta property=\"og:image\" content=\"https:\/\/nasimword.ir\/wp-content\/uploads\/2018\/12\/BBR4iNS.jpg\" \/>\n\t<meta property=\"og:image:width\" content=\"606\" \/>\n\t<meta property=\"og:image:height\" content=\"340\" \/>\n\t<meta property=\"og:image:type\" content=\"image\/jpeg\" \/>\n<meta name=\"twitter:card\" content=\"summary\" \/>\n<meta name=\"twitter:label1\" content=\"\u0646\u0648\u0634\u062a\u0647\u200c\u0634\u062f\u0647 \u0628\u062f\u0633\u062a\" \/>\n\t<meta name=\"twitter:data1\" content=\"somaye\" \/>\n\t<meta name=\"twitter:label2\" content=\"\u0632\u0645\u0627\u0646 \u062a\u0642\u0631\u06cc\u0628\u06cc \u0628\u0631\u0627\u06cc \u062e\u0648\u0627\u0646\u062f\u0646\" \/>\n\t<meta name=\"twitter:data2\" content=\"1 \u062f\u0642\u06cc\u0642\u0647\" \/>\n<script type=\"application\/ld+json\" class=\"yoast-schema-graph\">{\"@context\":\"https:\/\/schema.org\",\"@graph\":[{\"@type\":\"WebSite\",\"@id\":\"https:\/\/nasimword.ir\/#website\",\"url\":\"https:\/\/nasimword.ir\/\",\"name\":\"Nasim Word\",\"description\":\"\u067e\u0648\u0631\u062a\u0627\u0644 \u062e\u0628\u0631\u06cc \u0648 \u062a\u062d\u0644\u06cc\u0644\u06cc \u0646\u0633\u06cc\u0645\",\"potentialAction\":[{\"@type\":\"SearchAction\",\"target\":{\"@type\":\"EntryPoint\",\"urlTemplate\":\"https:\/\/nasimword.ir\/?s={search_term_string}\"},\"query-input\":\"required name=search_term_string\"}],\"inLanguage\":\"fa-IR\"},{\"@type\":\"ImageObject\",\"@id\":\"https:\/\/nasimword.ir\/?p=29865&lang=tr#primaryimage\",\"inLanguage\":\"fa-IR\",\"url\":\"https:\/\/nasimword.ir\/wp-content\/uploads\/2018\/12\/BBR4iNS.jpg\",\"contentUrl\":\"https:\/\/nasimword.ir\/wp-content\/uploads\/2018\/12\/BBR4iNS.jpg\",\"width\":606,\"height\":340},{\"@type\":\"WebPage\",\"@id\":\"https:\/\/nasimword.ir\/?p=29865&lang=tr#webpage\",\"url\":\"https:\/\/nasimword.ir\/?p=29865&lang=tr\",\"name\":\"Nur Yerlita\u015f: Milyonlarca defa \u00f6z\u00fcr diliyorum - Nasim Word\",\"isPartOf\":{\"@id\":\"https:\/\/nasimword.ir\/#website\"},\"primaryImageOfPage\":{\"@id\":\"https:\/\/nasimword.ir\/?p=29865&lang=tr#primaryimage\"},\"datePublished\":\"2018-12-17T13:41:17+00:00\",\"dateModified\":\"2018-12-17T13:41:17+00:00\",\"author\":{\"@id\":\"https:\/\/nasimword.ir\/#\/schema\/person\/4c5a701cb6f5716f361e924d0581801e\"},\"breadcrumb\":{\"@id\":\"https:\/\/nasimword.ir\/?p=29865&lang=tr#breadcrumb\"},\"inLanguage\":\"fa-IR\",\"potentialAction\":[{\"@type\":\"ReadAction\",\"target\":[\"https:\/\/nasimword.ir\/?p=29865&lang=tr\"]}]},{\"@type\":\"BreadcrumbList\",\"@id\":\"https:\/\/nasimword.ir\/?p=29865&lang=tr#breadcrumb\",\"itemListElement\":[{\"@type\":\"ListItem\",\"position\":1,\"name\":\"\u062e\u0627\u0646\u0647\",\"item\":\"https:\/\/nasimword.ir\/\"},{\"@type\":\"ListItem\",\"position\":2,\"name\":\"Nur Yerlita\u015f: Milyonlarca defa \u00f6z\u00fcr diliyorum\"}]},{\"@type\":\"Person\",\"@id\":\"https:\/\/nasimword.ir\/#\/schema\/person\/4c5a701cb6f5716f361e924d0581801e\",\"name\":\"somaye\",\"image\":{\"@type\":\"ImageObject\",\"@id\":\"https:\/\/nasimword.ir\/#personlogo\",\"inLanguage\":\"fa-IR\",\"url\":\"https:\/\/secure.gravatar.com\/avatar\/1969d108d4e14d828407b1c82e2f7dab?s=96&d=mm&r=g\",\"contentUrl\":\"https:\/\/secure.gravatar.com\/avatar\/1969d108d4e14d828407b1c82e2f7dab?s=96&d=mm&r=g\",\"caption\":\"somaye\"},\"url\":\"https:\/\/nasimword.ir\/?author=22\"}]}<\/script>\n<!-- \/ Yoast SEO plugin. -->","yoast_head_json":{"title":"Nur Yerlita\u015f: Milyonlarca defa \u00f6z\u00fcr diliyorum - Nasim Word","robots":{"index":"index","follow":"follow","max-snippet":"max-snippet:-1","max-image-preview":"max-image-preview:large","max-video-preview":"max-video-preview:-1"},"canonical":"https:\/\/nasimword.ir\/?p=29865&lang=tr","og_locale":"fa_IR","og_type":"article","og_title":"Nur Yerlita\u015f: Milyonlarca defa \u00f6z\u00fcr diliyorum - Nasim Word","og_description":"\u015eark\u0131c\u0131 Hadise, televizyon program\u0131nda annesi G\u00fclnihal A\u00e7\u0131kg\u00f6z&#8217;\u00fcn intihara te\u015febb\u00fcs etti\u011fini s\u00f6yleyen modac\u0131 Nur Yerlita\u015f&#8217;a \u00e7ok k\u0131zm\u0131\u015f &#8220;Benim \u00f6zelimi t\u00fcm T\u00fcrkiye ile payla\u015ft\u0131. Bizden \u00f6z\u00fcr dilesin&#8221; demi\u015fti. Bu sabah Kanal D&#8217;de yay\u0131nlanan\u00a0M\u00fcge ve G\u00fcl\u015fen&#8217;le 2. Sayfa\u00a0program\u0131na telefonla ba\u011flanan\u00a0Nur Yerlita\u015f\u00a0&#8221;\u00a0Hadise&#8217;den milyonlarca defa \u00f6z\u00fcr diliyorum&#8221; dedi. \u0130\u015fte Yerlita\u015f&#8217;\u0131n s\u00f6zleri: \u015eerefim \u00fczerine yemin ederim ki, o canl\u0131 yay\u0131nda ne &hellip;","og_url":"https:\/\/nasimword.ir\/?p=29865&lang=tr","og_site_name":"Nasim Word","article_published_time":"2018-12-17T13:41:17+00:00","og_image":[{"width":606,"height":340,"url":"https:\/\/nasimword.ir\/wp-content\/uploads\/2018\/12\/BBR4iNS.jpg","type":"image\/jpeg"}],"twitter_card":"summary","twitter_misc":{"\u0646\u0648\u0634\u062a\u0647\u200c\u0634\u062f\u0647 \u0628\u062f\u0633\u062a":"somaye","\u0632\u0645\u0627\u0646 \u062a\u0642\u0631\u06cc\u0628\u06cc \u0628\u0631\u0627\u06cc \u062e\u0648\u0627\u0646\u062f\u0646":"1 \u062f\u0642\u06cc\u0642\u0647"},"schema":{"@context":"https:\/\/schema.org","@graph":[{"@type":"WebSite","@id":"https:\/\/nasimword.ir\/#website","url":"https:\/\/nasimword.ir\/","name":"Nasim Word","description":"\u067e\u0648\u0631\u062a\u0627\u0644 \u062e\u0628\u0631\u06cc \u0648 \u062a\u062d\u0644\u06cc\u0644\u06cc \u0646\u0633\u06cc\u0645","potentialAction":[{"@type":"SearchAction","target":{"@type":"EntryPoint","urlTemplate":"https:\/\/nasimword.ir\/?s={search_term_string}"},"query-input":"required name=search_term_string"}],"inLanguage":"fa-IR"},{"@type":"ImageObject","@id":"https:\/\/nasimword.ir\/?p=29865&lang=tr#primaryimage","inLanguage":"fa-IR","url":"https:\/\/nasimword.ir\/wp-content\/uploads\/2018\/12\/BBR4iNS.jpg","contentUrl":"https:\/\/nasimword.ir\/wp-content\/uploads\/2018\/12\/BBR4iNS.jpg","width":606,"height":340},{"@type":"WebPage","@id":"https:\/\/nasimword.ir\/?p=29865&lang=tr#webpage","url":"https:\/\/nasimword.ir\/?p=29865&lang=tr","name":"Nur Yerlita\u015f: Milyonlarca defa \u00f6z\u00fcr diliyorum - Nasim Word","isPartOf":{"@id":"https:\/\/nasimword.ir\/#website"},"primaryImageOfPage":{"@id":"https:\/\/nasimword.ir\/?p=29865&lang=tr#primaryimage"},"datePublished":"2018-12-17T13:41:17+00:00","dateModified":"2018-12-17T13:41:17+00:00","author":{"@id":"https:\/\/nasimword.ir\/#\/schema\/person\/4c5a701cb6f5716f361e924d0581801e"},"breadcrumb":{"@id":"https:\/\/nasimword.ir\/?p=29865&lang=tr#breadcrumb"},"inLanguage":"fa-IR","potentialAction":[{"@type":"ReadAction","target":["https:\/\/nasimword.ir\/?p=29865&lang=tr"]}]},{"@type":"BreadcrumbList","@id":"https:\/\/nasimword.ir\/?p=29865&lang=tr#breadcrumb","itemListElement":[{"@type":"ListItem","position":1,"name":"\u062e\u0627\u0646\u0647","item":"https:\/\/nasimword.ir\/"},{"@type":"ListItem","position":2,"name":"Nur Yerlita\u015f: Milyonlarca defa \u00f6z\u00fcr diliyorum"}]},{"@type":"Person","@id":"https:\/\/nasimword.ir\/#\/schema\/person\/4c5a701cb6f5716f361e924d0581801e","name":"somaye","image":{"@type":"ImageObject","@id":"https:\/\/nasimword.ir\/#personlogo","inLanguage":"fa-IR","url":"https:\/\/secure.gravatar.com\/avatar\/1969d108d4e14d828407b1c82e2f7dab?s=96&d=mm&r=g","contentUrl":"https:\/\/secure.gravatar.com\/avatar\/1969d108d4e14d828407b1c82e2f7dab?s=96&d=mm&r=g","caption":"somaye"},"url":"https:\/\/nasimword.ir\/?author=22"}]}},"_links":{"self":[{"href":"https:\/\/nasimword.ir\/index.php?rest_route=\/wp\/v2\/posts\/29865"}],"collection":[{"href":"https:\/\/nasimword.ir\/index.php?rest_route=\/wp\/v2\/posts"}],"about":[{"href":"https:\/\/nasimword.ir\/index.php?rest_route=\/wp\/v2\/types\/post"}],"author":[{"embeddable":true,"href":"https:\/\/nasimword.ir\/index.php?rest_route=\/wp\/v2\/users\/22"}],"replies":[{"embeddable":true,"href":"https:\/\/nasimword.ir\/index.php?rest_route=%2Fwp%2Fv2%2Fcomments&post=29865"}],"version-history":[{"count":0,"href":"https:\/\/nasimword.ir\/index.php?rest_route=\/wp\/v2\/posts\/29865\/revisions"}],"wp:featuredmedia":[{"embeddable":true,"href":"https:\/\/nasimword.ir\/index.php?rest_route=\/wp\/v2\/media\/29866"}],"wp:attachment":[{"href":"https:\/\/nasimword.ir\/index.php?rest_route=%2Fwp%2Fv2%2Fmedia&parent=29865"}],"wp:term":[{"taxonomy":"category","embeddable":true,"href":"https:\/\/nasimword.ir\/index.php?rest_route=%2Fwp%2Fv2%2Fcategories&post=29865"},{"taxonomy":"post_tag","embeddable":true,"href":"https:\/\/nasimword.ir\/index.php?rest_route=%2Fwp%2Fv2%2Ftags&post=29865"}],"curies":[{"name":"wp","href":"https:\/\/api.w.org\/{rel}","templated":true}]}}