{"id":30443,"date":"2018-12-27T12:35:49","date_gmt":"2018-12-27T09:05:49","guid":{"rendered":"http:\/\/nasimword.ir\/?p=30443"},"modified":"2018-12-27T12:36:31","modified_gmt":"2018-12-27T09:06:31","slug":"evlenmeden-hamile-kaldi-diyenler-oldu","status":"publish","type":"post","link":"https:\/\/nasimword.ir\/?p=30443&lang=tr","title":{"rendered":"&#8220;Evlenmeden hamile kald\u0131 diyenler oldu!&#8221;"},"content":{"rendered":"<h2 style=\"text-align: left\">26 ya\u015f\u0131nda bebe\u011fini kuca\u011f\u0131na alan g\u00fczel oyuncu G\u00f6k\u00e7e Aky\u0131ld\u0131z, \u00f6zel hayat\u0131yla ilgili \u00e7arp\u0131c\u0131 itiraflarda bulundu. D\u00fcnya evine girdikten k\u0131sa bir s\u00fcre sonra anne olan Aky\u0131ld\u0131z, hakk\u0131nda \u00e7\u0131kan \u00a0&#8220;Evlenmeden hamile kald\u0131&#8221; iddialar\u0131yla ilgili a\u00e7\u0131klama yapt\u0131<\/h2>\n<h2><img class=\"alignleft\" src=\"https:\/\/i.superhaber.tv\/2\/649\/382\/storage\/files\/images\/2018\/12\/26\/gokce-akyildiz-pida_cover.jpg\" alt=\"\u00c2\u00a0&quot;Evlenmeden hamile kald\u00c4\u00b1 diyenler oldu!&quot;\" \/><\/h2>\n<p style=\"text-align: left\">Oyuncu\u00a0<strong>G\u00f6k\u00e7e Aky\u0131ld\u0131z<\/strong>, 2. Sayfa program\u0131na konuk oldu. Ge\u00e7ti\u011fimiz aylarda annelik heyecan\u0131 ya\u015fayan 26 ya\u015f\u0131ndaki Aky\u0131ld\u0131z, \u00e7ocukken oyunculu\u011fa nas\u0131l heves etti\u011fini, e\u015fiyle nas\u0131l tan\u0131\u015ft\u0131\u011f\u0131n\u0131 ve annelik s\u00fcrecini anlatt\u0131.<strong>\u00a0\u0130\u015fte Aky\u0131ld\u0131z&#8217;\u0131n a\u00e7\u0131klamalar\u0131ndan sat\u0131rba\u015flar\u0131:<\/strong><\/p>\n<p style=\"text-align: left\">O\u011flumu parka g\u00f6t\u00fcr\u00fcyorum oradaki veliler de<strong>\u00a0\u2018niye acele ettin, niye bu kadar erken evlendin\u2019<\/strong>\u00a0diyorlar. Asl\u0131nda erken de\u011fil benim i\u00e7in \u00e7\u00fcnk\u00fc ben \u00e7ocuklar\u0131 \u00e7ok a\u015f\u0131r\u0131 seven bir tipim. Bir de \u00e7ocu\u011fa bakabilmek enerji meselesi, \u015fu an bile \u00e7ok yoruluyorum. Bence do\u011fru zaman oldu\u011funu d\u00fc\u015f\u00fcn\u00fcyorum. Anne olmak i\u00e7in de haz\u0131rd\u0131m. \u00c7ok planlad\u0131\u011f\u0131m\u0131z bir \u015fey de\u011fildi ama yine de \u00e7ok mutluyum<\/p>\n<p><img class=\"alignleft\" src=\"https:\/\/i.superhaber.tv\/storage\/files\/images\/2018\/12\/26\/2273092-4423ef91170783e5e11c01a451b-af3e.jpg\" \/><\/p>\n<p style=\"text-align: left\">E\u015fimle sette tan\u0131\u015ft\u0131k. 3.5 sezon beraber \u00e7al\u0131\u015ft\u0131k, ilk g\u00f6r\u00fc\u015fte a\u015fk! \u00c7ok etkilendik birbirimizden. Evlendik, bebe\u011fimiz var. 23 ya\u015f\u0131nda faland\u0131m tan\u0131\u015ft\u0131\u011f\u0131m\u0131zda. Dizi ba\u015flad\u0131\u011f\u0131nda ilk sezon sevgili de\u011fildik. \u0130\u015f arkada\u015f\u0131yd\u0131k. E\u015fim ses teknisyeni. Bir sene beraber \u00e7al\u0131\u015ft\u0131k, birbirimizden \u00e7ok etkilendik ama ilk ba\u015flarda a\u00e7\u0131lamad\u0131k, hep sabrettik i\u00e7imizde tuttuk ikinci sezonda s\u00f6yledik.<\/p>\n<p style=\"text-align: left\"><strong>\u00a0&#8220;EVLENMEDEN HAM\u0130LE KALDI D\u0130YENLER OLDU&#8221;<\/strong><\/p>\n<p style=\"text-align: left\">2 ayda ni\u015fanland\u0131k, 7 ay sonra da evlendik. Sonra da \u00e7ocu\u011fumuz geldi d\u00fcnyaya.<strong>\u2018Evlenmeden hamile kald\u0131\u2019<\/strong>\u00a0diyenler oldu. Bizim uzun s\u00fcren bir ili\u015fkimiz vard\u0131. Evlendik. Balay\u0131ndan d\u00f6nd\u00fck her \u015fey harika doktor kontrol\u00fcne gittik bebe\u011fimiz olaca\u011f\u0131n\u0131 \u00f6\u011frendik.<\/p>\n<p style=\"text-align: left\">\u0130lk ba\u015fta biz de \u00e7ok \u015fa\u015f\u0131rd\u0131k, evlili\u011fimiz \u00e7ok yeniydi. Bizim i\u00e7in de erken oldu ama sonra d\u00fc\u015f\u00fcn\u00fcnce iyi ki olmu\u015f. Hamileli\u011fimin son ay\u0131na kadar \u00e7al\u0131\u015ft\u0131m. Oynad\u0131\u011f\u0131m karakter \u00f6nemli bir karakterdi bizde dizi bitene kadar devam ettik<\/p>\n<p><img class=\"alignleft\" src=\"https:\/\/i.superhaber.tv\/storage\/files\/images\/2018\/12\/26\/2273092-2083b748bf0ebed0b12cf2197c5-vOae.jpg\" \/><\/p>\n<p style=\"text-align: left\"><strong>D\u0130Z\u0130 BEN\u0130M Y\u00dcZ\u00dcMDEN B\u0130TMED\u0130&#8221;<\/strong><\/p>\n<p style=\"text-align: left\"><strong>3.5 sezon s\u00fcrd\u00fc dizimiz, dizi benim y\u00fcz\u00fcmden bitmedi.<\/strong>\u00a0Reytingler azalm\u0131\u015ft\u0131, bitirdiler. \u015eu an ben buraya kadar kendi t\u0131rnaklar\u0131mla geldim. \u015eimdilik zaman\u0131m\u0131 o\u011flumla ge\u00e7iriyorum, bir yandan da projeleri inceliyorum.<strong>\u00a0\u2018Unutulurum\u2019<\/strong>\u00a0diye korkmuyorum, iyi olan bir insan her zaman i\u015f yapar. Ben bu konuda kendime g\u00fcveniyorum.<\/p>\n<div class=\"row\">\n<div class=\"col\" style=\"text-align: left\"><\/div>\n<\/div>\n","protected":false},"excerpt":{"rendered":"<p>26 ya\u015f\u0131nda bebe\u011fini kuca\u011f\u0131na alan g\u00fczel oyuncu G\u00f6k\u00e7e Aky\u0131ld\u0131z, \u00f6zel hayat\u0131yla ilgili \u00e7arp\u0131c\u0131 itiraflarda bulundu. D\u00fcnya evine girdikten k\u0131sa bir s\u00fcre sonra anne olan Aky\u0131ld\u0131z, hakk\u0131nda \u00e7\u0131kan \u00a0&#8220;Evlenmeden hamile kald\u0131&#8221; iddialar\u0131yla ilgili a\u00e7\u0131klama yapt\u0131 Oyuncu\u00a0G\u00f6k\u00e7e Aky\u0131ld\u0131z, 2. Sayfa program\u0131na konuk oldu. Ge\u00e7ti\u011fimiz aylarda annelik heyecan\u0131 ya\u015fayan 26 ya\u015f\u0131ndaki Aky\u0131ld\u0131z, \u00e7ocukken oyunculu\u011fa nas\u0131l heves etti\u011fini, e\u015fiyle &hellip;<\/p>\n","protected":false},"author":22,"featured_media":30444,"comment_status":"open","ping_status":"open","sticky":false,"template":"","format":"standard","meta":[],"categories":[11175,11171],"tags":[],"yoast_head":"<!-- This site is optimized with the Yoast SEO plugin v18.3 - https:\/\/yoast.com\/wordpress\/plugins\/seo\/ -->\n<title>&quot;Evlenmeden hamile kald\u0131 diyenler oldu!&quot; - Nasim Word<\/title>\n<meta name=\"robots\" content=\"index, follow, max-snippet:-1, max-image-preview:large, max-video-preview:-1\" \/>\n<link rel=\"canonical\" href=\"https:\/\/nasimword.ir\/?p=30443&#038;lang=tr\" \/>\n<meta property=\"og:locale\" content=\"fa_IR\" \/>\n<meta property=\"og:type\" content=\"article\" \/>\n<meta property=\"og:title\" content=\"&quot;Evlenmeden hamile kald\u0131 diyenler oldu!&quot; - Nasim Word\" \/>\n<meta property=\"og:description\" content=\"26 ya\u015f\u0131nda bebe\u011fini kuca\u011f\u0131na alan g\u00fczel oyuncu G\u00f6k\u00e7e Aky\u0131ld\u0131z, \u00f6zel hayat\u0131yla ilgili \u00e7arp\u0131c\u0131 itiraflarda bulundu. D\u00fcnya evine girdikten k\u0131sa bir s\u00fcre sonra anne olan Aky\u0131ld\u0131z, hakk\u0131nda \u00e7\u0131kan \u00a0&#8220;Evlenmeden hamile kald\u0131&#8221; iddialar\u0131yla ilgili a\u00e7\u0131klama yapt\u0131 Oyuncu\u00a0G\u00f6k\u00e7e Aky\u0131ld\u0131z, 2. Sayfa program\u0131na konuk oldu. Ge\u00e7ti\u011fimiz aylarda annelik heyecan\u0131 ya\u015fayan 26 ya\u015f\u0131ndaki Aky\u0131ld\u0131z, \u00e7ocukken oyunculu\u011fa nas\u0131l heves etti\u011fini, e\u015fiyle &hellip;\" \/>\n<meta property=\"og:url\" content=\"https:\/\/nasimword.ir\/?p=30443&amp;lang=tr\" \/>\n<meta property=\"og:site_name\" content=\"Nasim Word\" \/>\n<meta property=\"article:published_time\" content=\"2018-12-27T09:05:49+00:00\" \/>\n<meta property=\"article:modified_time\" content=\"2018-12-27T09:06:31+00:00\" \/>\n<meta property=\"og:image\" content=\"https:\/\/nasimword.ir\/wp-content\/uploads\/2018\/12\/gokce-akyildiz-pida_cover.jpg\" \/>\n\t<meta property=\"og:image:width\" content=\"649\" \/>\n\t<meta property=\"og:image:height\" content=\"382\" \/>\n\t<meta property=\"og:image:type\" content=\"image\/jpeg\" \/>\n<meta name=\"twitter:card\" content=\"summary\" \/>\n<meta name=\"twitter:label1\" content=\"\u0646\u0648\u0634\u062a\u0647\u200c\u0634\u062f\u0647 \u0628\u062f\u0633\u062a\" \/>\n\t<meta name=\"twitter:data1\" content=\"somaye\" \/>\n\t<meta name=\"twitter:label2\" content=\"\u0632\u0645\u0627\u0646 \u062a\u0642\u0631\u06cc\u0628\u06cc \u0628\u0631\u0627\u06cc \u062e\u0648\u0627\u0646\u062f\u0646\" \/>\n\t<meta name=\"twitter:data2\" content=\"2 \u062f\u0642\u06cc\u0642\u0647\" \/>\n<script type=\"application\/ld+json\" class=\"yoast-schema-graph\">{\"@context\":\"https:\/\/schema.org\",\"@graph\":[{\"@type\":\"WebSite\",\"@id\":\"https:\/\/nasimword.ir\/#website\",\"url\":\"https:\/\/nasimword.ir\/\",\"name\":\"Nasim Word\",\"description\":\"\u067e\u0648\u0631\u062a\u0627\u0644 \u062e\u0628\u0631\u06cc \u0648 \u062a\u062d\u0644\u06cc\u0644\u06cc \u0646\u0633\u06cc\u0645\",\"potentialAction\":[{\"@type\":\"SearchAction\",\"target\":{\"@type\":\"EntryPoint\",\"urlTemplate\":\"https:\/\/nasimword.ir\/?s={search_term_string}\"},\"query-input\":\"required name=search_term_string\"}],\"inLanguage\":\"fa-IR\"},{\"@type\":\"ImageObject\",\"@id\":\"https:\/\/nasimword.ir\/?p=30443&lang=tr#primaryimage\",\"inLanguage\":\"fa-IR\",\"url\":\"https:\/\/nasimword.ir\/wp-content\/uploads\/2018\/12\/gokce-akyildiz-pida_cover.jpg\",\"contentUrl\":\"https:\/\/nasimword.ir\/wp-content\/uploads\/2018\/12\/gokce-akyildiz-pida_cover.jpg\",\"width\":649,\"height\":382},{\"@type\":\"WebPage\",\"@id\":\"https:\/\/nasimword.ir\/?p=30443&lang=tr#webpage\",\"url\":\"https:\/\/nasimword.ir\/?p=30443&lang=tr\",\"name\":\"\\\"Evlenmeden hamile kald\u0131 diyenler oldu!\\\" - Nasim Word\",\"isPartOf\":{\"@id\":\"https:\/\/nasimword.ir\/#website\"},\"primaryImageOfPage\":{\"@id\":\"https:\/\/nasimword.ir\/?p=30443&lang=tr#primaryimage\"},\"datePublished\":\"2018-12-27T09:05:49+00:00\",\"dateModified\":\"2018-12-27T09:06:31+00:00\",\"author\":{\"@id\":\"https:\/\/nasimword.ir\/#\/schema\/person\/4c5a701cb6f5716f361e924d0581801e\"},\"breadcrumb\":{\"@id\":\"https:\/\/nasimword.ir\/?p=30443&lang=tr#breadcrumb\"},\"inLanguage\":\"fa-IR\",\"potentialAction\":[{\"@type\":\"ReadAction\",\"target\":[\"https:\/\/nasimword.ir\/?p=30443&lang=tr\"]}]},{\"@type\":\"BreadcrumbList\",\"@id\":\"https:\/\/nasimword.ir\/?p=30443&lang=tr#breadcrumb\",\"itemListElement\":[{\"@type\":\"ListItem\",\"position\":1,\"name\":\"\u062e\u0627\u0646\u0647\",\"item\":\"https:\/\/nasimword.ir\/\"},{\"@type\":\"ListItem\",\"position\":2,\"name\":\"&#8220;Evlenmeden hamile kald\u0131 diyenler oldu!&#8221;\"}]},{\"@type\":\"Person\",\"@id\":\"https:\/\/nasimword.ir\/#\/schema\/person\/4c5a701cb6f5716f361e924d0581801e\",\"name\":\"somaye\",\"image\":{\"@type\":\"ImageObject\",\"@id\":\"https:\/\/nasimword.ir\/#personlogo\",\"inLanguage\":\"fa-IR\",\"url\":\"https:\/\/secure.gravatar.com\/avatar\/1969d108d4e14d828407b1c82e2f7dab?s=96&d=mm&r=g\",\"contentUrl\":\"https:\/\/secure.gravatar.com\/avatar\/1969d108d4e14d828407b1c82e2f7dab?s=96&d=mm&r=g\",\"caption\":\"somaye\"},\"url\":\"https:\/\/nasimword.ir\/?author=22\"}]}<\/script>\n<!-- \/ Yoast SEO plugin. -->","yoast_head_json":{"title":"\"Evlenmeden hamile kald\u0131 diyenler oldu!\" - Nasim Word","robots":{"index":"index","follow":"follow","max-snippet":"max-snippet:-1","max-image-preview":"max-image-preview:large","max-video-preview":"max-video-preview:-1"},"canonical":"https:\/\/nasimword.ir\/?p=30443&lang=tr","og_locale":"fa_IR","og_type":"article","og_title":"\"Evlenmeden hamile kald\u0131 diyenler oldu!\" - Nasim Word","og_description":"26 ya\u015f\u0131nda bebe\u011fini kuca\u011f\u0131na alan g\u00fczel oyuncu G\u00f6k\u00e7e Aky\u0131ld\u0131z, \u00f6zel hayat\u0131yla ilgili \u00e7arp\u0131c\u0131 itiraflarda bulundu. D\u00fcnya evine girdikten k\u0131sa bir s\u00fcre sonra anne olan Aky\u0131ld\u0131z, hakk\u0131nda \u00e7\u0131kan \u00a0&#8220;Evlenmeden hamile kald\u0131&#8221; iddialar\u0131yla ilgili a\u00e7\u0131klama yapt\u0131 Oyuncu\u00a0G\u00f6k\u00e7e Aky\u0131ld\u0131z, 2. Sayfa program\u0131na konuk oldu. Ge\u00e7ti\u011fimiz aylarda annelik heyecan\u0131 ya\u015fayan 26 ya\u015f\u0131ndaki Aky\u0131ld\u0131z, \u00e7ocukken oyunculu\u011fa nas\u0131l heves etti\u011fini, e\u015fiyle &hellip;","og_url":"https:\/\/nasimword.ir\/?p=30443&lang=tr","og_site_name":"Nasim Word","article_published_time":"2018-12-27T09:05:49+00:00","article_modified_time":"2018-12-27T09:06:31+00:00","og_image":[{"width":649,"height":382,"url":"https:\/\/nasimword.ir\/wp-content\/uploads\/2018\/12\/gokce-akyildiz-pida_cover.jpg","type":"image\/jpeg"}],"twitter_card":"summary","twitter_misc":{"\u0646\u0648\u0634\u062a\u0647\u200c\u0634\u062f\u0647 \u0628\u062f\u0633\u062a":"somaye","\u0632\u0645\u0627\u0646 \u062a\u0642\u0631\u06cc\u0628\u06cc \u0628\u0631\u0627\u06cc \u062e\u0648\u0627\u0646\u062f\u0646":"2 \u062f\u0642\u06cc\u0642\u0647"},"schema":{"@context":"https:\/\/schema.org","@graph":[{"@type":"WebSite","@id":"https:\/\/nasimword.ir\/#website","url":"https:\/\/nasimword.ir\/","name":"Nasim Word","description":"\u067e\u0648\u0631\u062a\u0627\u0644 \u062e\u0628\u0631\u06cc \u0648 \u062a\u062d\u0644\u06cc\u0644\u06cc \u0646\u0633\u06cc\u0645","potentialAction":[{"@type":"SearchAction","target":{"@type":"EntryPoint","urlTemplate":"https:\/\/nasimword.ir\/?s={search_term_string}"},"query-input":"required name=search_term_string"}],"inLanguage":"fa-IR"},{"@type":"ImageObject","@id":"https:\/\/nasimword.ir\/?p=30443&lang=tr#primaryimage","inLanguage":"fa-IR","url":"https:\/\/nasimword.ir\/wp-content\/uploads\/2018\/12\/gokce-akyildiz-pida_cover.jpg","contentUrl":"https:\/\/nasimword.ir\/wp-content\/uploads\/2018\/12\/gokce-akyildiz-pida_cover.jpg","width":649,"height":382},{"@type":"WebPage","@id":"https:\/\/nasimword.ir\/?p=30443&lang=tr#webpage","url":"https:\/\/nasimword.ir\/?p=30443&lang=tr","name":"\"Evlenmeden hamile kald\u0131 diyenler oldu!\" - Nasim Word","isPartOf":{"@id":"https:\/\/nasimword.ir\/#website"},"primaryImageOfPage":{"@id":"https:\/\/nasimword.ir\/?p=30443&lang=tr#primaryimage"},"datePublished":"2018-12-27T09:05:49+00:00","dateModified":"2018-12-27T09:06:31+00:00","author":{"@id":"https:\/\/nasimword.ir\/#\/schema\/person\/4c5a701cb6f5716f361e924d0581801e"},"breadcrumb":{"@id":"https:\/\/nasimword.ir\/?p=30443&lang=tr#breadcrumb"},"inLanguage":"fa-IR","potentialAction":[{"@type":"ReadAction","target":["https:\/\/nasimword.ir\/?p=30443&lang=tr"]}]},{"@type":"BreadcrumbList","@id":"https:\/\/nasimword.ir\/?p=30443&lang=tr#breadcrumb","itemListElement":[{"@type":"ListItem","position":1,"name":"\u062e\u0627\u0646\u0647","item":"https:\/\/nasimword.ir\/"},{"@type":"ListItem","position":2,"name":"&#8220;Evlenmeden hamile kald\u0131 diyenler oldu!&#8221;"}]},{"@type":"Person","@id":"https:\/\/nasimword.ir\/#\/schema\/person\/4c5a701cb6f5716f361e924d0581801e","name":"somaye","image":{"@type":"ImageObject","@id":"https:\/\/nasimword.ir\/#personlogo","inLanguage":"fa-IR","url":"https:\/\/secure.gravatar.com\/avatar\/1969d108d4e14d828407b1c82e2f7dab?s=96&d=mm&r=g","contentUrl":"https:\/\/secure.gravatar.com\/avatar\/1969d108d4e14d828407b1c82e2f7dab?s=96&d=mm&r=g","caption":"somaye"},"url":"https:\/\/nasimword.ir\/?author=22"}]}},"_links":{"self":[{"href":"https:\/\/nasimword.ir\/index.php?rest_route=\/wp\/v2\/posts\/30443"}],"collection":[{"href":"https:\/\/nasimword.ir\/index.php?rest_route=\/wp\/v2\/posts"}],"about":[{"href":"https:\/\/nasimword.ir\/index.php?rest_route=\/wp\/v2\/types\/post"}],"author":[{"embeddable":true,"href":"https:\/\/nasimword.ir\/index.php?rest_route=\/wp\/v2\/users\/22"}],"replies":[{"embeddable":true,"href":"https:\/\/nasimword.ir\/index.php?rest_route=%2Fwp%2Fv2%2Fcomments&post=30443"}],"version-history":[{"count":0,"href":"https:\/\/nasimword.ir\/index.php?rest_route=\/wp\/v2\/posts\/30443\/revisions"}],"wp:featuredmedia":[{"embeddable":true,"href":"https:\/\/nasimword.ir\/index.php?rest_route=\/wp\/v2\/media\/30444"}],"wp:attachment":[{"href":"https:\/\/nasimword.ir\/index.php?rest_route=%2Fwp%2Fv2%2Fmedia&parent=30443"}],"wp:term":[{"taxonomy":"category","embeddable":true,"href":"https:\/\/nasimword.ir\/index.php?rest_route=%2Fwp%2Fv2%2Fcategories&post=30443"},{"taxonomy":"post_tag","embeddable":true,"href":"https:\/\/nasimword.ir\/index.php?rest_route=%2Fwp%2Fv2%2Ftags&post=30443"}],"curies":[{"name":"wp","href":"https:\/\/api.w.org\/{rel}","templated":true}]}}