{"id":31054,"date":"2019-01-09T14:19:59","date_gmt":"2019-01-09T10:49:59","guid":{"rendered":"http:\/\/nasimword.ir\/?p=31054"},"modified":"2019-01-09T14:19:59","modified_gmt":"2019-01-09T10:49:59","slug":"didem-soydan-ve-umut-eker-benzincide-saldiriya-ugradi","status":"publish","type":"post","link":"https:\/\/nasimword.ir\/?p=31054&lang=tr","title":{"rendered":"Didem Soydan ve Umut Eker benzincide sald\u0131r\u0131ya u\u011frad\u0131"},"content":{"rendered":"<p dir=\"ltr\"><strong>Didem Soydan ile arkada\u015f\u0131 Umut Eker, pazartesi \u00f6\u011fle saatlerinde Bak\u0131rk\u00f6y sahilindeki bir benzincide sald\u0131r\u0131ya u\u011frad\u0131. VIP minib\u00fcsten inen kalabal\u0131k grup ile \u00fcnl\u00fc ikili aras\u0131nda tekme tokat arbede ya\u015fand\u0131<\/strong><\/p>\n<p dir=\"ltr\"><img loading=\"lazy\" class=\"alignnone size-full wp-image-31055\" src=\"http:\/\/nasimword.ir\/wp-content\/uploads\/2019\/01\/BBRZVMo.jpg\" alt=\"\" width=\"598\" height=\"299\" srcset=\"https:\/\/nasimword.ir\/wp-content\/uploads\/2019\/01\/BBRZVMo.jpg 598w, https:\/\/nasimword.ir\/wp-content\/uploads\/2019\/01\/BBRZVMo-300x150.jpg 300w\" sizes=\"(max-width: 598px) 100vw, 598px\" \/><\/p>\n<p dir=\"ltr\">Son g\u00fcnlerde sosyal medyada payla\u015ft\u0131\u011f\u0131 foto\u011fraflarla ad\u0131ndan bahsettiren model Didem Soydan, bu kez ya\u015fad\u0131\u011f\u0131 bir kavgayla g\u00fcndeme geldi.<\/p>\n<p dir=\"ltr\">Sabah Gazetesi&#8217;nin haberine g\u00f6re; Arkada\u015f\u0131 Umut Eker&#8217;le \u00f6nceki g\u00fcn havaliman\u0131na do\u011fru giderken Bak\u0131rk\u00f6y sahilinde bulunan bir benzin istasyonuna u\u011frayan Didem Soydan, burada bir minib\u00fcsten inen kimli\u011fi belirsiz ki\u015filerle tekme tokat kavga etti.<\/p>\n<p dir=\"ltr\">G\u00f6rg\u00fc tan\u0131klar\u0131na g\u00f6re; birbirlerine hakaret ederek k\u00fcf\u00fcrle\u015fen iki grup, etraftaki insanlar\u0131n araya girmesiyle ayr\u0131ld\u0131.<\/p>\n<p dir=\"ltr\">Kavga sonras\u0131 Didem Soydan ve Umut Eker&#8217;in zor sakinle\u015ftirildi\u011fi \u00f6\u011frenildi.<\/p>\n<div id=\"dapid\" dir=\"ltr\" data-id=\"54\" data-m=\"{&quot;i&quot;:54,&quot;p&quot;:52,&quot;n&quot;:&quot;article-inlineOutstreamAd&quot;,&quot;t&quot;:&quot;inlineOutstreamAd&quot;,&quot;o&quot;:2}\">\n<div id=\"inlineoutstreamcontainer\" class=\"inlineOutstreamContainer\">\n<div id=\"apn_display_container_gdkk2ncof8\" class=\"\"><\/div>\n<\/div>\n<\/div>\n<p dir=\"ltr\">Kavga hakk\u0131nda konu\u015fan Didem Soydan, sald\u0131r\u0131ya u\u011frad\u0131\u011f\u0131n\u0131 do\u011frulayarak \u015f\u00f6yle konu\u015ftu: &#8220;O insanlardan \u015fikayet\u00e7i oldum. Mahkemeye intikal eden bir olay.&#8221; dedi.<\/p>\n<p dir=\"ltr\">Didem Soydan, &#8220;Kavga s\u0131ras\u0131nda siz herhangi bir darp ald\u0131n\u0131z m\u0131?&#8221; sorusuna ise &#8220;Bana \u00f6yle bir \u015fey yapabilirler mi? Beni darp edecek ki\u015fi hen\u00fcz daha do\u011fmad\u0131&#8221; diye cevap verdi.<\/p>\n","protected":false},"excerpt":{"rendered":"<p>Didem Soydan ile arkada\u015f\u0131 Umut Eker, pazartesi \u00f6\u011fle saatlerinde Bak\u0131rk\u00f6y sahilindeki bir benzincide sald\u0131r\u0131ya u\u011frad\u0131. VIP minib\u00fcsten inen kalabal\u0131k grup ile \u00fcnl\u00fc ikili aras\u0131nda tekme tokat arbede ya\u015fand\u0131 Son g\u00fcnlerde sosyal medyada payla\u015ft\u0131\u011f\u0131 foto\u011fraflarla ad\u0131ndan bahsettiren model Didem Soydan, bu kez ya\u015fad\u0131\u011f\u0131 bir kavgayla g\u00fcndeme geldi. Sabah Gazetesi&#8217;nin haberine g\u00f6re; Arkada\u015f\u0131 Umut Eker&#8217;le \u00f6nceki g\u00fcn &hellip;<\/p>\n","protected":false},"author":22,"featured_media":31055,"comment_status":"open","ping_status":"open","sticky":false,"template":"","format":"standard","meta":[],"categories":[14058,5955,11183],"tags":[],"yoast_head":"<!-- This site is optimized with the Yoast SEO plugin v18.3 - https:\/\/yoast.com\/wordpress\/plugins\/seo\/ -->\n<title>Didem Soydan ve Umut Eker benzincide sald\u0131r\u0131ya u\u011frad\u0131 - Nasim Word<\/title>\n<meta name=\"robots\" content=\"index, follow, max-snippet:-1, max-image-preview:large, max-video-preview:-1\" \/>\n<link rel=\"canonical\" href=\"https:\/\/nasimword.ir\/?p=31054&#038;lang=tr\" \/>\n<meta property=\"og:locale\" content=\"fa_IR\" \/>\n<meta property=\"og:type\" content=\"article\" \/>\n<meta property=\"og:title\" content=\"Didem Soydan ve Umut Eker benzincide sald\u0131r\u0131ya u\u011frad\u0131 - Nasim Word\" \/>\n<meta property=\"og:description\" content=\"Didem Soydan ile arkada\u015f\u0131 Umut Eker, pazartesi \u00f6\u011fle saatlerinde Bak\u0131rk\u00f6y sahilindeki bir benzincide sald\u0131r\u0131ya u\u011frad\u0131. VIP minib\u00fcsten inen kalabal\u0131k grup ile \u00fcnl\u00fc ikili aras\u0131nda tekme tokat arbede ya\u015fand\u0131 Son g\u00fcnlerde sosyal medyada payla\u015ft\u0131\u011f\u0131 foto\u011fraflarla ad\u0131ndan bahsettiren model Didem Soydan, bu kez ya\u015fad\u0131\u011f\u0131 bir kavgayla g\u00fcndeme geldi. Sabah Gazetesi&#8217;nin haberine g\u00f6re; Arkada\u015f\u0131 Umut Eker&#8217;le \u00f6nceki g\u00fcn &hellip;\" \/>\n<meta property=\"og:url\" content=\"https:\/\/nasimword.ir\/?p=31054&amp;lang=tr\" \/>\n<meta property=\"og:site_name\" content=\"Nasim Word\" \/>\n<meta property=\"article:published_time\" content=\"2019-01-09T10:49:59+00:00\" \/>\n<meta property=\"og:image\" content=\"https:\/\/nasimword.ir\/wp-content\/uploads\/2019\/01\/BBRZVMo.jpg\" \/>\n\t<meta property=\"og:image:width\" content=\"598\" \/>\n\t<meta property=\"og:image:height\" content=\"299\" \/>\n\t<meta property=\"og:image:type\" content=\"image\/jpeg\" \/>\n<meta name=\"twitter:card\" content=\"summary\" \/>\n<meta name=\"twitter:label1\" content=\"\u0646\u0648\u0634\u062a\u0647\u200c\u0634\u062f\u0647 \u0628\u062f\u0633\u062a\" \/>\n\t<meta name=\"twitter:data1\" content=\"somaye\" \/>\n\t<meta name=\"twitter:label2\" content=\"\u0632\u0645\u0627\u0646 \u062a\u0642\u0631\u06cc\u0628\u06cc \u0628\u0631\u0627\u06cc \u062e\u0648\u0627\u0646\u062f\u0646\" \/>\n\t<meta name=\"twitter:data2\" content=\"1 \u062f\u0642\u06cc\u0642\u0647\" \/>\n<script type=\"application\/ld+json\" class=\"yoast-schema-graph\">{\"@context\":\"https:\/\/schema.org\",\"@graph\":[{\"@type\":\"WebSite\",\"@id\":\"https:\/\/nasimword.ir\/#website\",\"url\":\"https:\/\/nasimword.ir\/\",\"name\":\"Nasim Word\",\"description\":\"\u067e\u0648\u0631\u062a\u0627\u0644 \u062e\u0628\u0631\u06cc \u0648 \u062a\u062d\u0644\u06cc\u0644\u06cc \u0646\u0633\u06cc\u0645\",\"potentialAction\":[{\"@type\":\"SearchAction\",\"target\":{\"@type\":\"EntryPoint\",\"urlTemplate\":\"https:\/\/nasimword.ir\/?s={search_term_string}\"},\"query-input\":\"required name=search_term_string\"}],\"inLanguage\":\"fa-IR\"},{\"@type\":\"ImageObject\",\"@id\":\"https:\/\/nasimword.ir\/?p=31054&lang=tr#primaryimage\",\"inLanguage\":\"fa-IR\",\"url\":\"https:\/\/nasimword.ir\/wp-content\/uploads\/2019\/01\/BBRZVMo.jpg\",\"contentUrl\":\"https:\/\/nasimword.ir\/wp-content\/uploads\/2019\/01\/BBRZVMo.jpg\",\"width\":598,\"height\":299},{\"@type\":\"WebPage\",\"@id\":\"https:\/\/nasimword.ir\/?p=31054&lang=tr#webpage\",\"url\":\"https:\/\/nasimword.ir\/?p=31054&lang=tr\",\"name\":\"Didem Soydan ve Umut Eker benzincide sald\u0131r\u0131ya u\u011frad\u0131 - Nasim Word\",\"isPartOf\":{\"@id\":\"https:\/\/nasimword.ir\/#website\"},\"primaryImageOfPage\":{\"@id\":\"https:\/\/nasimword.ir\/?p=31054&lang=tr#primaryimage\"},\"datePublished\":\"2019-01-09T10:49:59+00:00\",\"dateModified\":\"2019-01-09T10:49:59+00:00\",\"author\":{\"@id\":\"https:\/\/nasimword.ir\/#\/schema\/person\/4c5a701cb6f5716f361e924d0581801e\"},\"breadcrumb\":{\"@id\":\"https:\/\/nasimword.ir\/?p=31054&lang=tr#breadcrumb\"},\"inLanguage\":\"fa-IR\",\"potentialAction\":[{\"@type\":\"ReadAction\",\"target\":[\"https:\/\/nasimword.ir\/?p=31054&lang=tr\"]}]},{\"@type\":\"BreadcrumbList\",\"@id\":\"https:\/\/nasimword.ir\/?p=31054&lang=tr#breadcrumb\",\"itemListElement\":[{\"@type\":\"ListItem\",\"position\":1,\"name\":\"\u062e\u0627\u0646\u0647\",\"item\":\"https:\/\/nasimword.ir\/\"},{\"@type\":\"ListItem\",\"position\":2,\"name\":\"Didem Soydan ve Umut Eker benzincide sald\u0131r\u0131ya u\u011frad\u0131\"}]},{\"@type\":\"Person\",\"@id\":\"https:\/\/nasimword.ir\/#\/schema\/person\/4c5a701cb6f5716f361e924d0581801e\",\"name\":\"somaye\",\"image\":{\"@type\":\"ImageObject\",\"@id\":\"https:\/\/nasimword.ir\/#personlogo\",\"inLanguage\":\"fa-IR\",\"url\":\"https:\/\/secure.gravatar.com\/avatar\/1969d108d4e14d828407b1c82e2f7dab?s=96&d=mm&r=g\",\"contentUrl\":\"https:\/\/secure.gravatar.com\/avatar\/1969d108d4e14d828407b1c82e2f7dab?s=96&d=mm&r=g\",\"caption\":\"somaye\"},\"url\":\"https:\/\/nasimword.ir\/?author=22\"}]}<\/script>\n<!-- \/ Yoast SEO plugin. -->","yoast_head_json":{"title":"Didem Soydan ve Umut Eker benzincide sald\u0131r\u0131ya u\u011frad\u0131 - Nasim Word","robots":{"index":"index","follow":"follow","max-snippet":"max-snippet:-1","max-image-preview":"max-image-preview:large","max-video-preview":"max-video-preview:-1"},"canonical":"https:\/\/nasimword.ir\/?p=31054&lang=tr","og_locale":"fa_IR","og_type":"article","og_title":"Didem Soydan ve Umut Eker benzincide sald\u0131r\u0131ya u\u011frad\u0131 - Nasim Word","og_description":"Didem Soydan ile arkada\u015f\u0131 Umut Eker, pazartesi \u00f6\u011fle saatlerinde Bak\u0131rk\u00f6y sahilindeki bir benzincide sald\u0131r\u0131ya u\u011frad\u0131. VIP minib\u00fcsten inen kalabal\u0131k grup ile \u00fcnl\u00fc ikili aras\u0131nda tekme tokat arbede ya\u015fand\u0131 Son g\u00fcnlerde sosyal medyada payla\u015ft\u0131\u011f\u0131 foto\u011fraflarla ad\u0131ndan bahsettiren model Didem Soydan, bu kez ya\u015fad\u0131\u011f\u0131 bir kavgayla g\u00fcndeme geldi. Sabah Gazetesi&#8217;nin haberine g\u00f6re; Arkada\u015f\u0131 Umut Eker&#8217;le \u00f6nceki g\u00fcn &hellip;","og_url":"https:\/\/nasimword.ir\/?p=31054&lang=tr","og_site_name":"Nasim Word","article_published_time":"2019-01-09T10:49:59+00:00","og_image":[{"width":598,"height":299,"url":"https:\/\/nasimword.ir\/wp-content\/uploads\/2019\/01\/BBRZVMo.jpg","type":"image\/jpeg"}],"twitter_card":"summary","twitter_misc":{"\u0646\u0648\u0634\u062a\u0647\u200c\u0634\u062f\u0647 \u0628\u062f\u0633\u062a":"somaye","\u0632\u0645\u0627\u0646 \u062a\u0642\u0631\u06cc\u0628\u06cc \u0628\u0631\u0627\u06cc \u062e\u0648\u0627\u0646\u062f\u0646":"1 \u062f\u0642\u06cc\u0642\u0647"},"schema":{"@context":"https:\/\/schema.org","@graph":[{"@type":"WebSite","@id":"https:\/\/nasimword.ir\/#website","url":"https:\/\/nasimword.ir\/","name":"Nasim Word","description":"\u067e\u0648\u0631\u062a\u0627\u0644 \u062e\u0628\u0631\u06cc \u0648 \u062a\u062d\u0644\u06cc\u0644\u06cc \u0646\u0633\u06cc\u0645","potentialAction":[{"@type":"SearchAction","target":{"@type":"EntryPoint","urlTemplate":"https:\/\/nasimword.ir\/?s={search_term_string}"},"query-input":"required name=search_term_string"}],"inLanguage":"fa-IR"},{"@type":"ImageObject","@id":"https:\/\/nasimword.ir\/?p=31054&lang=tr#primaryimage","inLanguage":"fa-IR","url":"https:\/\/nasimword.ir\/wp-content\/uploads\/2019\/01\/BBRZVMo.jpg","contentUrl":"https:\/\/nasimword.ir\/wp-content\/uploads\/2019\/01\/BBRZVMo.jpg","width":598,"height":299},{"@type":"WebPage","@id":"https:\/\/nasimword.ir\/?p=31054&lang=tr#webpage","url":"https:\/\/nasimword.ir\/?p=31054&lang=tr","name":"Didem Soydan ve Umut Eker benzincide sald\u0131r\u0131ya u\u011frad\u0131 - Nasim Word","isPartOf":{"@id":"https:\/\/nasimword.ir\/#website"},"primaryImageOfPage":{"@id":"https:\/\/nasimword.ir\/?p=31054&lang=tr#primaryimage"},"datePublished":"2019-01-09T10:49:59+00:00","dateModified":"2019-01-09T10:49:59+00:00","author":{"@id":"https:\/\/nasimword.ir\/#\/schema\/person\/4c5a701cb6f5716f361e924d0581801e"},"breadcrumb":{"@id":"https:\/\/nasimword.ir\/?p=31054&lang=tr#breadcrumb"},"inLanguage":"fa-IR","potentialAction":[{"@type":"ReadAction","target":["https:\/\/nasimword.ir\/?p=31054&lang=tr"]}]},{"@type":"BreadcrumbList","@id":"https:\/\/nasimword.ir\/?p=31054&lang=tr#breadcrumb","itemListElement":[{"@type":"ListItem","position":1,"name":"\u062e\u0627\u0646\u0647","item":"https:\/\/nasimword.ir\/"},{"@type":"ListItem","position":2,"name":"Didem Soydan ve Umut Eker benzincide sald\u0131r\u0131ya u\u011frad\u0131"}]},{"@type":"Person","@id":"https:\/\/nasimword.ir\/#\/schema\/person\/4c5a701cb6f5716f361e924d0581801e","name":"somaye","image":{"@type":"ImageObject","@id":"https:\/\/nasimword.ir\/#personlogo","inLanguage":"fa-IR","url":"https:\/\/secure.gravatar.com\/avatar\/1969d108d4e14d828407b1c82e2f7dab?s=96&d=mm&r=g","contentUrl":"https:\/\/secure.gravatar.com\/avatar\/1969d108d4e14d828407b1c82e2f7dab?s=96&d=mm&r=g","caption":"somaye"},"url":"https:\/\/nasimword.ir\/?author=22"}]}},"_links":{"self":[{"href":"https:\/\/nasimword.ir\/index.php?rest_route=\/wp\/v2\/posts\/31054"}],"collection":[{"href":"https:\/\/nasimword.ir\/index.php?rest_route=\/wp\/v2\/posts"}],"about":[{"href":"https:\/\/nasimword.ir\/index.php?rest_route=\/wp\/v2\/types\/post"}],"author":[{"embeddable":true,"href":"https:\/\/nasimword.ir\/index.php?rest_route=\/wp\/v2\/users\/22"}],"replies":[{"embeddable":true,"href":"https:\/\/nasimword.ir\/index.php?rest_route=%2Fwp%2Fv2%2Fcomments&post=31054"}],"version-history":[{"count":0,"href":"https:\/\/nasimword.ir\/index.php?rest_route=\/wp\/v2\/posts\/31054\/revisions"}],"wp:featuredmedia":[{"embeddable":true,"href":"https:\/\/nasimword.ir\/index.php?rest_route=\/wp\/v2\/media\/31055"}],"wp:attachment":[{"href":"https:\/\/nasimword.ir\/index.php?rest_route=%2Fwp%2Fv2%2Fmedia&parent=31054"}],"wp:term":[{"taxonomy":"category","embeddable":true,"href":"https:\/\/nasimword.ir\/index.php?rest_route=%2Fwp%2Fv2%2Fcategories&post=31054"},{"taxonomy":"post_tag","embeddable":true,"href":"https:\/\/nasimword.ir\/index.php?rest_route=%2Fwp%2Fv2%2Ftags&post=31054"}],"curies":[{"name":"wp","href":"https:\/\/api.w.org\/{rel}","templated":true}]}}