{"id":32147,"date":"2019-01-23T18:37:12","date_gmt":"2019-01-23T15:07:12","guid":{"rendered":"http:\/\/nasimword.ir\/?p=32147"},"modified":"2019-01-23T18:37:12","modified_gmt":"2019-01-23T15:07:12","slug":"kaan-tangoze-ve-kivilcim-ural-ciftinin-kizlari-dogdu","status":"publish","type":"post","link":"https:\/\/nasimword.ir\/?p=32147&lang=tr","title":{"rendered":"Kaan Tang\u00f6ze ve K\u0131v\u0131lc\u0131m Ural \u00e7iftinin k\u0131zlar\u0131 do\u011fdu"},"content":{"rendered":"<p dir=\"ltr\"><strong>Kas\u0131m ay\u0131nda Duman grubunun solisti Kaan Tang\u00f6ze ile evlenen K\u0131v\u0131lc\u0131m Ural, anne oldu.<\/strong><\/p>\n<p dir=\"ltr\"><img loading=\"lazy\" class=\"alignnone size-full wp-image-32149\" src=\"http:\/\/nasimword.ir\/wp-content\/uploads\/2019\/01\/BBSCvBV.jpg\" alt=\"\" width=\"728\" height=\"410\" srcset=\"https:\/\/nasimword.ir\/wp-content\/uploads\/2019\/01\/BBSCvBV.jpg 728w, https:\/\/nasimword.ir\/wp-content\/uploads\/2019\/01\/BBSCvBV-300x169.jpg 300w\" sizes=\"(max-width: 728px) 100vw, 728px\" \/><\/p>\n<p dir=\"ltr\">Sabah gazetesinde yer alan habere g\u00f6re, d\u00fcn \u00f6zel bir hastanede do\u011fum yapan K\u0131v\u0131lc\u0131m Ural, bir k\u0131z bebek d\u00fcnyaya getirdi.<\/p>\n<p dir=\"ltr\">\u00dcnl\u00fc \u00e7ift, k\u0131zlar\u0131n\u0131n ismini hen\u00fcz a\u00e7\u0131klamad\u0131. 26 ya\u015f\u0131ndaki K\u0131v\u0131lc\u0131m Ural, ilk kez annelik heyecan\u0131 ya\u015f\u0131yor. Kaan Tang\u00f6ze&#8217;nin ise eski e\u015fi Se\u00e7kin Piriler&#8217;den Hakan ve Volkan ad\u0131nda 2 o\u011flu var.<\/p>\n<p dir=\"ltr\"><img loading=\"lazy\" class=\"alignnone size-full wp-image-32148\" src=\"http:\/\/nasimword.ir\/wp-content\/uploads\/2019\/01\/BBSCvC8.jpg\" alt=\"\" width=\"590\" height=\"370\" srcset=\"https:\/\/nasimword.ir\/wp-content\/uploads\/2019\/01\/BBSCvC8.jpg 590w, https:\/\/nasimword.ir\/wp-content\/uploads\/2019\/01\/BBSCvC8-300x188.jpg 300w\" sizes=\"(max-width: 590px) 100vw, 590px\" \/><\/p>\n","protected":false},"excerpt":{"rendered":"<p>Kas\u0131m ay\u0131nda Duman grubunun solisti Kaan Tang\u00f6ze ile evlenen K\u0131v\u0131lc\u0131m Ural, anne oldu. Sabah gazetesinde yer alan habere g\u00f6re, d\u00fcn \u00f6zel bir hastanede do\u011fum yapan K\u0131v\u0131lc\u0131m Ural, bir k\u0131z bebek d\u00fcnyaya getirdi. \u00dcnl\u00fc \u00e7ift, k\u0131zlar\u0131n\u0131n ismini hen\u00fcz a\u00e7\u0131klamad\u0131. 26 ya\u015f\u0131ndaki K\u0131v\u0131lc\u0131m Ural, ilk kez annelik heyecan\u0131 ya\u015f\u0131yor. Kaan Tang\u00f6ze&#8217;nin ise eski e\u015fi Se\u00e7kin Piriler&#8217;den Hakan &hellip;<\/p>\n","protected":false},"author":22,"featured_media":32149,"comment_status":"open","ping_status":"open","sticky":false,"template":"","format":"standard","meta":[],"categories":[14058,5955,11183],"tags":[],"yoast_head":"<!-- This site is optimized with the Yoast SEO plugin v18.3 - https:\/\/yoast.com\/wordpress\/plugins\/seo\/ -->\n<title>Kaan Tang\u00f6ze ve K\u0131v\u0131lc\u0131m Ural \u00e7iftinin k\u0131zlar\u0131 do\u011fdu - Nasim Word<\/title>\n<meta name=\"robots\" content=\"index, follow, max-snippet:-1, max-image-preview:large, max-video-preview:-1\" \/>\n<link rel=\"canonical\" href=\"https:\/\/nasimword.ir\/?p=32147&#038;lang=tr\" \/>\n<meta property=\"og:locale\" content=\"fa_IR\" \/>\n<meta property=\"og:type\" content=\"article\" \/>\n<meta property=\"og:title\" content=\"Kaan Tang\u00f6ze ve K\u0131v\u0131lc\u0131m Ural \u00e7iftinin k\u0131zlar\u0131 do\u011fdu - Nasim Word\" \/>\n<meta property=\"og:description\" content=\"Kas\u0131m ay\u0131nda Duman grubunun solisti Kaan Tang\u00f6ze ile evlenen K\u0131v\u0131lc\u0131m Ural, anne oldu. Sabah gazetesinde yer alan habere g\u00f6re, d\u00fcn \u00f6zel bir hastanede do\u011fum yapan K\u0131v\u0131lc\u0131m Ural, bir k\u0131z bebek d\u00fcnyaya getirdi. \u00dcnl\u00fc \u00e7ift, k\u0131zlar\u0131n\u0131n ismini hen\u00fcz a\u00e7\u0131klamad\u0131. 26 ya\u015f\u0131ndaki K\u0131v\u0131lc\u0131m Ural, ilk kez annelik heyecan\u0131 ya\u015f\u0131yor. Kaan Tang\u00f6ze&#8217;nin ise eski e\u015fi Se\u00e7kin Piriler&#8217;den Hakan &hellip;\" \/>\n<meta property=\"og:url\" content=\"https:\/\/nasimword.ir\/?p=32147&amp;lang=tr\" \/>\n<meta property=\"og:site_name\" content=\"Nasim Word\" \/>\n<meta property=\"article:published_time\" content=\"2019-01-23T15:07:12+00:00\" \/>\n<meta property=\"og:image\" content=\"https:\/\/nasimword.ir\/wp-content\/uploads\/2019\/01\/BBSCvBV.jpg\" \/>\n\t<meta property=\"og:image:width\" content=\"728\" \/>\n\t<meta property=\"og:image:height\" content=\"410\" \/>\n\t<meta property=\"og:image:type\" content=\"image\/jpeg\" \/>\n<meta name=\"twitter:card\" content=\"summary\" \/>\n<meta name=\"twitter:label1\" content=\"\u0646\u0648\u0634\u062a\u0647\u200c\u0634\u062f\u0647 \u0628\u062f\u0633\u062a\" \/>\n\t<meta name=\"twitter:data1\" content=\"somaye\" \/>\n<script type=\"application\/ld+json\" class=\"yoast-schema-graph\">{\"@context\":\"https:\/\/schema.org\",\"@graph\":[{\"@type\":\"WebSite\",\"@id\":\"https:\/\/nasimword.ir\/#website\",\"url\":\"https:\/\/nasimword.ir\/\",\"name\":\"Nasim Word\",\"description\":\"\u067e\u0648\u0631\u062a\u0627\u0644 \u062e\u0628\u0631\u06cc \u0648 \u062a\u062d\u0644\u06cc\u0644\u06cc \u0646\u0633\u06cc\u0645\",\"potentialAction\":[{\"@type\":\"SearchAction\",\"target\":{\"@type\":\"EntryPoint\",\"urlTemplate\":\"https:\/\/nasimword.ir\/?s={search_term_string}\"},\"query-input\":\"required name=search_term_string\"}],\"inLanguage\":\"fa-IR\"},{\"@type\":\"ImageObject\",\"@id\":\"https:\/\/nasimword.ir\/?p=32147&lang=tr#primaryimage\",\"inLanguage\":\"fa-IR\",\"url\":\"https:\/\/nasimword.ir\/wp-content\/uploads\/2019\/01\/BBSCvBV.jpg\",\"contentUrl\":\"https:\/\/nasimword.ir\/wp-content\/uploads\/2019\/01\/BBSCvBV.jpg\",\"width\":728,\"height\":410},{\"@type\":\"WebPage\",\"@id\":\"https:\/\/nasimword.ir\/?p=32147&lang=tr#webpage\",\"url\":\"https:\/\/nasimword.ir\/?p=32147&lang=tr\",\"name\":\"Kaan Tang\u00f6ze ve K\u0131v\u0131lc\u0131m Ural \u00e7iftinin k\u0131zlar\u0131 do\u011fdu - Nasim Word\",\"isPartOf\":{\"@id\":\"https:\/\/nasimword.ir\/#website\"},\"primaryImageOfPage\":{\"@id\":\"https:\/\/nasimword.ir\/?p=32147&lang=tr#primaryimage\"},\"datePublished\":\"2019-01-23T15:07:12+00:00\",\"dateModified\":\"2019-01-23T15:07:12+00:00\",\"author\":{\"@id\":\"https:\/\/nasimword.ir\/#\/schema\/person\/4c5a701cb6f5716f361e924d0581801e\"},\"breadcrumb\":{\"@id\":\"https:\/\/nasimword.ir\/?p=32147&lang=tr#breadcrumb\"},\"inLanguage\":\"fa-IR\",\"potentialAction\":[{\"@type\":\"ReadAction\",\"target\":[\"https:\/\/nasimword.ir\/?p=32147&lang=tr\"]}]},{\"@type\":\"BreadcrumbList\",\"@id\":\"https:\/\/nasimword.ir\/?p=32147&lang=tr#breadcrumb\",\"itemListElement\":[{\"@type\":\"ListItem\",\"position\":1,\"name\":\"\u062e\u0627\u0646\u0647\",\"item\":\"https:\/\/nasimword.ir\/\"},{\"@type\":\"ListItem\",\"position\":2,\"name\":\"Kaan Tang\u00f6ze ve K\u0131v\u0131lc\u0131m Ural \u00e7iftinin k\u0131zlar\u0131 do\u011fdu\"}]},{\"@type\":\"Person\",\"@id\":\"https:\/\/nasimword.ir\/#\/schema\/person\/4c5a701cb6f5716f361e924d0581801e\",\"name\":\"somaye\",\"image\":{\"@type\":\"ImageObject\",\"@id\":\"https:\/\/nasimword.ir\/#personlogo\",\"inLanguage\":\"fa-IR\",\"url\":\"https:\/\/secure.gravatar.com\/avatar\/1969d108d4e14d828407b1c82e2f7dab?s=96&d=mm&r=g\",\"contentUrl\":\"https:\/\/secure.gravatar.com\/avatar\/1969d108d4e14d828407b1c82e2f7dab?s=96&d=mm&r=g\",\"caption\":\"somaye\"},\"url\":\"https:\/\/nasimword.ir\/?author=22\"}]}<\/script>\n<!-- \/ Yoast SEO plugin. -->","yoast_head_json":{"title":"Kaan Tang\u00f6ze ve K\u0131v\u0131lc\u0131m Ural \u00e7iftinin k\u0131zlar\u0131 do\u011fdu - Nasim Word","robots":{"index":"index","follow":"follow","max-snippet":"max-snippet:-1","max-image-preview":"max-image-preview:large","max-video-preview":"max-video-preview:-1"},"canonical":"https:\/\/nasimword.ir\/?p=32147&lang=tr","og_locale":"fa_IR","og_type":"article","og_title":"Kaan Tang\u00f6ze ve K\u0131v\u0131lc\u0131m Ural \u00e7iftinin k\u0131zlar\u0131 do\u011fdu - Nasim Word","og_description":"Kas\u0131m ay\u0131nda Duman grubunun solisti Kaan Tang\u00f6ze ile evlenen K\u0131v\u0131lc\u0131m Ural, anne oldu. Sabah gazetesinde yer alan habere g\u00f6re, d\u00fcn \u00f6zel bir hastanede do\u011fum yapan K\u0131v\u0131lc\u0131m Ural, bir k\u0131z bebek d\u00fcnyaya getirdi. \u00dcnl\u00fc \u00e7ift, k\u0131zlar\u0131n\u0131n ismini hen\u00fcz a\u00e7\u0131klamad\u0131. 26 ya\u015f\u0131ndaki K\u0131v\u0131lc\u0131m Ural, ilk kez annelik heyecan\u0131 ya\u015f\u0131yor. Kaan Tang\u00f6ze&#8217;nin ise eski e\u015fi Se\u00e7kin Piriler&#8217;den Hakan &hellip;","og_url":"https:\/\/nasimword.ir\/?p=32147&lang=tr","og_site_name":"Nasim Word","article_published_time":"2019-01-23T15:07:12+00:00","og_image":[{"width":728,"height":410,"url":"https:\/\/nasimword.ir\/wp-content\/uploads\/2019\/01\/BBSCvBV.jpg","type":"image\/jpeg"}],"twitter_card":"summary","twitter_misc":{"\u0646\u0648\u0634\u062a\u0647\u200c\u0634\u062f\u0647 \u0628\u062f\u0633\u062a":"somaye"},"schema":{"@context":"https:\/\/schema.org","@graph":[{"@type":"WebSite","@id":"https:\/\/nasimword.ir\/#website","url":"https:\/\/nasimword.ir\/","name":"Nasim Word","description":"\u067e\u0648\u0631\u062a\u0627\u0644 \u062e\u0628\u0631\u06cc \u0648 \u062a\u062d\u0644\u06cc\u0644\u06cc \u0646\u0633\u06cc\u0645","potentialAction":[{"@type":"SearchAction","target":{"@type":"EntryPoint","urlTemplate":"https:\/\/nasimword.ir\/?s={search_term_string}"},"query-input":"required name=search_term_string"}],"inLanguage":"fa-IR"},{"@type":"ImageObject","@id":"https:\/\/nasimword.ir\/?p=32147&lang=tr#primaryimage","inLanguage":"fa-IR","url":"https:\/\/nasimword.ir\/wp-content\/uploads\/2019\/01\/BBSCvBV.jpg","contentUrl":"https:\/\/nasimword.ir\/wp-content\/uploads\/2019\/01\/BBSCvBV.jpg","width":728,"height":410},{"@type":"WebPage","@id":"https:\/\/nasimword.ir\/?p=32147&lang=tr#webpage","url":"https:\/\/nasimword.ir\/?p=32147&lang=tr","name":"Kaan Tang\u00f6ze ve K\u0131v\u0131lc\u0131m Ural \u00e7iftinin k\u0131zlar\u0131 do\u011fdu - Nasim Word","isPartOf":{"@id":"https:\/\/nasimword.ir\/#website"},"primaryImageOfPage":{"@id":"https:\/\/nasimword.ir\/?p=32147&lang=tr#primaryimage"},"datePublished":"2019-01-23T15:07:12+00:00","dateModified":"2019-01-23T15:07:12+00:00","author":{"@id":"https:\/\/nasimword.ir\/#\/schema\/person\/4c5a701cb6f5716f361e924d0581801e"},"breadcrumb":{"@id":"https:\/\/nasimword.ir\/?p=32147&lang=tr#breadcrumb"},"inLanguage":"fa-IR","potentialAction":[{"@type":"ReadAction","target":["https:\/\/nasimword.ir\/?p=32147&lang=tr"]}]},{"@type":"BreadcrumbList","@id":"https:\/\/nasimword.ir\/?p=32147&lang=tr#breadcrumb","itemListElement":[{"@type":"ListItem","position":1,"name":"\u062e\u0627\u0646\u0647","item":"https:\/\/nasimword.ir\/"},{"@type":"ListItem","position":2,"name":"Kaan Tang\u00f6ze ve K\u0131v\u0131lc\u0131m Ural \u00e7iftinin k\u0131zlar\u0131 do\u011fdu"}]},{"@type":"Person","@id":"https:\/\/nasimword.ir\/#\/schema\/person\/4c5a701cb6f5716f361e924d0581801e","name":"somaye","image":{"@type":"ImageObject","@id":"https:\/\/nasimword.ir\/#personlogo","inLanguage":"fa-IR","url":"https:\/\/secure.gravatar.com\/avatar\/1969d108d4e14d828407b1c82e2f7dab?s=96&d=mm&r=g","contentUrl":"https:\/\/secure.gravatar.com\/avatar\/1969d108d4e14d828407b1c82e2f7dab?s=96&d=mm&r=g","caption":"somaye"},"url":"https:\/\/nasimword.ir\/?author=22"}]}},"_links":{"self":[{"href":"https:\/\/nasimword.ir\/index.php?rest_route=\/wp\/v2\/posts\/32147"}],"collection":[{"href":"https:\/\/nasimword.ir\/index.php?rest_route=\/wp\/v2\/posts"}],"about":[{"href":"https:\/\/nasimword.ir\/index.php?rest_route=\/wp\/v2\/types\/post"}],"author":[{"embeddable":true,"href":"https:\/\/nasimword.ir\/index.php?rest_route=\/wp\/v2\/users\/22"}],"replies":[{"embeddable":true,"href":"https:\/\/nasimword.ir\/index.php?rest_route=%2Fwp%2Fv2%2Fcomments&post=32147"}],"version-history":[{"count":0,"href":"https:\/\/nasimword.ir\/index.php?rest_route=\/wp\/v2\/posts\/32147\/revisions"}],"wp:featuredmedia":[{"embeddable":true,"href":"https:\/\/nasimword.ir\/index.php?rest_route=\/wp\/v2\/media\/32149"}],"wp:attachment":[{"href":"https:\/\/nasimword.ir\/index.php?rest_route=%2Fwp%2Fv2%2Fmedia&parent=32147"}],"wp:term":[{"taxonomy":"category","embeddable":true,"href":"https:\/\/nasimword.ir\/index.php?rest_route=%2Fwp%2Fv2%2Fcategories&post=32147"},{"taxonomy":"post_tag","embeddable":true,"href":"https:\/\/nasimword.ir\/index.php?rest_route=%2Fwp%2Fv2%2Ftags&post=32147"}],"curies":[{"name":"wp","href":"https:\/\/api.w.org\/{rel}","templated":true}]}}