{"id":32646,"date":"2019-02-03T19:11:53","date_gmt":"2019-02-03T15:41:53","guid":{"rendered":"http:\/\/nasimword.ir\/?p=32646"},"modified":"2019-02-03T19:11:53","modified_gmt":"2019-02-03T15:41:53","slug":"imparator-ece-erkeni-taniyamadi","status":"publish","type":"post","link":"https:\/\/nasimword.ir\/?p=32646&lang=tr","title":{"rendered":"\u0130mparator Ece Erken&#8217;i tan\u0131yamad\u0131!"},"content":{"rendered":"<p dir=\"ltr\">\u00dcnl\u00fc t\u00fcrk\u00fcc\u00fc \u0130brahim Tatl\u0131ses, sunucu Ece Erken&#8217;in Instagram hesab\u0131ndan att\u0131\u011f\u0131 bir foto\u011fraf\u0131n alt\u0131na &#8220;Kim bu ya&#8221; yorumunu yapt\u0131. Tatl\u0131ses&#8217;in bu yorumunu g\u00f6ren sosyal medya kullan\u0131c\u0131lar\u0131, \u0130mparator&#8217;un ciddi olup olmad\u0131\u011f\u0131n\u0131 merak etti.<\/p>\n<p dir=\"ltr\"><a href=\"http:\/\/nasimword.ir\/wp-content\/uploads\/2019\/02\/336.jpg\" rel=\"lightbox\"><img loading=\"lazy\" class=\"alignnone size-full wp-image-32648\" src=\"http:\/\/nasimword.ir\/wp-content\/uploads\/2019\/02\/336.jpg\" alt=\"\" width=\"649\" height=\"382\" srcset=\"https:\/\/nasimword.ir\/wp-content\/uploads\/2019\/02\/336.jpg 649w, https:\/\/nasimword.ir\/wp-content\/uploads\/2019\/02\/336-300x177.jpg 300w\" sizes=\"(max-width: 649px) 100vw, 649px\" \/><\/a><\/p>\n<div id=\"adpro-4\" class=\"adpro desktop-ad text-center detail-box-banner\" dir=\"ltr\" data-page=\"192\" data-region=\"1066\" data-category=\"5a8f0b80cbcbe303c74725da\" data-loaded=\"true\"><\/div>\n<div class=\"content\" dir=\"ltr\">\n<p>\u00dcnl\u00fc sanat\u00e7\u0131\u00a0\u0130brahim Tatl\u0131ses,\u00a0Ece Erken&#8217;in g\u00f6nderisine yapt\u0131\u011f\u0131 yorumla\u00a0sosyal medyada olay oldu.<\/p>\n<p><strong>HAM\u0130LEL\u0130K POZUNU PAYLA\u015eTI<\/strong><\/p>\n<p>&#8216;S\u00f6ylemezsem Olmaz&#8217;\u00a0program\u0131n\u0131n sunucusu Ece Erken, hamilelik foto\u011fraf\u0131yla takip\u00e7ilerini ge\u00e7mi\u015fe g\u00f6t\u00fcrd\u00fc. \u00dcnl\u00fc sunucu pozunu,\u00a0<em>&#8220;Hamilelik tbt&#8217;si! Nutella yemeden bir dakika \u00f6ncesi&#8221;<\/em>\u00a0notuyla payla\u015ft\u0131.<\/p>\n<\/div>\n<p dir=\"ltr\"><a href=\"http:\/\/nasimword.ir\/wp-content\/uploads\/2019\/02\/7900.jpg\" rel=\"lightbox\"><img loading=\"lazy\" class=\"alignnone size-full wp-image-32647\" src=\"http:\/\/nasimword.ir\/wp-content\/uploads\/2019\/02\/7900.jpg\" alt=\"\" width=\"640\" height=\"815\" srcset=\"https:\/\/nasimword.ir\/wp-content\/uploads\/2019\/02\/7900.jpg 640w, https:\/\/nasimword.ir\/wp-content\/uploads\/2019\/02\/7900-236x300.jpg 236w\" sizes=\"(max-width: 640px) 100vw, 640px\" \/><\/a><\/p>\n<p dir=\"ltr\"><strong>&#8220;K\u0130M BU YA&#8221; SORUSU \u015eA\u015eIRTTI<\/strong><\/p>\n<p dir=\"ltr\">\u00dcnl\u00fc t\u00fcrk\u00fcc\u00fc \u0130brahim Tatl\u0131ses ise Erken&#8217;in bu g\u00f6nderisine ilgin\u00e7 bir yorumda bulundu. Tatl\u0131ses,\u00a0<em>&#8220;Kim bu ya&#8221;\u00a0<\/em>sorusuyla hem kendi takip\u00e7ilerini hem de Ece Erken&#8217;in takip\u00e7ilerini \u015fa\u015fk\u0131nl\u0131\u011fa u\u011fratt\u0131.<\/p>\n<p dir=\"ltr\"><strong>AKILLARDA SORU \u0130\u015eARET\u0130 BIRAKTI<\/strong><\/p>\n<p dir=\"ltr\">Kullan\u0131c\u0131lar, imparatorun bu soruyu sormas\u0131nda ciddi olup olmad\u0131\u011f\u0131n\u0131 sordu.<\/p>\n","protected":false},"excerpt":{"rendered":"<p>\u00dcnl\u00fc t\u00fcrk\u00fcc\u00fc \u0130brahim Tatl\u0131ses, sunucu Ece Erken&#8217;in Instagram hesab\u0131ndan att\u0131\u011f\u0131 bir foto\u011fraf\u0131n alt\u0131na &#8220;Kim bu ya&#8221; yorumunu yapt\u0131. Tatl\u0131ses&#8217;in bu yorumunu g\u00f6ren sosyal medya kullan\u0131c\u0131lar\u0131, \u0130mparator&#8217;un ciddi olup olmad\u0131\u011f\u0131n\u0131 merak etti. \u00dcnl\u00fc sanat\u00e7\u0131\u00a0\u0130brahim Tatl\u0131ses,\u00a0Ece Erken&#8217;in g\u00f6nderisine yapt\u0131\u011f\u0131 yorumla\u00a0sosyal medyada olay oldu. HAM\u0130LEL\u0130K POZUNU PAYLA\u015eTI &#8216;S\u00f6ylemezsem Olmaz&#8217;\u00a0program\u0131n\u0131n sunucusu Ece Erken, hamilelik foto\u011fraf\u0131yla takip\u00e7ilerini ge\u00e7mi\u015fe g\u00f6t\u00fcrd\u00fc. \u00dcnl\u00fc &hellip;<\/p>\n","protected":false},"author":22,"featured_media":32648,"comment_status":"open","ping_status":"open","sticky":false,"template":"","format":"standard","meta":[],"categories":[14058,5955,11183],"tags":[],"yoast_head":"<!-- This site is optimized with the Yoast SEO plugin v18.3 - https:\/\/yoast.com\/wordpress\/plugins\/seo\/ -->\n<title>\u0130mparator Ece Erken&#039;i tan\u0131yamad\u0131! - Nasim Word<\/title>\n<meta name=\"robots\" content=\"index, follow, max-snippet:-1, max-image-preview:large, max-video-preview:-1\" \/>\n<link rel=\"canonical\" href=\"https:\/\/nasimword.ir\/?p=32646&#038;lang=tr\" \/>\n<meta property=\"og:locale\" content=\"fa_IR\" \/>\n<meta property=\"og:type\" content=\"article\" \/>\n<meta property=\"og:title\" content=\"\u0130mparator Ece Erken&#039;i tan\u0131yamad\u0131! - Nasim Word\" \/>\n<meta property=\"og:description\" content=\"\u00dcnl\u00fc t\u00fcrk\u00fcc\u00fc \u0130brahim Tatl\u0131ses, sunucu Ece Erken&#8217;in Instagram hesab\u0131ndan att\u0131\u011f\u0131 bir foto\u011fraf\u0131n alt\u0131na &#8220;Kim bu ya&#8221; yorumunu yapt\u0131. Tatl\u0131ses&#8217;in bu yorumunu g\u00f6ren sosyal medya kullan\u0131c\u0131lar\u0131, \u0130mparator&#8217;un ciddi olup olmad\u0131\u011f\u0131n\u0131 merak etti. \u00dcnl\u00fc sanat\u00e7\u0131\u00a0\u0130brahim Tatl\u0131ses,\u00a0Ece Erken&#8217;in g\u00f6nderisine yapt\u0131\u011f\u0131 yorumla\u00a0sosyal medyada olay oldu. HAM\u0130LEL\u0130K POZUNU PAYLA\u015eTI &#8216;S\u00f6ylemezsem Olmaz&#8217;\u00a0program\u0131n\u0131n sunucusu Ece Erken, hamilelik foto\u011fraf\u0131yla takip\u00e7ilerini ge\u00e7mi\u015fe g\u00f6t\u00fcrd\u00fc. \u00dcnl\u00fc &hellip;\" \/>\n<meta property=\"og:url\" content=\"https:\/\/nasimword.ir\/?p=32646&amp;lang=tr\" \/>\n<meta property=\"og:site_name\" content=\"Nasim Word\" \/>\n<meta property=\"article:published_time\" content=\"2019-02-03T15:41:53+00:00\" \/>\n<meta property=\"og:image\" content=\"https:\/\/nasimword.ir\/wp-content\/uploads\/2019\/02\/336.jpg\" \/>\n\t<meta property=\"og:image:width\" content=\"649\" \/>\n\t<meta property=\"og:image:height\" content=\"382\" \/>\n\t<meta property=\"og:image:type\" content=\"image\/jpeg\" \/>\n<meta name=\"twitter:card\" content=\"summary\" \/>\n<meta name=\"twitter:label1\" content=\"\u0646\u0648\u0634\u062a\u0647\u200c\u0634\u062f\u0647 \u0628\u062f\u0633\u062a\" \/>\n\t<meta name=\"twitter:data1\" content=\"somaye\" \/>\n\t<meta name=\"twitter:label2\" content=\"\u0632\u0645\u0627\u0646 \u062a\u0642\u0631\u06cc\u0628\u06cc \u0628\u0631\u0627\u06cc \u062e\u0648\u0627\u0646\u062f\u0646\" \/>\n\t<meta name=\"twitter:data2\" content=\"1 \u062f\u0642\u06cc\u0642\u0647\" \/>\n<script type=\"application\/ld+json\" class=\"yoast-schema-graph\">{\"@context\":\"https:\/\/schema.org\",\"@graph\":[{\"@type\":\"WebSite\",\"@id\":\"https:\/\/nasimword.ir\/#website\",\"url\":\"https:\/\/nasimword.ir\/\",\"name\":\"Nasim Word\",\"description\":\"\u067e\u0648\u0631\u062a\u0627\u0644 \u062e\u0628\u0631\u06cc \u0648 \u062a\u062d\u0644\u06cc\u0644\u06cc \u0646\u0633\u06cc\u0645\",\"potentialAction\":[{\"@type\":\"SearchAction\",\"target\":{\"@type\":\"EntryPoint\",\"urlTemplate\":\"https:\/\/nasimword.ir\/?s={search_term_string}\"},\"query-input\":\"required name=search_term_string\"}],\"inLanguage\":\"fa-IR\"},{\"@type\":\"ImageObject\",\"@id\":\"https:\/\/nasimword.ir\/?p=32646&lang=tr#primaryimage\",\"inLanguage\":\"fa-IR\",\"url\":\"https:\/\/nasimword.ir\/wp-content\/uploads\/2019\/02\/336.jpg\",\"contentUrl\":\"https:\/\/nasimword.ir\/wp-content\/uploads\/2019\/02\/336.jpg\",\"width\":649,\"height\":382},{\"@type\":\"WebPage\",\"@id\":\"https:\/\/nasimword.ir\/?p=32646&lang=tr#webpage\",\"url\":\"https:\/\/nasimword.ir\/?p=32646&lang=tr\",\"name\":\"\u0130mparator Ece Erken'i tan\u0131yamad\u0131! - Nasim Word\",\"isPartOf\":{\"@id\":\"https:\/\/nasimword.ir\/#website\"},\"primaryImageOfPage\":{\"@id\":\"https:\/\/nasimword.ir\/?p=32646&lang=tr#primaryimage\"},\"datePublished\":\"2019-02-03T15:41:53+00:00\",\"dateModified\":\"2019-02-03T15:41:53+00:00\",\"author\":{\"@id\":\"https:\/\/nasimword.ir\/#\/schema\/person\/4c5a701cb6f5716f361e924d0581801e\"},\"breadcrumb\":{\"@id\":\"https:\/\/nasimword.ir\/?p=32646&lang=tr#breadcrumb\"},\"inLanguage\":\"fa-IR\",\"potentialAction\":[{\"@type\":\"ReadAction\",\"target\":[\"https:\/\/nasimword.ir\/?p=32646&lang=tr\"]}]},{\"@type\":\"BreadcrumbList\",\"@id\":\"https:\/\/nasimword.ir\/?p=32646&lang=tr#breadcrumb\",\"itemListElement\":[{\"@type\":\"ListItem\",\"position\":1,\"name\":\"\u062e\u0627\u0646\u0647\",\"item\":\"https:\/\/nasimword.ir\/\"},{\"@type\":\"ListItem\",\"position\":2,\"name\":\"\u0130mparator Ece Erken&#8217;i tan\u0131yamad\u0131!\"}]},{\"@type\":\"Person\",\"@id\":\"https:\/\/nasimword.ir\/#\/schema\/person\/4c5a701cb6f5716f361e924d0581801e\",\"name\":\"somaye\",\"image\":{\"@type\":\"ImageObject\",\"@id\":\"https:\/\/nasimword.ir\/#personlogo\",\"inLanguage\":\"fa-IR\",\"url\":\"https:\/\/secure.gravatar.com\/avatar\/1969d108d4e14d828407b1c82e2f7dab?s=96&d=mm&r=g\",\"contentUrl\":\"https:\/\/secure.gravatar.com\/avatar\/1969d108d4e14d828407b1c82e2f7dab?s=96&d=mm&r=g\",\"caption\":\"somaye\"},\"url\":\"https:\/\/nasimword.ir\/?author=22\"}]}<\/script>\n<!-- \/ Yoast SEO plugin. -->","yoast_head_json":{"title":"\u0130mparator Ece Erken'i tan\u0131yamad\u0131! - Nasim Word","robots":{"index":"index","follow":"follow","max-snippet":"max-snippet:-1","max-image-preview":"max-image-preview:large","max-video-preview":"max-video-preview:-1"},"canonical":"https:\/\/nasimword.ir\/?p=32646&lang=tr","og_locale":"fa_IR","og_type":"article","og_title":"\u0130mparator Ece Erken'i tan\u0131yamad\u0131! - Nasim Word","og_description":"\u00dcnl\u00fc t\u00fcrk\u00fcc\u00fc \u0130brahim Tatl\u0131ses, sunucu Ece Erken&#8217;in Instagram hesab\u0131ndan att\u0131\u011f\u0131 bir foto\u011fraf\u0131n alt\u0131na &#8220;Kim bu ya&#8221; yorumunu yapt\u0131. Tatl\u0131ses&#8217;in bu yorumunu g\u00f6ren sosyal medya kullan\u0131c\u0131lar\u0131, \u0130mparator&#8217;un ciddi olup olmad\u0131\u011f\u0131n\u0131 merak etti. \u00dcnl\u00fc sanat\u00e7\u0131\u00a0\u0130brahim Tatl\u0131ses,\u00a0Ece Erken&#8217;in g\u00f6nderisine yapt\u0131\u011f\u0131 yorumla\u00a0sosyal medyada olay oldu. HAM\u0130LEL\u0130K POZUNU PAYLA\u015eTI &#8216;S\u00f6ylemezsem Olmaz&#8217;\u00a0program\u0131n\u0131n sunucusu Ece Erken, hamilelik foto\u011fraf\u0131yla takip\u00e7ilerini ge\u00e7mi\u015fe g\u00f6t\u00fcrd\u00fc. \u00dcnl\u00fc &hellip;","og_url":"https:\/\/nasimword.ir\/?p=32646&lang=tr","og_site_name":"Nasim Word","article_published_time":"2019-02-03T15:41:53+00:00","og_image":[{"width":649,"height":382,"url":"https:\/\/nasimword.ir\/wp-content\/uploads\/2019\/02\/336.jpg","type":"image\/jpeg"}],"twitter_card":"summary","twitter_misc":{"\u0646\u0648\u0634\u062a\u0647\u200c\u0634\u062f\u0647 \u0628\u062f\u0633\u062a":"somaye","\u0632\u0645\u0627\u0646 \u062a\u0642\u0631\u06cc\u0628\u06cc \u0628\u0631\u0627\u06cc \u062e\u0648\u0627\u0646\u062f\u0646":"1 \u062f\u0642\u06cc\u0642\u0647"},"schema":{"@context":"https:\/\/schema.org","@graph":[{"@type":"WebSite","@id":"https:\/\/nasimword.ir\/#website","url":"https:\/\/nasimword.ir\/","name":"Nasim Word","description":"\u067e\u0648\u0631\u062a\u0627\u0644 \u062e\u0628\u0631\u06cc \u0648 \u062a\u062d\u0644\u06cc\u0644\u06cc \u0646\u0633\u06cc\u0645","potentialAction":[{"@type":"SearchAction","target":{"@type":"EntryPoint","urlTemplate":"https:\/\/nasimword.ir\/?s={search_term_string}"},"query-input":"required name=search_term_string"}],"inLanguage":"fa-IR"},{"@type":"ImageObject","@id":"https:\/\/nasimword.ir\/?p=32646&lang=tr#primaryimage","inLanguage":"fa-IR","url":"https:\/\/nasimword.ir\/wp-content\/uploads\/2019\/02\/336.jpg","contentUrl":"https:\/\/nasimword.ir\/wp-content\/uploads\/2019\/02\/336.jpg","width":649,"height":382},{"@type":"WebPage","@id":"https:\/\/nasimword.ir\/?p=32646&lang=tr#webpage","url":"https:\/\/nasimword.ir\/?p=32646&lang=tr","name":"\u0130mparator Ece Erken'i tan\u0131yamad\u0131! - Nasim Word","isPartOf":{"@id":"https:\/\/nasimword.ir\/#website"},"primaryImageOfPage":{"@id":"https:\/\/nasimword.ir\/?p=32646&lang=tr#primaryimage"},"datePublished":"2019-02-03T15:41:53+00:00","dateModified":"2019-02-03T15:41:53+00:00","author":{"@id":"https:\/\/nasimword.ir\/#\/schema\/person\/4c5a701cb6f5716f361e924d0581801e"},"breadcrumb":{"@id":"https:\/\/nasimword.ir\/?p=32646&lang=tr#breadcrumb"},"inLanguage":"fa-IR","potentialAction":[{"@type":"ReadAction","target":["https:\/\/nasimword.ir\/?p=32646&lang=tr"]}]},{"@type":"BreadcrumbList","@id":"https:\/\/nasimword.ir\/?p=32646&lang=tr#breadcrumb","itemListElement":[{"@type":"ListItem","position":1,"name":"\u062e\u0627\u0646\u0647","item":"https:\/\/nasimword.ir\/"},{"@type":"ListItem","position":2,"name":"\u0130mparator Ece Erken&#8217;i tan\u0131yamad\u0131!"}]},{"@type":"Person","@id":"https:\/\/nasimword.ir\/#\/schema\/person\/4c5a701cb6f5716f361e924d0581801e","name":"somaye","image":{"@type":"ImageObject","@id":"https:\/\/nasimword.ir\/#personlogo","inLanguage":"fa-IR","url":"https:\/\/secure.gravatar.com\/avatar\/1969d108d4e14d828407b1c82e2f7dab?s=96&d=mm&r=g","contentUrl":"https:\/\/secure.gravatar.com\/avatar\/1969d108d4e14d828407b1c82e2f7dab?s=96&d=mm&r=g","caption":"somaye"},"url":"https:\/\/nasimword.ir\/?author=22"}]}},"_links":{"self":[{"href":"https:\/\/nasimword.ir\/index.php?rest_route=\/wp\/v2\/posts\/32646"}],"collection":[{"href":"https:\/\/nasimword.ir\/index.php?rest_route=\/wp\/v2\/posts"}],"about":[{"href":"https:\/\/nasimword.ir\/index.php?rest_route=\/wp\/v2\/types\/post"}],"author":[{"embeddable":true,"href":"https:\/\/nasimword.ir\/index.php?rest_route=\/wp\/v2\/users\/22"}],"replies":[{"embeddable":true,"href":"https:\/\/nasimword.ir\/index.php?rest_route=%2Fwp%2Fv2%2Fcomments&post=32646"}],"version-history":[{"count":0,"href":"https:\/\/nasimword.ir\/index.php?rest_route=\/wp\/v2\/posts\/32646\/revisions"}],"wp:featuredmedia":[{"embeddable":true,"href":"https:\/\/nasimword.ir\/index.php?rest_route=\/wp\/v2\/media\/32648"}],"wp:attachment":[{"href":"https:\/\/nasimword.ir\/index.php?rest_route=%2Fwp%2Fv2%2Fmedia&parent=32646"}],"wp:term":[{"taxonomy":"category","embeddable":true,"href":"https:\/\/nasimword.ir\/index.php?rest_route=%2Fwp%2Fv2%2Fcategories&post=32646"},{"taxonomy":"post_tag","embeddable":true,"href":"https:\/\/nasimword.ir\/index.php?rest_route=%2Fwp%2Fv2%2Ftags&post=32646"}],"curies":[{"name":"wp","href":"https:\/\/api.w.org\/{rel}","templated":true}]}}