{"id":32891,"date":"2019-02-07T23:34:30","date_gmt":"2019-02-07T20:04:30","guid":{"rendered":"http:\/\/nasimword.ir\/?p=32891"},"modified":"2019-02-07T23:34:30","modified_gmt":"2019-02-07T20:04:30","slug":"sen-anlat-karadenizin-nefesini-cileden-cikardilar","status":"publish","type":"post","link":"https:\/\/nasimword.ir\/?p=32891&lang=tr","title":{"rendered":"Sen Anlat Karadeniz&#8217;in Nefes&#8217;ini \u00e7ileden \u00e7\u0131kard\u0131lar!"},"content":{"rendered":"<p dir=\"ltr\">ATV ekranlar\u0131n\u0131n reyting rekortmeni dizisi Sen Anlat Karadeniz&#8217;in ba\u015frol oyuncusu \u0130rem Helvac\u0131o\u011flu, Beyaz TV&#8217;de yay\u0131nlanan &#8216;S\u00f6ylemezsem Olmaz&#8217; program\u0131n\u0131n sunucular\u0131 Ece Erken ve Bircan Bali&#8217;ye dava a\u00e7t\u0131.<\/p>\n<p dir=\"ltr\"><a href=\"http:\/\/nasimword.ir\/wp-content\/uploads\/2019\/02\/mv5b.jpg\" rel=\"lightbox\"><img loading=\"lazy\" class=\"alignnone size-full wp-image-32892\" src=\"http:\/\/nasimword.ir\/wp-content\/uploads\/2019\/02\/mv5b.jpg\" alt=\"\" width=\"649\" height=\"309\" srcset=\"https:\/\/nasimword.ir\/wp-content\/uploads\/2019\/02\/mv5b.jpg 649w, https:\/\/nasimword.ir\/wp-content\/uploads\/2019\/02\/mv5b-300x143.jpg 300w\" sizes=\"(max-width: 649px) 100vw, 649px\" \/><\/a><\/p>\n<p dir=\"ltr\">Sen Anlat Karadeniz dizisinin gen\u00e7 oyuncusu \u0130rem Helvac\u0131o\u011flu; 2, 3 ve 24 Ocak&#8217;ta &#8216;S\u00f6ylemezsem Olmaz&#8217; program\u0131nda \u015fahs\u0131na y\u00f6nelik yap\u0131lan konu\u015fmalar\u0131n ele\u015ftiri s\u0131n\u0131r\u0131n\u0131 a\u015ft\u0131\u011f\u0131 ve ki\u015fisel haklar\u0131na m\u00fcdahale edildi\u011fi iddias\u0131yla Ece Erken ve Bircan Bali&#8217;ye tazminat davas\u0131 a\u00e7t\u0131.<\/p>\n<p dir=\"ltr\">Dava dilek\u00e7esinde; \u0130rem Helvac\u0131o\u011flu&#8217;nun bir s\u00f6yle\u015fi sonras\u0131nda marka y\u00fcz\u00fc oldu\u011fu giyim firmas\u0131n\u0131n kendisine tahsis etti\u011fi korumalar\u0131n medyaya yans\u0131mas\u0131 sonucunda &#8216;yeni yetme&#8217;, &#8216;ne oldum delisi&#8217;, &#8216;ukala&#8217;, &#8216;mafya babas\u0131 gibi geziyorsun&#8217; \u015feklinde \u00f6zg\u00fcrl\u00fc\u011f\u00fcn\u00fc a\u015fan, ki\u015fili\u011fine sald\u0131r\u0131 ifadeleri kullan\u0131ld\u0131\u011f\u0131 belirtildi.<\/p>\n<p dir=\"ltr\">\u0130rem Helvac\u0131o\u011flu&#8217;nun avukat\u0131 \u00d6zlem Hatice Bak\u0131rc\u0131 taraf\u0131ndan haz\u0131rlanan dilek\u00e7ede &#8216;\u0130rem&#8217;i kuaf\u00f6r, maky\u00f6z ve set ekibinden kimse sevmiyor, onlara k\u00f6t\u00fc davran\u0131yor, sette sa\u00e7\u0131n\u0131 ve makyaj\u0131n\u0131 yapmad\u0131lar&#8217; iddialar\u0131nda ad\u0131 ge\u00e7en \u015fah\u0131slar taraf\u0131ndan cevap haklar\u0131n\u0131 kullanaca\u011f\u0131n\u0131 belirterek m\u00fcvekkili \u0130rem Helvac\u0131o\u011flu&#8217;nun kesinlikle b\u00f6yle bir olay ya\u015famad\u0131\u011f\u0131n\u0131 belirtti.<\/p>\n<p dir=\"ltr\">&#8221;SEN K\u0130MS\u0130N!&#8221;<\/p>\n<p dir=\"ltr\">Dilek\u00e7ede ayr\u0131ca \u015fu ifadelere yer verildi:<\/p>\n<p dir=\"ltr\">&#8220;&#8216;S\u00f6ylemezsem Olmaz&#8217; program\u0131 sunucular\u0131 Ece Erken ve Bircan Bali, m\u00fcvekkilimin g\u00f6ndermi\u015f oldu\u011fu tekzip metninin kendilerine ula\u015fm\u0131\u015f olmas\u0131na ra\u011fmen kanun gere\u011fi yay\u0131nlamam\u0131\u015f aksine &#8216;sen kimsin tekzip g\u00f6nderiyorsun, bittin k\u0131z\u0131m sen, biz bu masada en kral\u0131n\u0131 do\u011frad\u0131k&#8217; gibi el ve kol hareketleriyle destekleyerek alenen tehdit i\u00e7eren ifadeler kullanm\u0131\u015flard\u0131r.&#8221;<\/p>\n","protected":false},"excerpt":{"rendered":"<p>ATV ekranlar\u0131n\u0131n reyting rekortmeni dizisi Sen Anlat Karadeniz&#8217;in ba\u015frol oyuncusu \u0130rem Helvac\u0131o\u011flu, Beyaz TV&#8217;de yay\u0131nlanan &#8216;S\u00f6ylemezsem Olmaz&#8217; program\u0131n\u0131n sunucular\u0131 Ece Erken ve Bircan Bali&#8217;ye dava a\u00e7t\u0131. Sen Anlat Karadeniz dizisinin gen\u00e7 oyuncusu \u0130rem Helvac\u0131o\u011flu; 2, 3 ve 24 Ocak&#8217;ta &#8216;S\u00f6ylemezsem Olmaz&#8217; program\u0131nda \u015fahs\u0131na y\u00f6nelik yap\u0131lan konu\u015fmalar\u0131n ele\u015ftiri s\u0131n\u0131r\u0131n\u0131 a\u015ft\u0131\u011f\u0131 ve ki\u015fisel haklar\u0131na m\u00fcdahale edildi\u011fi iddias\u0131yla &hellip;<\/p>\n","protected":false},"author":22,"featured_media":32892,"comment_status":"open","ping_status":"open","sticky":false,"template":"","format":"standard","meta":[],"categories":[14058,5955,11183],"tags":[],"yoast_head":"<!-- This site is optimized with the Yoast SEO plugin v18.3 - https:\/\/yoast.com\/wordpress\/plugins\/seo\/ -->\n<title>Sen Anlat Karadeniz&#039;in Nefes&#039;ini \u00e7ileden \u00e7\u0131kard\u0131lar! - Nasim Word<\/title>\n<meta name=\"robots\" content=\"index, follow, max-snippet:-1, max-image-preview:large, max-video-preview:-1\" \/>\n<link rel=\"canonical\" href=\"https:\/\/nasimword.ir\/?p=32891&#038;lang=tr\" \/>\n<meta property=\"og:locale\" content=\"fa_IR\" \/>\n<meta property=\"og:type\" content=\"article\" \/>\n<meta property=\"og:title\" content=\"Sen Anlat Karadeniz&#039;in Nefes&#039;ini \u00e7ileden \u00e7\u0131kard\u0131lar! - Nasim Word\" \/>\n<meta property=\"og:description\" content=\"ATV ekranlar\u0131n\u0131n reyting rekortmeni dizisi Sen Anlat Karadeniz&#8217;in ba\u015frol oyuncusu \u0130rem Helvac\u0131o\u011flu, Beyaz TV&#8217;de yay\u0131nlanan &#8216;S\u00f6ylemezsem Olmaz&#8217; program\u0131n\u0131n sunucular\u0131 Ece Erken ve Bircan Bali&#8217;ye dava a\u00e7t\u0131. Sen Anlat Karadeniz dizisinin gen\u00e7 oyuncusu \u0130rem Helvac\u0131o\u011flu; 2, 3 ve 24 Ocak&#8217;ta &#8216;S\u00f6ylemezsem Olmaz&#8217; program\u0131nda \u015fahs\u0131na y\u00f6nelik yap\u0131lan konu\u015fmalar\u0131n ele\u015ftiri s\u0131n\u0131r\u0131n\u0131 a\u015ft\u0131\u011f\u0131 ve ki\u015fisel haklar\u0131na m\u00fcdahale edildi\u011fi iddias\u0131yla &hellip;\" \/>\n<meta property=\"og:url\" content=\"https:\/\/nasimword.ir\/?p=32891&amp;lang=tr\" \/>\n<meta property=\"og:site_name\" content=\"Nasim Word\" \/>\n<meta property=\"article:published_time\" content=\"2019-02-07T20:04:30+00:00\" \/>\n<meta property=\"og:image\" content=\"https:\/\/nasimword.ir\/wp-content\/uploads\/2019\/02\/mv5b.jpg\" \/>\n\t<meta property=\"og:image:width\" content=\"649\" \/>\n\t<meta property=\"og:image:height\" content=\"309\" \/>\n\t<meta property=\"og:image:type\" content=\"image\/jpeg\" \/>\n<meta name=\"twitter:card\" content=\"summary\" \/>\n<meta name=\"twitter:label1\" content=\"\u0646\u0648\u0634\u062a\u0647\u200c\u0634\u062f\u0647 \u0628\u062f\u0633\u062a\" \/>\n\t<meta name=\"twitter:data1\" content=\"somaye\" \/>\n\t<meta name=\"twitter:label2\" content=\"\u0632\u0645\u0627\u0646 \u062a\u0642\u0631\u06cc\u0628\u06cc \u0628\u0631\u0627\u06cc \u062e\u0648\u0627\u0646\u062f\u0646\" \/>\n\t<meta name=\"twitter:data2\" content=\"1 \u062f\u0642\u06cc\u0642\u0647\" \/>\n<script type=\"application\/ld+json\" class=\"yoast-schema-graph\">{\"@context\":\"https:\/\/schema.org\",\"@graph\":[{\"@type\":\"WebSite\",\"@id\":\"https:\/\/nasimword.ir\/#website\",\"url\":\"https:\/\/nasimword.ir\/\",\"name\":\"Nasim Word\",\"description\":\"\u067e\u0648\u0631\u062a\u0627\u0644 \u062e\u0628\u0631\u06cc \u0648 \u062a\u062d\u0644\u06cc\u0644\u06cc \u0646\u0633\u06cc\u0645\",\"potentialAction\":[{\"@type\":\"SearchAction\",\"target\":{\"@type\":\"EntryPoint\",\"urlTemplate\":\"https:\/\/nasimword.ir\/?s={search_term_string}\"},\"query-input\":\"required name=search_term_string\"}],\"inLanguage\":\"fa-IR\"},{\"@type\":\"ImageObject\",\"@id\":\"https:\/\/nasimword.ir\/?p=32891&lang=tr#primaryimage\",\"inLanguage\":\"fa-IR\",\"url\":\"https:\/\/nasimword.ir\/wp-content\/uploads\/2019\/02\/mv5b.jpg\",\"contentUrl\":\"https:\/\/nasimword.ir\/wp-content\/uploads\/2019\/02\/mv5b.jpg\",\"width\":649,\"height\":309},{\"@type\":\"WebPage\",\"@id\":\"https:\/\/nasimword.ir\/?p=32891&lang=tr#webpage\",\"url\":\"https:\/\/nasimword.ir\/?p=32891&lang=tr\",\"name\":\"Sen Anlat Karadeniz'in Nefes'ini \u00e7ileden \u00e7\u0131kard\u0131lar! - Nasim Word\",\"isPartOf\":{\"@id\":\"https:\/\/nasimword.ir\/#website\"},\"primaryImageOfPage\":{\"@id\":\"https:\/\/nasimword.ir\/?p=32891&lang=tr#primaryimage\"},\"datePublished\":\"2019-02-07T20:04:30+00:00\",\"dateModified\":\"2019-02-07T20:04:30+00:00\",\"author\":{\"@id\":\"https:\/\/nasimword.ir\/#\/schema\/person\/4c5a701cb6f5716f361e924d0581801e\"},\"breadcrumb\":{\"@id\":\"https:\/\/nasimword.ir\/?p=32891&lang=tr#breadcrumb\"},\"inLanguage\":\"fa-IR\",\"potentialAction\":[{\"@type\":\"ReadAction\",\"target\":[\"https:\/\/nasimword.ir\/?p=32891&lang=tr\"]}]},{\"@type\":\"BreadcrumbList\",\"@id\":\"https:\/\/nasimword.ir\/?p=32891&lang=tr#breadcrumb\",\"itemListElement\":[{\"@type\":\"ListItem\",\"position\":1,\"name\":\"\u062e\u0627\u0646\u0647\",\"item\":\"https:\/\/nasimword.ir\/\"},{\"@type\":\"ListItem\",\"position\":2,\"name\":\"Sen Anlat Karadeniz&#8217;in Nefes&#8217;ini \u00e7ileden \u00e7\u0131kard\u0131lar!\"}]},{\"@type\":\"Person\",\"@id\":\"https:\/\/nasimword.ir\/#\/schema\/person\/4c5a701cb6f5716f361e924d0581801e\",\"name\":\"somaye\",\"image\":{\"@type\":\"ImageObject\",\"@id\":\"https:\/\/nasimword.ir\/#personlogo\",\"inLanguage\":\"fa-IR\",\"url\":\"https:\/\/secure.gravatar.com\/avatar\/1969d108d4e14d828407b1c82e2f7dab?s=96&d=mm&r=g\",\"contentUrl\":\"https:\/\/secure.gravatar.com\/avatar\/1969d108d4e14d828407b1c82e2f7dab?s=96&d=mm&r=g\",\"caption\":\"somaye\"},\"url\":\"https:\/\/nasimword.ir\/?author=22\"}]}<\/script>\n<!-- \/ Yoast SEO plugin. -->","yoast_head_json":{"title":"Sen Anlat Karadeniz'in Nefes'ini \u00e7ileden \u00e7\u0131kard\u0131lar! - Nasim Word","robots":{"index":"index","follow":"follow","max-snippet":"max-snippet:-1","max-image-preview":"max-image-preview:large","max-video-preview":"max-video-preview:-1"},"canonical":"https:\/\/nasimword.ir\/?p=32891&lang=tr","og_locale":"fa_IR","og_type":"article","og_title":"Sen Anlat Karadeniz'in Nefes'ini \u00e7ileden \u00e7\u0131kard\u0131lar! - Nasim Word","og_description":"ATV ekranlar\u0131n\u0131n reyting rekortmeni dizisi Sen Anlat Karadeniz&#8217;in ba\u015frol oyuncusu \u0130rem Helvac\u0131o\u011flu, Beyaz TV&#8217;de yay\u0131nlanan &#8216;S\u00f6ylemezsem Olmaz&#8217; program\u0131n\u0131n sunucular\u0131 Ece Erken ve Bircan Bali&#8217;ye dava a\u00e7t\u0131. Sen Anlat Karadeniz dizisinin gen\u00e7 oyuncusu \u0130rem Helvac\u0131o\u011flu; 2, 3 ve 24 Ocak&#8217;ta &#8216;S\u00f6ylemezsem Olmaz&#8217; program\u0131nda \u015fahs\u0131na y\u00f6nelik yap\u0131lan konu\u015fmalar\u0131n ele\u015ftiri s\u0131n\u0131r\u0131n\u0131 a\u015ft\u0131\u011f\u0131 ve ki\u015fisel haklar\u0131na m\u00fcdahale edildi\u011fi iddias\u0131yla &hellip;","og_url":"https:\/\/nasimword.ir\/?p=32891&lang=tr","og_site_name":"Nasim Word","article_published_time":"2019-02-07T20:04:30+00:00","og_image":[{"width":649,"height":309,"url":"https:\/\/nasimword.ir\/wp-content\/uploads\/2019\/02\/mv5b.jpg","type":"image\/jpeg"}],"twitter_card":"summary","twitter_misc":{"\u0646\u0648\u0634\u062a\u0647\u200c\u0634\u062f\u0647 \u0628\u062f\u0633\u062a":"somaye","\u0632\u0645\u0627\u0646 \u062a\u0642\u0631\u06cc\u0628\u06cc \u0628\u0631\u0627\u06cc \u062e\u0648\u0627\u0646\u062f\u0646":"1 \u062f\u0642\u06cc\u0642\u0647"},"schema":{"@context":"https:\/\/schema.org","@graph":[{"@type":"WebSite","@id":"https:\/\/nasimword.ir\/#website","url":"https:\/\/nasimword.ir\/","name":"Nasim Word","description":"\u067e\u0648\u0631\u062a\u0627\u0644 \u062e\u0628\u0631\u06cc \u0648 \u062a\u062d\u0644\u06cc\u0644\u06cc \u0646\u0633\u06cc\u0645","potentialAction":[{"@type":"SearchAction","target":{"@type":"EntryPoint","urlTemplate":"https:\/\/nasimword.ir\/?s={search_term_string}"},"query-input":"required name=search_term_string"}],"inLanguage":"fa-IR"},{"@type":"ImageObject","@id":"https:\/\/nasimword.ir\/?p=32891&lang=tr#primaryimage","inLanguage":"fa-IR","url":"https:\/\/nasimword.ir\/wp-content\/uploads\/2019\/02\/mv5b.jpg","contentUrl":"https:\/\/nasimword.ir\/wp-content\/uploads\/2019\/02\/mv5b.jpg","width":649,"height":309},{"@type":"WebPage","@id":"https:\/\/nasimword.ir\/?p=32891&lang=tr#webpage","url":"https:\/\/nasimword.ir\/?p=32891&lang=tr","name":"Sen Anlat Karadeniz'in Nefes'ini \u00e7ileden \u00e7\u0131kard\u0131lar! - Nasim Word","isPartOf":{"@id":"https:\/\/nasimword.ir\/#website"},"primaryImageOfPage":{"@id":"https:\/\/nasimword.ir\/?p=32891&lang=tr#primaryimage"},"datePublished":"2019-02-07T20:04:30+00:00","dateModified":"2019-02-07T20:04:30+00:00","author":{"@id":"https:\/\/nasimword.ir\/#\/schema\/person\/4c5a701cb6f5716f361e924d0581801e"},"breadcrumb":{"@id":"https:\/\/nasimword.ir\/?p=32891&lang=tr#breadcrumb"},"inLanguage":"fa-IR","potentialAction":[{"@type":"ReadAction","target":["https:\/\/nasimword.ir\/?p=32891&lang=tr"]}]},{"@type":"BreadcrumbList","@id":"https:\/\/nasimword.ir\/?p=32891&lang=tr#breadcrumb","itemListElement":[{"@type":"ListItem","position":1,"name":"\u062e\u0627\u0646\u0647","item":"https:\/\/nasimword.ir\/"},{"@type":"ListItem","position":2,"name":"Sen Anlat Karadeniz&#8217;in Nefes&#8217;ini \u00e7ileden \u00e7\u0131kard\u0131lar!"}]},{"@type":"Person","@id":"https:\/\/nasimword.ir\/#\/schema\/person\/4c5a701cb6f5716f361e924d0581801e","name":"somaye","image":{"@type":"ImageObject","@id":"https:\/\/nasimword.ir\/#personlogo","inLanguage":"fa-IR","url":"https:\/\/secure.gravatar.com\/avatar\/1969d108d4e14d828407b1c82e2f7dab?s=96&d=mm&r=g","contentUrl":"https:\/\/secure.gravatar.com\/avatar\/1969d108d4e14d828407b1c82e2f7dab?s=96&d=mm&r=g","caption":"somaye"},"url":"https:\/\/nasimword.ir\/?author=22"}]}},"_links":{"self":[{"href":"https:\/\/nasimword.ir\/index.php?rest_route=\/wp\/v2\/posts\/32891"}],"collection":[{"href":"https:\/\/nasimword.ir\/index.php?rest_route=\/wp\/v2\/posts"}],"about":[{"href":"https:\/\/nasimword.ir\/index.php?rest_route=\/wp\/v2\/types\/post"}],"author":[{"embeddable":true,"href":"https:\/\/nasimword.ir\/index.php?rest_route=\/wp\/v2\/users\/22"}],"replies":[{"embeddable":true,"href":"https:\/\/nasimword.ir\/index.php?rest_route=%2Fwp%2Fv2%2Fcomments&post=32891"}],"version-history":[{"count":0,"href":"https:\/\/nasimword.ir\/index.php?rest_route=\/wp\/v2\/posts\/32891\/revisions"}],"wp:featuredmedia":[{"embeddable":true,"href":"https:\/\/nasimword.ir\/index.php?rest_route=\/wp\/v2\/media\/32892"}],"wp:attachment":[{"href":"https:\/\/nasimword.ir\/index.php?rest_route=%2Fwp%2Fv2%2Fmedia&parent=32891"}],"wp:term":[{"taxonomy":"category","embeddable":true,"href":"https:\/\/nasimword.ir\/index.php?rest_route=%2Fwp%2Fv2%2Fcategories&post=32891"},{"taxonomy":"post_tag","embeddable":true,"href":"https:\/\/nasimword.ir\/index.php?rest_route=%2Fwp%2Fv2%2Ftags&post=32891"}],"curies":[{"name":"wp","href":"https:\/\/api.w.org\/{rel}","templated":true}]}}