{"id":33621,"date":"2019-02-21T18:21:03","date_gmt":"2019-02-21T14:51:03","guid":{"rendered":"http:\/\/nasimword.ir\/?p=33621"},"modified":"2019-02-21T18:21:03","modified_gmt":"2019-02-21T14:51:03","slug":"once-inkar-etti-sonra-kabul-etti","status":"publish","type":"post","link":"https:\/\/nasimword.ir\/?p=33621&lang=tr","title":{"rendered":"\u00d6nce inkar etti, sonra kabul etti!"},"content":{"rendered":"<p dir=\"ltr\">Ge\u00e7ti\u011fimiz y\u0131l a\u011fustos ay\u0131nda Selim Selimo\u011flu ile hayat\u0131n\u0131 birle\u015ftiren \u015fark\u0131c\u0131 Beng\u00fc, sosyal medya hesab\u0131ndan payla\u015ft\u0131\u011f\u0131 bir g\u00f6nderiyle hamile oldu\u011funu duyurdu.<\/p>\n<p dir=\"ltr\"><img loading=\"lazy\" class=\"alignnone size-full wp-image-33623\" src=\"http:\/\/nasimword.ir\/wp-content\/uploads\/2019\/02\/57079aee67b0a92820c561c8.jpg\" alt=\"\" width=\"750\" height=\"422\" srcset=\"https:\/\/nasimword.ir\/wp-content\/uploads\/2019\/02\/57079aee67b0a92820c561c8.jpg 750w, https:\/\/nasimword.ir\/wp-content\/uploads\/2019\/02\/57079aee67b0a92820c561c8-300x169.jpg 300w\" sizes=\"(max-width: 750px) 100vw, 750px\" \/><\/p>\n<p dir=\"ltr\">A\u011fustos ay\u0131nda bir y\u0131ll\u0131k sevgilisi Selim Selimo\u011flu ile nikah masas\u0131na oturan Beng\u00fc, Instagram hesab\u0131ndan hamile oldu\u011funu a\u00e7\u0131klad\u0131.<\/p>\n<p dir=\"ltr\">15 \u015eubat&#8217;ta &#8220;Yaz\u0131k&#8221; adl\u0131 single \u00e7al\u0131\u015fmas\u0131n\u0131 m\u00fczikseverlerle bulu\u015fturan \u00fcnl\u00fc pop\u00e7u Beng\u00fc, bir bebek ayakkab\u0131s\u0131yla yapt\u0131\u011f\u0131 sefieye payla\u015fan Beng\u00fc alt\u0131na \u015fu notu yazd\u0131:<\/p>\n<p dir=\"ltr\">&#8220;ANNE OLUYORUM&#8221;<\/p>\n<p dir=\"ltr\">&#8220;D\u00fcnyan\u0131n en g\u00fczel duygusunu sizlerle payla\u015fman\u0131n zaman\u0131 geldi. Evet anne oluyorum! Bizim bir bebe\u011fimiz oluyor. 16. Haftam\u0131zday\u0131z ve ben \u00f6\u011frendi\u011fim ilk g\u00fcnden beri tarif etmesi \u00e7ok zor duygular ya\u015f\u0131yorum&#8230; Sanki bu ya\u015f\u0131ma kadar ya\u015fad\u0131\u011f\u0131m t\u00fcm duygular bombo\u015f benim i\u00e7in&#8230; Kocaman bir sevin\u00e7, heyecan, merak, endi\u015fe, hepsi bir arada&#8230;<\/p>\n<p dir=\"ltr\">&#8220;HEP DUA ED\u0130N&#8221;<\/p>\n<p dir=\"ltr\">Allah&#8217;\u0131n izniyle ve sizlerin de dualar\u0131yla bebe\u011fimizi sa\u011fl\u0131kla kuca\u011f\u0131m\u0131za alaca\u011f\u0131m\u0131z g\u00fcn\u00fc merakla ve heyecanla bekliyoruz&#8230; Bu s\u00fcre\u00e7te sizler de bizim i\u00e7in hep dua edin olur mu? Allah isteyen; bekleyen dileyen herkese bu mucizeyi nasip etsin ve benim gibi hami\u015fleri korusun&#8230; Sizi seviyoruz ve ikimiz de \u00f6p\u00fcyoruz&#8221;<\/p>\n<p dir=\"ltr\"><img loading=\"lazy\" class=\"alignnone size-full wp-image-33622\" src=\"http:\/\/nasimword.ir\/wp-content\/uploads\/2019\/02\/sarkici-bnegu-.jpg\" alt=\"\" width=\"640\" height=\"482\" srcset=\"https:\/\/nasimword.ir\/wp-content\/uploads\/2019\/02\/sarkici-bnegu-.jpg 640w, https:\/\/nasimword.ir\/wp-content\/uploads\/2019\/02\/sarkici-bnegu--300x226.jpg 300w\" sizes=\"(max-width: 640px) 100vw, 640px\" \/><\/p>\n","protected":false},"excerpt":{"rendered":"<p>Ge\u00e7ti\u011fimiz y\u0131l a\u011fustos ay\u0131nda Selim Selimo\u011flu ile hayat\u0131n\u0131 birle\u015ftiren \u015fark\u0131c\u0131 Beng\u00fc, sosyal medya hesab\u0131ndan payla\u015ft\u0131\u011f\u0131 bir g\u00f6nderiyle hamile oldu\u011funu duyurdu. A\u011fustos ay\u0131nda bir y\u0131ll\u0131k sevgilisi Selim Selimo\u011flu ile nikah masas\u0131na oturan Beng\u00fc, Instagram hesab\u0131ndan hamile oldu\u011funu a\u00e7\u0131klad\u0131. 15 \u015eubat&#8217;ta &#8220;Yaz\u0131k&#8221; adl\u0131 single \u00e7al\u0131\u015fmas\u0131n\u0131 m\u00fczikseverlerle bulu\u015fturan \u00fcnl\u00fc pop\u00e7u Beng\u00fc, bir bebek ayakkab\u0131s\u0131yla yapt\u0131\u011f\u0131 sefieye payla\u015fan Beng\u00fc &hellip;<\/p>\n","protected":false},"author":22,"featured_media":33623,"comment_status":"open","ping_status":"open","sticky":false,"template":"","format":"standard","meta":[],"categories":[14058,5955,11183],"tags":[],"yoast_head":"<!-- This site is optimized with the Yoast SEO plugin v18.3 - https:\/\/yoast.com\/wordpress\/plugins\/seo\/ -->\n<title>\u00d6nce inkar etti, sonra kabul etti! - Nasim Word<\/title>\n<meta name=\"robots\" content=\"index, follow, max-snippet:-1, max-image-preview:large, max-video-preview:-1\" \/>\n<link rel=\"canonical\" href=\"https:\/\/nasimword.ir\/?p=33621&#038;lang=tr\" \/>\n<meta property=\"og:locale\" content=\"fa_IR\" \/>\n<meta property=\"og:type\" content=\"article\" \/>\n<meta property=\"og:title\" content=\"\u00d6nce inkar etti, sonra kabul etti! - Nasim Word\" \/>\n<meta property=\"og:description\" content=\"Ge\u00e7ti\u011fimiz y\u0131l a\u011fustos ay\u0131nda Selim Selimo\u011flu ile hayat\u0131n\u0131 birle\u015ftiren \u015fark\u0131c\u0131 Beng\u00fc, sosyal medya hesab\u0131ndan payla\u015ft\u0131\u011f\u0131 bir g\u00f6nderiyle hamile oldu\u011funu duyurdu. A\u011fustos ay\u0131nda bir y\u0131ll\u0131k sevgilisi Selim Selimo\u011flu ile nikah masas\u0131na oturan Beng\u00fc, Instagram hesab\u0131ndan hamile oldu\u011funu a\u00e7\u0131klad\u0131. 15 \u015eubat&#8217;ta &#8220;Yaz\u0131k&#8221; adl\u0131 single \u00e7al\u0131\u015fmas\u0131n\u0131 m\u00fczikseverlerle bulu\u015fturan \u00fcnl\u00fc pop\u00e7u Beng\u00fc, bir bebek ayakkab\u0131s\u0131yla yapt\u0131\u011f\u0131 sefieye payla\u015fan Beng\u00fc &hellip;\" \/>\n<meta property=\"og:url\" content=\"https:\/\/nasimword.ir\/?p=33621&amp;lang=tr\" \/>\n<meta property=\"og:site_name\" content=\"Nasim Word\" \/>\n<meta property=\"article:published_time\" content=\"2019-02-21T14:51:03+00:00\" \/>\n<meta property=\"og:image\" content=\"https:\/\/nasimword.ir\/wp-content\/uploads\/2019\/02\/57079aee67b0a92820c561c8.jpg\" \/>\n\t<meta property=\"og:image:width\" content=\"750\" \/>\n\t<meta property=\"og:image:height\" content=\"422\" \/>\n\t<meta property=\"og:image:type\" content=\"image\/jpeg\" \/>\n<meta name=\"twitter:card\" content=\"summary\" \/>\n<meta name=\"twitter:label1\" content=\"\u0646\u0648\u0634\u062a\u0647\u200c\u0634\u062f\u0647 \u0628\u062f\u0633\u062a\" \/>\n\t<meta name=\"twitter:data1\" content=\"somaye\" \/>\n\t<meta name=\"twitter:label2\" content=\"\u0632\u0645\u0627\u0646 \u062a\u0642\u0631\u06cc\u0628\u06cc \u0628\u0631\u0627\u06cc \u062e\u0648\u0627\u0646\u062f\u0646\" \/>\n\t<meta name=\"twitter:data2\" content=\"1 \u062f\u0642\u06cc\u0642\u0647\" \/>\n<script type=\"application\/ld+json\" class=\"yoast-schema-graph\">{\"@context\":\"https:\/\/schema.org\",\"@graph\":[{\"@type\":\"WebSite\",\"@id\":\"https:\/\/nasimword.ir\/#website\",\"url\":\"https:\/\/nasimword.ir\/\",\"name\":\"Nasim Word\",\"description\":\"\u067e\u0648\u0631\u062a\u0627\u0644 \u062e\u0628\u0631\u06cc \u0648 \u062a\u062d\u0644\u06cc\u0644\u06cc \u0646\u0633\u06cc\u0645\",\"potentialAction\":[{\"@type\":\"SearchAction\",\"target\":{\"@type\":\"EntryPoint\",\"urlTemplate\":\"https:\/\/nasimword.ir\/?s={search_term_string}\"},\"query-input\":\"required name=search_term_string\"}],\"inLanguage\":\"fa-IR\"},{\"@type\":\"ImageObject\",\"@id\":\"https:\/\/nasimword.ir\/?p=33621&lang=tr#primaryimage\",\"inLanguage\":\"fa-IR\",\"url\":\"https:\/\/nasimword.ir\/wp-content\/uploads\/2019\/02\/57079aee67b0a92820c561c8.jpg\",\"contentUrl\":\"https:\/\/nasimword.ir\/wp-content\/uploads\/2019\/02\/57079aee67b0a92820c561c8.jpg\",\"width\":750,\"height\":422},{\"@type\":\"WebPage\",\"@id\":\"https:\/\/nasimword.ir\/?p=33621&lang=tr#webpage\",\"url\":\"https:\/\/nasimword.ir\/?p=33621&lang=tr\",\"name\":\"\u00d6nce inkar etti, sonra kabul etti! - Nasim Word\",\"isPartOf\":{\"@id\":\"https:\/\/nasimword.ir\/#website\"},\"primaryImageOfPage\":{\"@id\":\"https:\/\/nasimword.ir\/?p=33621&lang=tr#primaryimage\"},\"datePublished\":\"2019-02-21T14:51:03+00:00\",\"dateModified\":\"2019-02-21T14:51:03+00:00\",\"author\":{\"@id\":\"https:\/\/nasimword.ir\/#\/schema\/person\/4c5a701cb6f5716f361e924d0581801e\"},\"breadcrumb\":{\"@id\":\"https:\/\/nasimword.ir\/?p=33621&lang=tr#breadcrumb\"},\"inLanguage\":\"fa-IR\",\"potentialAction\":[{\"@type\":\"ReadAction\",\"target\":[\"https:\/\/nasimword.ir\/?p=33621&lang=tr\"]}]},{\"@type\":\"BreadcrumbList\",\"@id\":\"https:\/\/nasimword.ir\/?p=33621&lang=tr#breadcrumb\",\"itemListElement\":[{\"@type\":\"ListItem\",\"position\":1,\"name\":\"\u062e\u0627\u0646\u0647\",\"item\":\"https:\/\/nasimword.ir\/\"},{\"@type\":\"ListItem\",\"position\":2,\"name\":\"\u00d6nce inkar etti, sonra kabul etti!\"}]},{\"@type\":\"Person\",\"@id\":\"https:\/\/nasimword.ir\/#\/schema\/person\/4c5a701cb6f5716f361e924d0581801e\",\"name\":\"somaye\",\"image\":{\"@type\":\"ImageObject\",\"@id\":\"https:\/\/nasimword.ir\/#personlogo\",\"inLanguage\":\"fa-IR\",\"url\":\"https:\/\/secure.gravatar.com\/avatar\/1969d108d4e14d828407b1c82e2f7dab?s=96&d=mm&r=g\",\"contentUrl\":\"https:\/\/secure.gravatar.com\/avatar\/1969d108d4e14d828407b1c82e2f7dab?s=96&d=mm&r=g\",\"caption\":\"somaye\"},\"url\":\"https:\/\/nasimword.ir\/?author=22\"}]}<\/script>\n<!-- \/ Yoast SEO plugin. -->","yoast_head_json":{"title":"\u00d6nce inkar etti, sonra kabul etti! - Nasim Word","robots":{"index":"index","follow":"follow","max-snippet":"max-snippet:-1","max-image-preview":"max-image-preview:large","max-video-preview":"max-video-preview:-1"},"canonical":"https:\/\/nasimword.ir\/?p=33621&lang=tr","og_locale":"fa_IR","og_type":"article","og_title":"\u00d6nce inkar etti, sonra kabul etti! - Nasim Word","og_description":"Ge\u00e7ti\u011fimiz y\u0131l a\u011fustos ay\u0131nda Selim Selimo\u011flu ile hayat\u0131n\u0131 birle\u015ftiren \u015fark\u0131c\u0131 Beng\u00fc, sosyal medya hesab\u0131ndan payla\u015ft\u0131\u011f\u0131 bir g\u00f6nderiyle hamile oldu\u011funu duyurdu. A\u011fustos ay\u0131nda bir y\u0131ll\u0131k sevgilisi Selim Selimo\u011flu ile nikah masas\u0131na oturan Beng\u00fc, Instagram hesab\u0131ndan hamile oldu\u011funu a\u00e7\u0131klad\u0131. 15 \u015eubat&#8217;ta &#8220;Yaz\u0131k&#8221; adl\u0131 single \u00e7al\u0131\u015fmas\u0131n\u0131 m\u00fczikseverlerle bulu\u015fturan \u00fcnl\u00fc pop\u00e7u Beng\u00fc, bir bebek ayakkab\u0131s\u0131yla yapt\u0131\u011f\u0131 sefieye payla\u015fan Beng\u00fc &hellip;","og_url":"https:\/\/nasimword.ir\/?p=33621&lang=tr","og_site_name":"Nasim Word","article_published_time":"2019-02-21T14:51:03+00:00","og_image":[{"width":750,"height":422,"url":"https:\/\/nasimword.ir\/wp-content\/uploads\/2019\/02\/57079aee67b0a92820c561c8.jpg","type":"image\/jpeg"}],"twitter_card":"summary","twitter_misc":{"\u0646\u0648\u0634\u062a\u0647\u200c\u0634\u062f\u0647 \u0628\u062f\u0633\u062a":"somaye","\u0632\u0645\u0627\u0646 \u062a\u0642\u0631\u06cc\u0628\u06cc \u0628\u0631\u0627\u06cc \u062e\u0648\u0627\u0646\u062f\u0646":"1 \u062f\u0642\u06cc\u0642\u0647"},"schema":{"@context":"https:\/\/schema.org","@graph":[{"@type":"WebSite","@id":"https:\/\/nasimword.ir\/#website","url":"https:\/\/nasimword.ir\/","name":"Nasim Word","description":"\u067e\u0648\u0631\u062a\u0627\u0644 \u062e\u0628\u0631\u06cc \u0648 \u062a\u062d\u0644\u06cc\u0644\u06cc \u0646\u0633\u06cc\u0645","potentialAction":[{"@type":"SearchAction","target":{"@type":"EntryPoint","urlTemplate":"https:\/\/nasimword.ir\/?s={search_term_string}"},"query-input":"required name=search_term_string"}],"inLanguage":"fa-IR"},{"@type":"ImageObject","@id":"https:\/\/nasimword.ir\/?p=33621&lang=tr#primaryimage","inLanguage":"fa-IR","url":"https:\/\/nasimword.ir\/wp-content\/uploads\/2019\/02\/57079aee67b0a92820c561c8.jpg","contentUrl":"https:\/\/nasimword.ir\/wp-content\/uploads\/2019\/02\/57079aee67b0a92820c561c8.jpg","width":750,"height":422},{"@type":"WebPage","@id":"https:\/\/nasimword.ir\/?p=33621&lang=tr#webpage","url":"https:\/\/nasimword.ir\/?p=33621&lang=tr","name":"\u00d6nce inkar etti, sonra kabul etti! - Nasim Word","isPartOf":{"@id":"https:\/\/nasimword.ir\/#website"},"primaryImageOfPage":{"@id":"https:\/\/nasimword.ir\/?p=33621&lang=tr#primaryimage"},"datePublished":"2019-02-21T14:51:03+00:00","dateModified":"2019-02-21T14:51:03+00:00","author":{"@id":"https:\/\/nasimword.ir\/#\/schema\/person\/4c5a701cb6f5716f361e924d0581801e"},"breadcrumb":{"@id":"https:\/\/nasimword.ir\/?p=33621&lang=tr#breadcrumb"},"inLanguage":"fa-IR","potentialAction":[{"@type":"ReadAction","target":["https:\/\/nasimword.ir\/?p=33621&lang=tr"]}]},{"@type":"BreadcrumbList","@id":"https:\/\/nasimword.ir\/?p=33621&lang=tr#breadcrumb","itemListElement":[{"@type":"ListItem","position":1,"name":"\u062e\u0627\u0646\u0647","item":"https:\/\/nasimword.ir\/"},{"@type":"ListItem","position":2,"name":"\u00d6nce inkar etti, sonra kabul etti!"}]},{"@type":"Person","@id":"https:\/\/nasimword.ir\/#\/schema\/person\/4c5a701cb6f5716f361e924d0581801e","name":"somaye","image":{"@type":"ImageObject","@id":"https:\/\/nasimword.ir\/#personlogo","inLanguage":"fa-IR","url":"https:\/\/secure.gravatar.com\/avatar\/1969d108d4e14d828407b1c82e2f7dab?s=96&d=mm&r=g","contentUrl":"https:\/\/secure.gravatar.com\/avatar\/1969d108d4e14d828407b1c82e2f7dab?s=96&d=mm&r=g","caption":"somaye"},"url":"https:\/\/nasimword.ir\/?author=22"}]}},"_links":{"self":[{"href":"https:\/\/nasimword.ir\/index.php?rest_route=\/wp\/v2\/posts\/33621"}],"collection":[{"href":"https:\/\/nasimword.ir\/index.php?rest_route=\/wp\/v2\/posts"}],"about":[{"href":"https:\/\/nasimword.ir\/index.php?rest_route=\/wp\/v2\/types\/post"}],"author":[{"embeddable":true,"href":"https:\/\/nasimword.ir\/index.php?rest_route=\/wp\/v2\/users\/22"}],"replies":[{"embeddable":true,"href":"https:\/\/nasimword.ir\/index.php?rest_route=%2Fwp%2Fv2%2Fcomments&post=33621"}],"version-history":[{"count":0,"href":"https:\/\/nasimword.ir\/index.php?rest_route=\/wp\/v2\/posts\/33621\/revisions"}],"wp:featuredmedia":[{"embeddable":true,"href":"https:\/\/nasimword.ir\/index.php?rest_route=\/wp\/v2\/media\/33623"}],"wp:attachment":[{"href":"https:\/\/nasimword.ir\/index.php?rest_route=%2Fwp%2Fv2%2Fmedia&parent=33621"}],"wp:term":[{"taxonomy":"category","embeddable":true,"href":"https:\/\/nasimword.ir\/index.php?rest_route=%2Fwp%2Fv2%2Fcategories&post=33621"},{"taxonomy":"post_tag","embeddable":true,"href":"https:\/\/nasimword.ir\/index.php?rest_route=%2Fwp%2Fv2%2Ftags&post=33621"}],"curies":[{"name":"wp","href":"https:\/\/api.w.org\/{rel}","templated":true}]}}