{"id":34037,"date":"2019-02-28T23:42:22","date_gmt":"2019-02-28T20:12:22","guid":{"rendered":"http:\/\/nasimword.ir\/?p=34037"},"modified":"2019-02-28T23:42:22","modified_gmt":"2019-02-28T20:12:22","slug":"iki-seyi-sevmem-adriana-dedikoduyu-ve-lafimin-kesilmesini","status":"publish","type":"post","link":"https:\/\/nasimword.ir\/?p=34037&lang=tr","title":{"rendered":"&#8216;\u0130ki \u015feyi sevmem Adriana; dedikoduyu ve laf\u0131m\u0131n kesilmesini&#8217;"},"content":{"rendered":"<p dir=\"ltr\">1999 y\u0131l\u0131nda hayata veda eden usta sanat\u00e7\u0131 Bar\u0131\u015f Man\u00e7o&#8217;nun o\u011flu Do\u011fukan Man\u00e7o, Instagram&#8217;da eski foto\u011fraflar\u0131n yay\u0131nland\u0131\u011f\u0131 &#8216;tbt&#8217; g\u00fcn\u00fcnde e\u011flenceli bir payla\u015f\u0131ma imza att\u0131.<\/p>\n<p dir=\"ltr\"><img loading=\"lazy\" class=\"alignnone size-full wp-image-34038\" src=\"http:\/\/nasimword.ir\/wp-content\/uploads\/2019\/02\/BBUc91h.jpg\" alt=\"\" width=\"606\" height=\"340\" srcset=\"https:\/\/nasimword.ir\/wp-content\/uploads\/2019\/02\/BBUc91h.jpg 606w, https:\/\/nasimword.ir\/wp-content\/uploads\/2019\/02\/BBUc91h-300x168.jpg 300w\" sizes=\"(max-width: 606px) 100vw, 606px\" \/><\/p>\n<p dir=\"ltr\">Do\u011fukan Man\u00e7o, 2013 y\u0131l\u0131nda kat\u0131ld\u0131\u011f\u0131 Survivor yar\u0131\u015fmas\u0131nda, kazand\u0131klar\u0131 bir \u00f6d\u00fcl oyunu sonras\u0131 d\u00fcnyaca \u00fcnl\u00fc Brezilyal\u0131 model Adriana Lima ile yemek yemi\u015fti.<\/p>\n<p dir=\"ltr\">37 ya\u015f\u0131ndaki DJ, son g\u00fcnlerde T\u00fcrk yazar Metin Hara&#8217;dan ayr\u0131ld\u0131\u011f\u0131 haberleriyle g\u00fcndeme gelen Adriana Lima ile sohbet ederken g\u00f6r\u00fcld\u00fc\u011f\u00fc kareye, &#8220;\u0130ki \u015feyi sevmem Adriana, dedikoduyu ve laf\u0131m\u0131n kesilmesini&#8221; notunu yazd\u0131.<\/p>\n<p dir=\"ltr\"><img loading=\"lazy\" class=\"alignnone size-full wp-image-34039\" src=\"http:\/\/nasimword.ir\/wp-content\/uploads\/2019\/02\/BBUciwT.jpg\" alt=\"\" width=\"600\" height=\"410\" srcset=\"https:\/\/nasimword.ir\/wp-content\/uploads\/2019\/02\/BBUciwT.jpg 600w, https:\/\/nasimword.ir\/wp-content\/uploads\/2019\/02\/BBUciwT-300x205.jpg 300w\" sizes=\"(max-width: 600px) 100vw, 600px\" \/><\/p>\n","protected":false},"excerpt":{"rendered":"<p>1999 y\u0131l\u0131nda hayata veda eden usta sanat\u00e7\u0131 Bar\u0131\u015f Man\u00e7o&#8217;nun o\u011flu Do\u011fukan Man\u00e7o, Instagram&#8217;da eski foto\u011fraflar\u0131n yay\u0131nland\u0131\u011f\u0131 &#8216;tbt&#8217; g\u00fcn\u00fcnde e\u011flenceli bir payla\u015f\u0131ma imza att\u0131. Do\u011fukan Man\u00e7o, 2013 y\u0131l\u0131nda kat\u0131ld\u0131\u011f\u0131 Survivor yar\u0131\u015fmas\u0131nda, kazand\u0131klar\u0131 bir \u00f6d\u00fcl oyunu sonras\u0131 d\u00fcnyaca \u00fcnl\u00fc Brezilyal\u0131 model Adriana Lima ile yemek yemi\u015fti. 37 ya\u015f\u0131ndaki DJ, son g\u00fcnlerde T\u00fcrk yazar Metin Hara&#8217;dan ayr\u0131ld\u0131\u011f\u0131 haberleriyle &hellip;<\/p>\n","protected":false},"author":22,"featured_media":34038,"comment_status":"open","ping_status":"open","sticky":false,"template":"","format":"standard","meta":[],"categories":[14058,5955,11183],"tags":[],"yoast_head":"<!-- This site is optimized with the Yoast SEO plugin v18.3 - https:\/\/yoast.com\/wordpress\/plugins\/seo\/ -->\n<title>&#039;\u0130ki \u015feyi sevmem Adriana; dedikoduyu ve laf\u0131m\u0131n kesilmesini&#039; - Nasim Word<\/title>\n<meta name=\"robots\" content=\"index, follow, max-snippet:-1, max-image-preview:large, max-video-preview:-1\" \/>\n<link rel=\"canonical\" href=\"https:\/\/nasimword.ir\/?p=34037&#038;lang=tr\" \/>\n<meta property=\"og:locale\" content=\"fa_IR\" \/>\n<meta property=\"og:type\" content=\"article\" \/>\n<meta property=\"og:title\" content=\"&#039;\u0130ki \u015feyi sevmem Adriana; dedikoduyu ve laf\u0131m\u0131n kesilmesini&#039; - Nasim Word\" \/>\n<meta property=\"og:description\" content=\"1999 y\u0131l\u0131nda hayata veda eden usta sanat\u00e7\u0131 Bar\u0131\u015f Man\u00e7o&#8217;nun o\u011flu Do\u011fukan Man\u00e7o, Instagram&#8217;da eski foto\u011fraflar\u0131n yay\u0131nland\u0131\u011f\u0131 &#8216;tbt&#8217; g\u00fcn\u00fcnde e\u011flenceli bir payla\u015f\u0131ma imza att\u0131. Do\u011fukan Man\u00e7o, 2013 y\u0131l\u0131nda kat\u0131ld\u0131\u011f\u0131 Survivor yar\u0131\u015fmas\u0131nda, kazand\u0131klar\u0131 bir \u00f6d\u00fcl oyunu sonras\u0131 d\u00fcnyaca \u00fcnl\u00fc Brezilyal\u0131 model Adriana Lima ile yemek yemi\u015fti. 37 ya\u015f\u0131ndaki DJ, son g\u00fcnlerde T\u00fcrk yazar Metin Hara&#8217;dan ayr\u0131ld\u0131\u011f\u0131 haberleriyle &hellip;\" \/>\n<meta property=\"og:url\" content=\"https:\/\/nasimword.ir\/?p=34037&amp;lang=tr\" \/>\n<meta property=\"og:site_name\" content=\"Nasim Word\" \/>\n<meta property=\"article:published_time\" content=\"2019-02-28T20:12:22+00:00\" \/>\n<meta property=\"og:image\" content=\"https:\/\/nasimword.ir\/wp-content\/uploads\/2019\/02\/BBUc91h.jpg\" \/>\n\t<meta property=\"og:image:width\" content=\"606\" \/>\n\t<meta property=\"og:image:height\" content=\"340\" \/>\n\t<meta property=\"og:image:type\" content=\"image\/jpeg\" \/>\n<meta name=\"twitter:card\" content=\"summary\" \/>\n<meta name=\"twitter:label1\" content=\"\u0646\u0648\u0634\u062a\u0647\u200c\u0634\u062f\u0647 \u0628\u062f\u0633\u062a\" \/>\n\t<meta name=\"twitter:data1\" content=\"somaye\" \/>\n\t<meta name=\"twitter:label2\" content=\"\u0632\u0645\u0627\u0646 \u062a\u0642\u0631\u06cc\u0628\u06cc \u0628\u0631\u0627\u06cc \u062e\u0648\u0627\u0646\u062f\u0646\" \/>\n\t<meta name=\"twitter:data2\" content=\"1 \u062f\u0642\u06cc\u0642\u0647\" \/>\n<script type=\"application\/ld+json\" class=\"yoast-schema-graph\">{\"@context\":\"https:\/\/schema.org\",\"@graph\":[{\"@type\":\"WebSite\",\"@id\":\"https:\/\/nasimword.ir\/#website\",\"url\":\"https:\/\/nasimword.ir\/\",\"name\":\"Nasim Word\",\"description\":\"\u067e\u0648\u0631\u062a\u0627\u0644 \u062e\u0628\u0631\u06cc \u0648 \u062a\u062d\u0644\u06cc\u0644\u06cc \u0646\u0633\u06cc\u0645\",\"potentialAction\":[{\"@type\":\"SearchAction\",\"target\":{\"@type\":\"EntryPoint\",\"urlTemplate\":\"https:\/\/nasimword.ir\/?s={search_term_string}\"},\"query-input\":\"required name=search_term_string\"}],\"inLanguage\":\"fa-IR\"},{\"@type\":\"ImageObject\",\"@id\":\"https:\/\/nasimword.ir\/?p=34037&lang=tr#primaryimage\",\"inLanguage\":\"fa-IR\",\"url\":\"https:\/\/nasimword.ir\/wp-content\/uploads\/2019\/02\/BBUc91h.jpg\",\"contentUrl\":\"https:\/\/nasimword.ir\/wp-content\/uploads\/2019\/02\/BBUc91h.jpg\",\"width\":606,\"height\":340},{\"@type\":\"WebPage\",\"@id\":\"https:\/\/nasimword.ir\/?p=34037&lang=tr#webpage\",\"url\":\"https:\/\/nasimword.ir\/?p=34037&lang=tr\",\"name\":\"'\u0130ki \u015feyi sevmem Adriana; dedikoduyu ve laf\u0131m\u0131n kesilmesini' - Nasim Word\",\"isPartOf\":{\"@id\":\"https:\/\/nasimword.ir\/#website\"},\"primaryImageOfPage\":{\"@id\":\"https:\/\/nasimword.ir\/?p=34037&lang=tr#primaryimage\"},\"datePublished\":\"2019-02-28T20:12:22+00:00\",\"dateModified\":\"2019-02-28T20:12:22+00:00\",\"author\":{\"@id\":\"https:\/\/nasimword.ir\/#\/schema\/person\/4c5a701cb6f5716f361e924d0581801e\"},\"breadcrumb\":{\"@id\":\"https:\/\/nasimword.ir\/?p=34037&lang=tr#breadcrumb\"},\"inLanguage\":\"fa-IR\",\"potentialAction\":[{\"@type\":\"ReadAction\",\"target\":[\"https:\/\/nasimword.ir\/?p=34037&lang=tr\"]}]},{\"@type\":\"BreadcrumbList\",\"@id\":\"https:\/\/nasimword.ir\/?p=34037&lang=tr#breadcrumb\",\"itemListElement\":[{\"@type\":\"ListItem\",\"position\":1,\"name\":\"\u062e\u0627\u0646\u0647\",\"item\":\"https:\/\/nasimword.ir\/\"},{\"@type\":\"ListItem\",\"position\":2,\"name\":\"&#8216;\u0130ki \u015feyi sevmem Adriana; dedikoduyu ve laf\u0131m\u0131n kesilmesini&#8217;\"}]},{\"@type\":\"Person\",\"@id\":\"https:\/\/nasimword.ir\/#\/schema\/person\/4c5a701cb6f5716f361e924d0581801e\",\"name\":\"somaye\",\"image\":{\"@type\":\"ImageObject\",\"@id\":\"https:\/\/nasimword.ir\/#personlogo\",\"inLanguage\":\"fa-IR\",\"url\":\"https:\/\/secure.gravatar.com\/avatar\/1969d108d4e14d828407b1c82e2f7dab?s=96&d=mm&r=g\",\"contentUrl\":\"https:\/\/secure.gravatar.com\/avatar\/1969d108d4e14d828407b1c82e2f7dab?s=96&d=mm&r=g\",\"caption\":\"somaye\"},\"url\":\"https:\/\/nasimword.ir\/?author=22\"}]}<\/script>\n<!-- \/ Yoast SEO plugin. -->","yoast_head_json":{"title":"'\u0130ki \u015feyi sevmem Adriana; dedikoduyu ve laf\u0131m\u0131n kesilmesini' - Nasim Word","robots":{"index":"index","follow":"follow","max-snippet":"max-snippet:-1","max-image-preview":"max-image-preview:large","max-video-preview":"max-video-preview:-1"},"canonical":"https:\/\/nasimword.ir\/?p=34037&lang=tr","og_locale":"fa_IR","og_type":"article","og_title":"'\u0130ki \u015feyi sevmem Adriana; dedikoduyu ve laf\u0131m\u0131n kesilmesini' - Nasim Word","og_description":"1999 y\u0131l\u0131nda hayata veda eden usta sanat\u00e7\u0131 Bar\u0131\u015f Man\u00e7o&#8217;nun o\u011flu Do\u011fukan Man\u00e7o, Instagram&#8217;da eski foto\u011fraflar\u0131n yay\u0131nland\u0131\u011f\u0131 &#8216;tbt&#8217; g\u00fcn\u00fcnde e\u011flenceli bir payla\u015f\u0131ma imza att\u0131. Do\u011fukan Man\u00e7o, 2013 y\u0131l\u0131nda kat\u0131ld\u0131\u011f\u0131 Survivor yar\u0131\u015fmas\u0131nda, kazand\u0131klar\u0131 bir \u00f6d\u00fcl oyunu sonras\u0131 d\u00fcnyaca \u00fcnl\u00fc Brezilyal\u0131 model Adriana Lima ile yemek yemi\u015fti. 37 ya\u015f\u0131ndaki DJ, son g\u00fcnlerde T\u00fcrk yazar Metin Hara&#8217;dan ayr\u0131ld\u0131\u011f\u0131 haberleriyle &hellip;","og_url":"https:\/\/nasimword.ir\/?p=34037&lang=tr","og_site_name":"Nasim Word","article_published_time":"2019-02-28T20:12:22+00:00","og_image":[{"width":606,"height":340,"url":"https:\/\/nasimword.ir\/wp-content\/uploads\/2019\/02\/BBUc91h.jpg","type":"image\/jpeg"}],"twitter_card":"summary","twitter_misc":{"\u0646\u0648\u0634\u062a\u0647\u200c\u0634\u062f\u0647 \u0628\u062f\u0633\u062a":"somaye","\u0632\u0645\u0627\u0646 \u062a\u0642\u0631\u06cc\u0628\u06cc \u0628\u0631\u0627\u06cc \u062e\u0648\u0627\u0646\u062f\u0646":"1 \u062f\u0642\u06cc\u0642\u0647"},"schema":{"@context":"https:\/\/schema.org","@graph":[{"@type":"WebSite","@id":"https:\/\/nasimword.ir\/#website","url":"https:\/\/nasimword.ir\/","name":"Nasim Word","description":"\u067e\u0648\u0631\u062a\u0627\u0644 \u062e\u0628\u0631\u06cc \u0648 \u062a\u062d\u0644\u06cc\u0644\u06cc \u0646\u0633\u06cc\u0645","potentialAction":[{"@type":"SearchAction","target":{"@type":"EntryPoint","urlTemplate":"https:\/\/nasimword.ir\/?s={search_term_string}"},"query-input":"required name=search_term_string"}],"inLanguage":"fa-IR"},{"@type":"ImageObject","@id":"https:\/\/nasimword.ir\/?p=34037&lang=tr#primaryimage","inLanguage":"fa-IR","url":"https:\/\/nasimword.ir\/wp-content\/uploads\/2019\/02\/BBUc91h.jpg","contentUrl":"https:\/\/nasimword.ir\/wp-content\/uploads\/2019\/02\/BBUc91h.jpg","width":606,"height":340},{"@type":"WebPage","@id":"https:\/\/nasimword.ir\/?p=34037&lang=tr#webpage","url":"https:\/\/nasimword.ir\/?p=34037&lang=tr","name":"'\u0130ki \u015feyi sevmem Adriana; dedikoduyu ve laf\u0131m\u0131n kesilmesini' - Nasim Word","isPartOf":{"@id":"https:\/\/nasimword.ir\/#website"},"primaryImageOfPage":{"@id":"https:\/\/nasimword.ir\/?p=34037&lang=tr#primaryimage"},"datePublished":"2019-02-28T20:12:22+00:00","dateModified":"2019-02-28T20:12:22+00:00","author":{"@id":"https:\/\/nasimword.ir\/#\/schema\/person\/4c5a701cb6f5716f361e924d0581801e"},"breadcrumb":{"@id":"https:\/\/nasimword.ir\/?p=34037&lang=tr#breadcrumb"},"inLanguage":"fa-IR","potentialAction":[{"@type":"ReadAction","target":["https:\/\/nasimword.ir\/?p=34037&lang=tr"]}]},{"@type":"BreadcrumbList","@id":"https:\/\/nasimword.ir\/?p=34037&lang=tr#breadcrumb","itemListElement":[{"@type":"ListItem","position":1,"name":"\u062e\u0627\u0646\u0647","item":"https:\/\/nasimword.ir\/"},{"@type":"ListItem","position":2,"name":"&#8216;\u0130ki \u015feyi sevmem Adriana; dedikoduyu ve laf\u0131m\u0131n kesilmesini&#8217;"}]},{"@type":"Person","@id":"https:\/\/nasimword.ir\/#\/schema\/person\/4c5a701cb6f5716f361e924d0581801e","name":"somaye","image":{"@type":"ImageObject","@id":"https:\/\/nasimword.ir\/#personlogo","inLanguage":"fa-IR","url":"https:\/\/secure.gravatar.com\/avatar\/1969d108d4e14d828407b1c82e2f7dab?s=96&d=mm&r=g","contentUrl":"https:\/\/secure.gravatar.com\/avatar\/1969d108d4e14d828407b1c82e2f7dab?s=96&d=mm&r=g","caption":"somaye"},"url":"https:\/\/nasimword.ir\/?author=22"}]}},"_links":{"self":[{"href":"https:\/\/nasimword.ir\/index.php?rest_route=\/wp\/v2\/posts\/34037"}],"collection":[{"href":"https:\/\/nasimword.ir\/index.php?rest_route=\/wp\/v2\/posts"}],"about":[{"href":"https:\/\/nasimword.ir\/index.php?rest_route=\/wp\/v2\/types\/post"}],"author":[{"embeddable":true,"href":"https:\/\/nasimword.ir\/index.php?rest_route=\/wp\/v2\/users\/22"}],"replies":[{"embeddable":true,"href":"https:\/\/nasimword.ir\/index.php?rest_route=%2Fwp%2Fv2%2Fcomments&post=34037"}],"version-history":[{"count":0,"href":"https:\/\/nasimword.ir\/index.php?rest_route=\/wp\/v2\/posts\/34037\/revisions"}],"wp:featuredmedia":[{"embeddable":true,"href":"https:\/\/nasimword.ir\/index.php?rest_route=\/wp\/v2\/media\/34038"}],"wp:attachment":[{"href":"https:\/\/nasimword.ir\/index.php?rest_route=%2Fwp%2Fv2%2Fmedia&parent=34037"}],"wp:term":[{"taxonomy":"category","embeddable":true,"href":"https:\/\/nasimword.ir\/index.php?rest_route=%2Fwp%2Fv2%2Fcategories&post=34037"},{"taxonomy":"post_tag","embeddable":true,"href":"https:\/\/nasimword.ir\/index.php?rest_route=%2Fwp%2Fv2%2Ftags&post=34037"}],"curies":[{"name":"wp","href":"https:\/\/api.w.org\/{rel}","templated":true}]}}