{"id":34401,"date":"2019-03-07T19:22:56","date_gmt":"2019-03-07T15:52:56","guid":{"rendered":"http:\/\/nasimword.ir\/?p=34401"},"modified":"2019-03-07T19:22:56","modified_gmt":"2019-03-07T15:52:56","slug":"cilingir-mahkemeye-zorla-getirilecek","status":"publish","type":"post","link":"https:\/\/nasimword.ir\/?p=34401&lang=tr","title":{"rendered":"\u00c7ilingir mahkemeye zorla getirilecek"},"content":{"rendered":"<p dir=\"ltr\"><strong>1995 T\u00fcrkiye ikinci g\u00fczeli Ceyda Sabah, 3 y\u0131l \u00f6nce bo\u015fanma a\u015famas\u0131nda olduklar\u0131 d\u00f6nemde ayr\u0131 ya\u015fad\u0131\u011f\u0131 e\u015fi Co\u015fkun Sabah\u2019\u0131n kendisini aldatt\u0131\u011f\u0131 \u015f\u00fcphesiyle Etiler\u2019deki dairesine \u00e7ilingir yard\u0131m\u0131yla girdi. Ancak, o dairede art\u0131k Co\u015fkun Sabah oturmuyordu. Daireyi kiralad\u0131\u011f\u0131 Mustafa Kay\u0131\u015fo\u011flu \u015fikayeti olunca Ceyda Sabah ve \u00e7ilingir S\u00fcleyman Akkaya hakk\u0131nda \u0130stanbul 4. Asliye Ceza Mahkemesi\u2019nde 2 y\u0131la kadar hapis istemiyle dava a\u00e7\u0131ld\u0131<\/strong><\/p>\n<p dir=\"ltr\"><img loading=\"lazy\" class=\"alignnone size-full wp-image-34402\" src=\"http:\/\/nasimword.ir\/wp-content\/uploads\/2019\/03\/BBUu9Ao.jpg\" alt=\"\" width=\"750\" height=\"422\" srcset=\"https:\/\/nasimword.ir\/wp-content\/uploads\/2019\/03\/BBUu9Ao.jpg 750w, https:\/\/nasimword.ir\/wp-content\/uploads\/2019\/03\/BBUu9Ao-300x169.jpg 300w\" sizes=\"(max-width: 750px) 100vw, 750px\" \/><\/p>\n<p dir=\"ltr\">\u0130stanbul 4. Asliye Ceza Mahkemesi, san\u0131klar Ceyda Sabah ve Akkaya\u2019n\u0131n beraatine karar vermi\u015fti. Karara itiraz eden \u015fikayet\u00e7i Mustafa Kay\u0131\u015fo\u011flu\u2019nun avukat\u0131, dava dosyas\u0131n\u0131 \u0130stanbul B\u00f6lge Adliye Mahkemesi\u2019ne (\u0130stinaf) ta\u015f\u0131m\u0131\u015ft\u0131.<\/p>\n<p dir=\"ltr\">\u0130stinaf Mahkemesi, kira s\u00f6zle\u015fmesi ve tan\u0131k anlat\u0131mlar\u0131 gibi hususlar\u0131n yeterince incelenmeden h\u00fck\u00fcm verildi\u011fi gerek\u00e7esiyle yerel mahkemenin beraat karar\u0131n\u0131 bozmu\u015ftu. Mahkeme yeniden yarg\u0131lama a\u015famas\u0131nda duru\u015fmalara gelmeyen \u00e7ilingir S\u00fcleyman Akkaya\u2019n\u0131n zorla getirilmesine karar verdi.<\/p>\n","protected":false},"excerpt":{"rendered":"<p>1995 T\u00fcrkiye ikinci g\u00fczeli Ceyda Sabah, 3 y\u0131l \u00f6nce bo\u015fanma a\u015famas\u0131nda olduklar\u0131 d\u00f6nemde ayr\u0131 ya\u015fad\u0131\u011f\u0131 e\u015fi Co\u015fkun Sabah\u2019\u0131n kendisini aldatt\u0131\u011f\u0131 \u015f\u00fcphesiyle Etiler\u2019deki dairesine \u00e7ilingir yard\u0131m\u0131yla girdi. Ancak, o dairede art\u0131k Co\u015fkun Sabah oturmuyordu. Daireyi kiralad\u0131\u011f\u0131 Mustafa Kay\u0131\u015fo\u011flu \u015fikayeti olunca Ceyda Sabah ve \u00e7ilingir S\u00fcleyman Akkaya hakk\u0131nda \u0130stanbul 4. Asliye Ceza Mahkemesi\u2019nde 2 y\u0131la kadar hapis &hellip;<\/p>\n","protected":false},"author":22,"featured_media":34402,"comment_status":"open","ping_status":"open","sticky":false,"template":"","format":"standard","meta":[],"categories":[14058,5955,11183],"tags":[],"yoast_head":"<!-- This site is optimized with the Yoast SEO plugin v18.3 - https:\/\/yoast.com\/wordpress\/plugins\/seo\/ -->\n<title>\u00c7ilingir mahkemeye zorla getirilecek - Nasim Word<\/title>\n<meta name=\"robots\" content=\"index, follow, max-snippet:-1, max-image-preview:large, max-video-preview:-1\" \/>\n<link rel=\"canonical\" href=\"https:\/\/nasimword.ir\/?p=34401&#038;lang=tr\" \/>\n<meta property=\"og:locale\" content=\"fa_IR\" \/>\n<meta property=\"og:type\" content=\"article\" \/>\n<meta property=\"og:title\" content=\"\u00c7ilingir mahkemeye zorla getirilecek - Nasim Word\" \/>\n<meta property=\"og:description\" content=\"1995 T\u00fcrkiye ikinci g\u00fczeli Ceyda Sabah, 3 y\u0131l \u00f6nce bo\u015fanma a\u015famas\u0131nda olduklar\u0131 d\u00f6nemde ayr\u0131 ya\u015fad\u0131\u011f\u0131 e\u015fi Co\u015fkun Sabah\u2019\u0131n kendisini aldatt\u0131\u011f\u0131 \u015f\u00fcphesiyle Etiler\u2019deki dairesine \u00e7ilingir yard\u0131m\u0131yla girdi. Ancak, o dairede art\u0131k Co\u015fkun Sabah oturmuyordu. Daireyi kiralad\u0131\u011f\u0131 Mustafa Kay\u0131\u015fo\u011flu \u015fikayeti olunca Ceyda Sabah ve \u00e7ilingir S\u00fcleyman Akkaya hakk\u0131nda \u0130stanbul 4. Asliye Ceza Mahkemesi\u2019nde 2 y\u0131la kadar hapis &hellip;\" \/>\n<meta property=\"og:url\" content=\"https:\/\/nasimword.ir\/?p=34401&amp;lang=tr\" \/>\n<meta property=\"og:site_name\" content=\"Nasim Word\" \/>\n<meta property=\"article:published_time\" content=\"2019-03-07T15:52:56+00:00\" \/>\n<meta property=\"og:image\" content=\"https:\/\/nasimword.ir\/wp-content\/uploads\/2019\/03\/BBUu9Ao.jpg\" \/>\n\t<meta property=\"og:image:width\" content=\"750\" \/>\n\t<meta property=\"og:image:height\" content=\"422\" \/>\n\t<meta property=\"og:image:type\" content=\"image\/jpeg\" \/>\n<meta name=\"twitter:card\" content=\"summary\" \/>\n<meta name=\"twitter:label1\" content=\"\u0646\u0648\u0634\u062a\u0647\u200c\u0634\u062f\u0647 \u0628\u062f\u0633\u062a\" \/>\n\t<meta name=\"twitter:data1\" content=\"somaye\" \/>\n\t<meta name=\"twitter:label2\" content=\"\u0632\u0645\u0627\u0646 \u062a\u0642\u0631\u06cc\u0628\u06cc \u0628\u0631\u0627\u06cc \u062e\u0648\u0627\u0646\u062f\u0646\" \/>\n\t<meta name=\"twitter:data2\" content=\"1 \u062f\u0642\u06cc\u0642\u0647\" \/>\n<script type=\"application\/ld+json\" class=\"yoast-schema-graph\">{\"@context\":\"https:\/\/schema.org\",\"@graph\":[{\"@type\":\"WebSite\",\"@id\":\"https:\/\/nasimword.ir\/#website\",\"url\":\"https:\/\/nasimword.ir\/\",\"name\":\"Nasim Word\",\"description\":\"\u067e\u0648\u0631\u062a\u0627\u0644 \u062e\u0628\u0631\u06cc \u0648 \u062a\u062d\u0644\u06cc\u0644\u06cc \u0646\u0633\u06cc\u0645\",\"potentialAction\":[{\"@type\":\"SearchAction\",\"target\":{\"@type\":\"EntryPoint\",\"urlTemplate\":\"https:\/\/nasimword.ir\/?s={search_term_string}\"},\"query-input\":\"required name=search_term_string\"}],\"inLanguage\":\"fa-IR\"},{\"@type\":\"ImageObject\",\"@id\":\"https:\/\/nasimword.ir\/?p=34401&lang=tr#primaryimage\",\"inLanguage\":\"fa-IR\",\"url\":\"https:\/\/nasimword.ir\/wp-content\/uploads\/2019\/03\/BBUu9Ao.jpg\",\"contentUrl\":\"https:\/\/nasimword.ir\/wp-content\/uploads\/2019\/03\/BBUu9Ao.jpg\",\"width\":750,\"height\":422},{\"@type\":\"WebPage\",\"@id\":\"https:\/\/nasimword.ir\/?p=34401&lang=tr#webpage\",\"url\":\"https:\/\/nasimword.ir\/?p=34401&lang=tr\",\"name\":\"\u00c7ilingir mahkemeye zorla getirilecek - Nasim Word\",\"isPartOf\":{\"@id\":\"https:\/\/nasimword.ir\/#website\"},\"primaryImageOfPage\":{\"@id\":\"https:\/\/nasimword.ir\/?p=34401&lang=tr#primaryimage\"},\"datePublished\":\"2019-03-07T15:52:56+00:00\",\"dateModified\":\"2019-03-07T15:52:56+00:00\",\"author\":{\"@id\":\"https:\/\/nasimword.ir\/#\/schema\/person\/4c5a701cb6f5716f361e924d0581801e\"},\"breadcrumb\":{\"@id\":\"https:\/\/nasimword.ir\/?p=34401&lang=tr#breadcrumb\"},\"inLanguage\":\"fa-IR\",\"potentialAction\":[{\"@type\":\"ReadAction\",\"target\":[\"https:\/\/nasimword.ir\/?p=34401&lang=tr\"]}]},{\"@type\":\"BreadcrumbList\",\"@id\":\"https:\/\/nasimword.ir\/?p=34401&lang=tr#breadcrumb\",\"itemListElement\":[{\"@type\":\"ListItem\",\"position\":1,\"name\":\"\u062e\u0627\u0646\u0647\",\"item\":\"https:\/\/nasimword.ir\/\"},{\"@type\":\"ListItem\",\"position\":2,\"name\":\"\u00c7ilingir mahkemeye zorla getirilecek\"}]},{\"@type\":\"Person\",\"@id\":\"https:\/\/nasimword.ir\/#\/schema\/person\/4c5a701cb6f5716f361e924d0581801e\",\"name\":\"somaye\",\"image\":{\"@type\":\"ImageObject\",\"@id\":\"https:\/\/nasimword.ir\/#personlogo\",\"inLanguage\":\"fa-IR\",\"url\":\"https:\/\/secure.gravatar.com\/avatar\/1969d108d4e14d828407b1c82e2f7dab?s=96&d=mm&r=g\",\"contentUrl\":\"https:\/\/secure.gravatar.com\/avatar\/1969d108d4e14d828407b1c82e2f7dab?s=96&d=mm&r=g\",\"caption\":\"somaye\"},\"url\":\"https:\/\/nasimword.ir\/?author=22\"}]}<\/script>\n<!-- \/ Yoast SEO plugin. -->","yoast_head_json":{"title":"\u00c7ilingir mahkemeye zorla getirilecek - Nasim Word","robots":{"index":"index","follow":"follow","max-snippet":"max-snippet:-1","max-image-preview":"max-image-preview:large","max-video-preview":"max-video-preview:-1"},"canonical":"https:\/\/nasimword.ir\/?p=34401&lang=tr","og_locale":"fa_IR","og_type":"article","og_title":"\u00c7ilingir mahkemeye zorla getirilecek - Nasim Word","og_description":"1995 T\u00fcrkiye ikinci g\u00fczeli Ceyda Sabah, 3 y\u0131l \u00f6nce bo\u015fanma a\u015famas\u0131nda olduklar\u0131 d\u00f6nemde ayr\u0131 ya\u015fad\u0131\u011f\u0131 e\u015fi Co\u015fkun Sabah\u2019\u0131n kendisini aldatt\u0131\u011f\u0131 \u015f\u00fcphesiyle Etiler\u2019deki dairesine \u00e7ilingir yard\u0131m\u0131yla girdi. Ancak, o dairede art\u0131k Co\u015fkun Sabah oturmuyordu. Daireyi kiralad\u0131\u011f\u0131 Mustafa Kay\u0131\u015fo\u011flu \u015fikayeti olunca Ceyda Sabah ve \u00e7ilingir S\u00fcleyman Akkaya hakk\u0131nda \u0130stanbul 4. Asliye Ceza Mahkemesi\u2019nde 2 y\u0131la kadar hapis &hellip;","og_url":"https:\/\/nasimword.ir\/?p=34401&lang=tr","og_site_name":"Nasim Word","article_published_time":"2019-03-07T15:52:56+00:00","og_image":[{"width":750,"height":422,"url":"https:\/\/nasimword.ir\/wp-content\/uploads\/2019\/03\/BBUu9Ao.jpg","type":"image\/jpeg"}],"twitter_card":"summary","twitter_misc":{"\u0646\u0648\u0634\u062a\u0647\u200c\u0634\u062f\u0647 \u0628\u062f\u0633\u062a":"somaye","\u0632\u0645\u0627\u0646 \u062a\u0642\u0631\u06cc\u0628\u06cc \u0628\u0631\u0627\u06cc \u062e\u0648\u0627\u0646\u062f\u0646":"1 \u062f\u0642\u06cc\u0642\u0647"},"schema":{"@context":"https:\/\/schema.org","@graph":[{"@type":"WebSite","@id":"https:\/\/nasimword.ir\/#website","url":"https:\/\/nasimword.ir\/","name":"Nasim Word","description":"\u067e\u0648\u0631\u062a\u0627\u0644 \u062e\u0628\u0631\u06cc \u0648 \u062a\u062d\u0644\u06cc\u0644\u06cc \u0646\u0633\u06cc\u0645","potentialAction":[{"@type":"SearchAction","target":{"@type":"EntryPoint","urlTemplate":"https:\/\/nasimword.ir\/?s={search_term_string}"},"query-input":"required name=search_term_string"}],"inLanguage":"fa-IR"},{"@type":"ImageObject","@id":"https:\/\/nasimword.ir\/?p=34401&lang=tr#primaryimage","inLanguage":"fa-IR","url":"https:\/\/nasimword.ir\/wp-content\/uploads\/2019\/03\/BBUu9Ao.jpg","contentUrl":"https:\/\/nasimword.ir\/wp-content\/uploads\/2019\/03\/BBUu9Ao.jpg","width":750,"height":422},{"@type":"WebPage","@id":"https:\/\/nasimword.ir\/?p=34401&lang=tr#webpage","url":"https:\/\/nasimword.ir\/?p=34401&lang=tr","name":"\u00c7ilingir mahkemeye zorla getirilecek - Nasim Word","isPartOf":{"@id":"https:\/\/nasimword.ir\/#website"},"primaryImageOfPage":{"@id":"https:\/\/nasimword.ir\/?p=34401&lang=tr#primaryimage"},"datePublished":"2019-03-07T15:52:56+00:00","dateModified":"2019-03-07T15:52:56+00:00","author":{"@id":"https:\/\/nasimword.ir\/#\/schema\/person\/4c5a701cb6f5716f361e924d0581801e"},"breadcrumb":{"@id":"https:\/\/nasimword.ir\/?p=34401&lang=tr#breadcrumb"},"inLanguage":"fa-IR","potentialAction":[{"@type":"ReadAction","target":["https:\/\/nasimword.ir\/?p=34401&lang=tr"]}]},{"@type":"BreadcrumbList","@id":"https:\/\/nasimword.ir\/?p=34401&lang=tr#breadcrumb","itemListElement":[{"@type":"ListItem","position":1,"name":"\u062e\u0627\u0646\u0647","item":"https:\/\/nasimword.ir\/"},{"@type":"ListItem","position":2,"name":"\u00c7ilingir mahkemeye zorla getirilecek"}]},{"@type":"Person","@id":"https:\/\/nasimword.ir\/#\/schema\/person\/4c5a701cb6f5716f361e924d0581801e","name":"somaye","image":{"@type":"ImageObject","@id":"https:\/\/nasimword.ir\/#personlogo","inLanguage":"fa-IR","url":"https:\/\/secure.gravatar.com\/avatar\/1969d108d4e14d828407b1c82e2f7dab?s=96&d=mm&r=g","contentUrl":"https:\/\/secure.gravatar.com\/avatar\/1969d108d4e14d828407b1c82e2f7dab?s=96&d=mm&r=g","caption":"somaye"},"url":"https:\/\/nasimword.ir\/?author=22"}]}},"_links":{"self":[{"href":"https:\/\/nasimword.ir\/index.php?rest_route=\/wp\/v2\/posts\/34401"}],"collection":[{"href":"https:\/\/nasimword.ir\/index.php?rest_route=\/wp\/v2\/posts"}],"about":[{"href":"https:\/\/nasimword.ir\/index.php?rest_route=\/wp\/v2\/types\/post"}],"author":[{"embeddable":true,"href":"https:\/\/nasimword.ir\/index.php?rest_route=\/wp\/v2\/users\/22"}],"replies":[{"embeddable":true,"href":"https:\/\/nasimword.ir\/index.php?rest_route=%2Fwp%2Fv2%2Fcomments&post=34401"}],"version-history":[{"count":0,"href":"https:\/\/nasimword.ir\/index.php?rest_route=\/wp\/v2\/posts\/34401\/revisions"}],"wp:featuredmedia":[{"embeddable":true,"href":"https:\/\/nasimword.ir\/index.php?rest_route=\/wp\/v2\/media\/34402"}],"wp:attachment":[{"href":"https:\/\/nasimword.ir\/index.php?rest_route=%2Fwp%2Fv2%2Fmedia&parent=34401"}],"wp:term":[{"taxonomy":"category","embeddable":true,"href":"https:\/\/nasimword.ir\/index.php?rest_route=%2Fwp%2Fv2%2Fcategories&post=34401"},{"taxonomy":"post_tag","embeddable":true,"href":"https:\/\/nasimword.ir\/index.php?rest_route=%2Fwp%2Fv2%2Ftags&post=34401"}],"curies":[{"name":"wp","href":"https:\/\/api.w.org\/{rel}","templated":true}]}}