{"id":34464,"date":"2019-03-09T00:46:58","date_gmt":"2019-03-08T21:16:58","guid":{"rendered":"http:\/\/nasimword.ir\/?p=34464"},"modified":"2019-03-09T00:46:58","modified_gmt":"2019-03-08T21:16:58","slug":"zehra-cilingiroglundan-evlilik-aciklamasina-ilk-yorum","status":"publish","type":"post","link":"https:\/\/nasimword.ir\/?p=34464&lang=tr","title":{"rendered":"Zehra \u00c7ilingiro\u011flu&#8217;ndan &#8216;evlilik&#8217; a\u00e7\u0131klamas\u0131na ilk yorum"},"content":{"rendered":"<p dir=\"ltr\">H\u00fclya Av\u015far ile Kaya \u00c7ilingiro\u011flu\u2019nun k\u0131zlar\u0131 Zehra \u00c7ilingiro\u011flu, \u00f6nceki g\u00fcn Ni\u015fanta\u015f\u0131\u2019nda g\u00f6r\u00fcnt\u00fclendi.<\/p>\n<p dir=\"ltr\"><img loading=\"lazy\" class=\"alignnone size-full wp-image-34465\" src=\"http:\/\/nasimword.ir\/wp-content\/uploads\/2019\/03\/BBUwweF.jpg\" alt=\"\" width=\"606\" height=\"340\" srcset=\"https:\/\/nasimword.ir\/wp-content\/uploads\/2019\/03\/BBUwweF.jpg 606w, https:\/\/nasimword.ir\/wp-content\/uploads\/2019\/03\/BBUwweF-300x168.jpg 300w\" sizes=\"(max-width: 606px) 100vw, 606px\" \/><\/p>\n<p dir=\"ltr\">Arkada\u015f\u0131 ile ma\u011fazalar\u0131 dola\u015f\u0131rken g\u00f6r\u00fcnt\u00fclenen Zehra \u00c7ilingiro\u011flu, babas\u0131 Kaya \u00c7ilingiro\u011flu&#8217;nun \u201cH\u00fclya ile yeniden evlenmem imkans\u0131z\u201d a\u00e7\u0131klamas\u0131yla ilgili soruyu yan\u0131tlad\u0131.<\/p>\n<p dir=\"ltr\">21 ya\u015f\u0131ndaki Zehra, \u201cBenim girmedi\u011fim konular bunlar. Onlar\u0131n hayat\u0131 beni ilgilendirmez\u201d dedi.<\/p>\n","protected":false},"excerpt":{"rendered":"<p>H\u00fclya Av\u015far ile Kaya \u00c7ilingiro\u011flu\u2019nun k\u0131zlar\u0131 Zehra \u00c7ilingiro\u011flu, \u00f6nceki g\u00fcn Ni\u015fanta\u015f\u0131\u2019nda g\u00f6r\u00fcnt\u00fclendi. Arkada\u015f\u0131 ile ma\u011fazalar\u0131 dola\u015f\u0131rken g\u00f6r\u00fcnt\u00fclenen Zehra \u00c7ilingiro\u011flu, babas\u0131 Kaya \u00c7ilingiro\u011flu&#8217;nun \u201cH\u00fclya ile yeniden evlenmem imkans\u0131z\u201d a\u00e7\u0131klamas\u0131yla ilgili soruyu yan\u0131tlad\u0131. 21 ya\u015f\u0131ndaki Zehra, \u201cBenim girmedi\u011fim konular bunlar. Onlar\u0131n hayat\u0131 beni ilgilendirmez\u201d dedi.<\/p>\n","protected":false},"author":22,"featured_media":34465,"comment_status":"open","ping_status":"open","sticky":false,"template":"","format":"standard","meta":[],"categories":[14058,5955,11183],"tags":[],"yoast_head":"<!-- This site is optimized with the Yoast SEO plugin v18.3 - https:\/\/yoast.com\/wordpress\/plugins\/seo\/ -->\n<title>Zehra \u00c7ilingiro\u011flu&#039;ndan &#039;evlilik&#039; a\u00e7\u0131klamas\u0131na ilk yorum - Nasim Word<\/title>\n<meta name=\"robots\" content=\"index, follow, max-snippet:-1, max-image-preview:large, max-video-preview:-1\" \/>\n<link rel=\"canonical\" href=\"https:\/\/nasimword.ir\/?p=34464&#038;lang=tr\" \/>\n<meta property=\"og:locale\" content=\"fa_IR\" \/>\n<meta property=\"og:type\" content=\"article\" \/>\n<meta property=\"og:title\" content=\"Zehra \u00c7ilingiro\u011flu&#039;ndan &#039;evlilik&#039; a\u00e7\u0131klamas\u0131na ilk yorum - Nasim Word\" \/>\n<meta property=\"og:description\" content=\"H\u00fclya Av\u015far ile Kaya \u00c7ilingiro\u011flu\u2019nun k\u0131zlar\u0131 Zehra \u00c7ilingiro\u011flu, \u00f6nceki g\u00fcn Ni\u015fanta\u015f\u0131\u2019nda g\u00f6r\u00fcnt\u00fclendi. Arkada\u015f\u0131 ile ma\u011fazalar\u0131 dola\u015f\u0131rken g\u00f6r\u00fcnt\u00fclenen Zehra \u00c7ilingiro\u011flu, babas\u0131 Kaya \u00c7ilingiro\u011flu&#8217;nun \u201cH\u00fclya ile yeniden evlenmem imkans\u0131z\u201d a\u00e7\u0131klamas\u0131yla ilgili soruyu yan\u0131tlad\u0131. 21 ya\u015f\u0131ndaki Zehra, \u201cBenim girmedi\u011fim konular bunlar. Onlar\u0131n hayat\u0131 beni ilgilendirmez\u201d dedi.\" \/>\n<meta property=\"og:url\" content=\"https:\/\/nasimword.ir\/?p=34464&amp;lang=tr\" \/>\n<meta property=\"og:site_name\" content=\"Nasim Word\" \/>\n<meta property=\"article:published_time\" content=\"2019-03-08T21:16:58+00:00\" \/>\n<meta property=\"og:image\" content=\"https:\/\/nasimword.ir\/wp-content\/uploads\/2019\/03\/BBUwweF.jpg\" \/>\n\t<meta property=\"og:image:width\" content=\"606\" \/>\n\t<meta property=\"og:image:height\" content=\"340\" \/>\n\t<meta property=\"og:image:type\" content=\"image\/jpeg\" \/>\n<meta name=\"twitter:card\" content=\"summary\" \/>\n<meta name=\"twitter:label1\" content=\"\u0646\u0648\u0634\u062a\u0647\u200c\u0634\u062f\u0647 \u0628\u062f\u0633\u062a\" \/>\n\t<meta name=\"twitter:data1\" content=\"somaye\" \/>\n<script type=\"application\/ld+json\" class=\"yoast-schema-graph\">{\"@context\":\"https:\/\/schema.org\",\"@graph\":[{\"@type\":\"WebSite\",\"@id\":\"https:\/\/nasimword.ir\/#website\",\"url\":\"https:\/\/nasimword.ir\/\",\"name\":\"Nasim Word\",\"description\":\"\u067e\u0648\u0631\u062a\u0627\u0644 \u062e\u0628\u0631\u06cc \u0648 \u062a\u062d\u0644\u06cc\u0644\u06cc \u0646\u0633\u06cc\u0645\",\"potentialAction\":[{\"@type\":\"SearchAction\",\"target\":{\"@type\":\"EntryPoint\",\"urlTemplate\":\"https:\/\/nasimword.ir\/?s={search_term_string}\"},\"query-input\":\"required name=search_term_string\"}],\"inLanguage\":\"fa-IR\"},{\"@type\":\"ImageObject\",\"@id\":\"https:\/\/nasimword.ir\/?p=34464&lang=tr#primaryimage\",\"inLanguage\":\"fa-IR\",\"url\":\"https:\/\/nasimword.ir\/wp-content\/uploads\/2019\/03\/BBUwweF.jpg\",\"contentUrl\":\"https:\/\/nasimword.ir\/wp-content\/uploads\/2019\/03\/BBUwweF.jpg\",\"width\":606,\"height\":340},{\"@type\":\"WebPage\",\"@id\":\"https:\/\/nasimword.ir\/?p=34464&lang=tr#webpage\",\"url\":\"https:\/\/nasimword.ir\/?p=34464&lang=tr\",\"name\":\"Zehra \u00c7ilingiro\u011flu'ndan 'evlilik' a\u00e7\u0131klamas\u0131na ilk yorum - Nasim Word\",\"isPartOf\":{\"@id\":\"https:\/\/nasimword.ir\/#website\"},\"primaryImageOfPage\":{\"@id\":\"https:\/\/nasimword.ir\/?p=34464&lang=tr#primaryimage\"},\"datePublished\":\"2019-03-08T21:16:58+00:00\",\"dateModified\":\"2019-03-08T21:16:58+00:00\",\"author\":{\"@id\":\"https:\/\/nasimword.ir\/#\/schema\/person\/4c5a701cb6f5716f361e924d0581801e\"},\"breadcrumb\":{\"@id\":\"https:\/\/nasimword.ir\/?p=34464&lang=tr#breadcrumb\"},\"inLanguage\":\"fa-IR\",\"potentialAction\":[{\"@type\":\"ReadAction\",\"target\":[\"https:\/\/nasimword.ir\/?p=34464&lang=tr\"]}]},{\"@type\":\"BreadcrumbList\",\"@id\":\"https:\/\/nasimword.ir\/?p=34464&lang=tr#breadcrumb\",\"itemListElement\":[{\"@type\":\"ListItem\",\"position\":1,\"name\":\"\u062e\u0627\u0646\u0647\",\"item\":\"https:\/\/nasimword.ir\/\"},{\"@type\":\"ListItem\",\"position\":2,\"name\":\"Zehra \u00c7ilingiro\u011flu&#8217;ndan &#8216;evlilik&#8217; a\u00e7\u0131klamas\u0131na ilk yorum\"}]},{\"@type\":\"Person\",\"@id\":\"https:\/\/nasimword.ir\/#\/schema\/person\/4c5a701cb6f5716f361e924d0581801e\",\"name\":\"somaye\",\"image\":{\"@type\":\"ImageObject\",\"@id\":\"https:\/\/nasimword.ir\/#personlogo\",\"inLanguage\":\"fa-IR\",\"url\":\"https:\/\/secure.gravatar.com\/avatar\/1969d108d4e14d828407b1c82e2f7dab?s=96&d=mm&r=g\",\"contentUrl\":\"https:\/\/secure.gravatar.com\/avatar\/1969d108d4e14d828407b1c82e2f7dab?s=96&d=mm&r=g\",\"caption\":\"somaye\"},\"url\":\"https:\/\/nasimword.ir\/?author=22\"}]}<\/script>\n<!-- \/ Yoast SEO plugin. -->","yoast_head_json":{"title":"Zehra \u00c7ilingiro\u011flu'ndan 'evlilik' a\u00e7\u0131klamas\u0131na ilk yorum - Nasim Word","robots":{"index":"index","follow":"follow","max-snippet":"max-snippet:-1","max-image-preview":"max-image-preview:large","max-video-preview":"max-video-preview:-1"},"canonical":"https:\/\/nasimword.ir\/?p=34464&lang=tr","og_locale":"fa_IR","og_type":"article","og_title":"Zehra \u00c7ilingiro\u011flu'ndan 'evlilik' a\u00e7\u0131klamas\u0131na ilk yorum - Nasim Word","og_description":"H\u00fclya Av\u015far ile Kaya \u00c7ilingiro\u011flu\u2019nun k\u0131zlar\u0131 Zehra \u00c7ilingiro\u011flu, \u00f6nceki g\u00fcn Ni\u015fanta\u015f\u0131\u2019nda g\u00f6r\u00fcnt\u00fclendi. Arkada\u015f\u0131 ile ma\u011fazalar\u0131 dola\u015f\u0131rken g\u00f6r\u00fcnt\u00fclenen Zehra \u00c7ilingiro\u011flu, babas\u0131 Kaya \u00c7ilingiro\u011flu&#8217;nun \u201cH\u00fclya ile yeniden evlenmem imkans\u0131z\u201d a\u00e7\u0131klamas\u0131yla ilgili soruyu yan\u0131tlad\u0131. 21 ya\u015f\u0131ndaki Zehra, \u201cBenim girmedi\u011fim konular bunlar. Onlar\u0131n hayat\u0131 beni ilgilendirmez\u201d dedi.","og_url":"https:\/\/nasimword.ir\/?p=34464&lang=tr","og_site_name":"Nasim Word","article_published_time":"2019-03-08T21:16:58+00:00","og_image":[{"width":606,"height":340,"url":"https:\/\/nasimword.ir\/wp-content\/uploads\/2019\/03\/BBUwweF.jpg","type":"image\/jpeg"}],"twitter_card":"summary","twitter_misc":{"\u0646\u0648\u0634\u062a\u0647\u200c\u0634\u062f\u0647 \u0628\u062f\u0633\u062a":"somaye"},"schema":{"@context":"https:\/\/schema.org","@graph":[{"@type":"WebSite","@id":"https:\/\/nasimword.ir\/#website","url":"https:\/\/nasimword.ir\/","name":"Nasim Word","description":"\u067e\u0648\u0631\u062a\u0627\u0644 \u062e\u0628\u0631\u06cc \u0648 \u062a\u062d\u0644\u06cc\u0644\u06cc \u0646\u0633\u06cc\u0645","potentialAction":[{"@type":"SearchAction","target":{"@type":"EntryPoint","urlTemplate":"https:\/\/nasimword.ir\/?s={search_term_string}"},"query-input":"required name=search_term_string"}],"inLanguage":"fa-IR"},{"@type":"ImageObject","@id":"https:\/\/nasimword.ir\/?p=34464&lang=tr#primaryimage","inLanguage":"fa-IR","url":"https:\/\/nasimword.ir\/wp-content\/uploads\/2019\/03\/BBUwweF.jpg","contentUrl":"https:\/\/nasimword.ir\/wp-content\/uploads\/2019\/03\/BBUwweF.jpg","width":606,"height":340},{"@type":"WebPage","@id":"https:\/\/nasimword.ir\/?p=34464&lang=tr#webpage","url":"https:\/\/nasimword.ir\/?p=34464&lang=tr","name":"Zehra \u00c7ilingiro\u011flu'ndan 'evlilik' a\u00e7\u0131klamas\u0131na ilk yorum - Nasim Word","isPartOf":{"@id":"https:\/\/nasimword.ir\/#website"},"primaryImageOfPage":{"@id":"https:\/\/nasimword.ir\/?p=34464&lang=tr#primaryimage"},"datePublished":"2019-03-08T21:16:58+00:00","dateModified":"2019-03-08T21:16:58+00:00","author":{"@id":"https:\/\/nasimword.ir\/#\/schema\/person\/4c5a701cb6f5716f361e924d0581801e"},"breadcrumb":{"@id":"https:\/\/nasimword.ir\/?p=34464&lang=tr#breadcrumb"},"inLanguage":"fa-IR","potentialAction":[{"@type":"ReadAction","target":["https:\/\/nasimword.ir\/?p=34464&lang=tr"]}]},{"@type":"BreadcrumbList","@id":"https:\/\/nasimword.ir\/?p=34464&lang=tr#breadcrumb","itemListElement":[{"@type":"ListItem","position":1,"name":"\u062e\u0627\u0646\u0647","item":"https:\/\/nasimword.ir\/"},{"@type":"ListItem","position":2,"name":"Zehra \u00c7ilingiro\u011flu&#8217;ndan &#8216;evlilik&#8217; a\u00e7\u0131klamas\u0131na ilk yorum"}]},{"@type":"Person","@id":"https:\/\/nasimword.ir\/#\/schema\/person\/4c5a701cb6f5716f361e924d0581801e","name":"somaye","image":{"@type":"ImageObject","@id":"https:\/\/nasimword.ir\/#personlogo","inLanguage":"fa-IR","url":"https:\/\/secure.gravatar.com\/avatar\/1969d108d4e14d828407b1c82e2f7dab?s=96&d=mm&r=g","contentUrl":"https:\/\/secure.gravatar.com\/avatar\/1969d108d4e14d828407b1c82e2f7dab?s=96&d=mm&r=g","caption":"somaye"},"url":"https:\/\/nasimword.ir\/?author=22"}]}},"_links":{"self":[{"href":"https:\/\/nasimword.ir\/index.php?rest_route=\/wp\/v2\/posts\/34464"}],"collection":[{"href":"https:\/\/nasimword.ir\/index.php?rest_route=\/wp\/v2\/posts"}],"about":[{"href":"https:\/\/nasimword.ir\/index.php?rest_route=\/wp\/v2\/types\/post"}],"author":[{"embeddable":true,"href":"https:\/\/nasimword.ir\/index.php?rest_route=\/wp\/v2\/users\/22"}],"replies":[{"embeddable":true,"href":"https:\/\/nasimword.ir\/index.php?rest_route=%2Fwp%2Fv2%2Fcomments&post=34464"}],"version-history":[{"count":0,"href":"https:\/\/nasimword.ir\/index.php?rest_route=\/wp\/v2\/posts\/34464\/revisions"}],"wp:featuredmedia":[{"embeddable":true,"href":"https:\/\/nasimword.ir\/index.php?rest_route=\/wp\/v2\/media\/34465"}],"wp:attachment":[{"href":"https:\/\/nasimword.ir\/index.php?rest_route=%2Fwp%2Fv2%2Fmedia&parent=34464"}],"wp:term":[{"taxonomy":"category","embeddable":true,"href":"https:\/\/nasimword.ir\/index.php?rest_route=%2Fwp%2Fv2%2Fcategories&post=34464"},{"taxonomy":"post_tag","embeddable":true,"href":"https:\/\/nasimword.ir\/index.php?rest_route=%2Fwp%2Fv2%2Ftags&post=34464"}],"curies":[{"name":"wp","href":"https:\/\/api.w.org\/{rel}","templated":true}]}}