{"id":36268,"date":"2019-04-10T16:20:01","date_gmt":"2019-04-10T11:50:01","guid":{"rendered":"http:\/\/nasimword.ir\/?p=36268"},"modified":"2019-04-10T16:20:01","modified_gmt":"2019-04-10T11:50:01","slug":"mahkeme-kararini-verdi-sila-davut-guloglu","status":"publish","type":"post","link":"https:\/\/nasimword.ir\/?p=36268&lang=tr","title":{"rendered":"Mahkeme karar\u0131n\u0131 verdi (S\u0131la-Davut G\u00fclo\u011flu)"},"content":{"rendered":"<p dir=\"ltr\">\u015eark\u0131c\u0131 S\u0131la Gen\u00e7o\u011flu hakk\u0131nda, 2,5 y\u0131l \u00f6nce Demokrasi ve \u015eehitler Mitingi i\u00e7in s\u00f6yledi\u011fi s\u00f6zler \u00fczerine k\u00fcfretti\u011fi iddias\u0131yla &#8220;Alenen hakaret&#8221; su\u00e7undan 8 bin 500 TL adli para cezas\u0131na \u00e7arpt\u0131r\u0131lan Davut G\u00fclo\u011flu&#8217;nun istinaf mahkemesine yapt\u0131\u011f\u0131 itiraz ba\u015fvurusu reddedildi. B\u00f6ylece G\u00fclo\u011flu&#8217;nun cezas\u0131 kesinle\u015fmi\u015f oldu.<\/p>\n<p dir=\"ltr\"><img loading=\"lazy\" class=\"alignnone size-full wp-image-36269\" src=\"http:\/\/nasimword.ir\/wp-content\/uploads\/2019\/04\/BBVLzo3.jpg\" alt=\"\" width=\"606\" height=\"340\" srcset=\"https:\/\/nasimword.ir\/wp-content\/uploads\/2019\/04\/BBVLzo3.jpg 606w, https:\/\/nasimword.ir\/wp-content\/uploads\/2019\/04\/BBVLzo3-300x168.jpg 300w, https:\/\/nasimword.ir\/wp-content\/uploads\/2019\/04\/BBVLzo3-390x220.jpg 390w\" sizes=\"(max-width: 606px) 100vw, 606px\" \/><\/p>\n<p dir=\"ltr\">S\u0131la Gen\u00e7o\u011flu&#8217;nun Demokrasi ve \u015eehitler Mitingi i\u00e7in s\u00f6yledi\u011fi s\u00f6zler \u00fczerine alenen hakaret etti\u011fi iddias\u0131yla 8 bin 500 TL adli para cezas\u0131na \u00e7arpt\u0131r\u0131lan Davut G\u00fclo\u011flu, avukat\u0131 arac\u0131l\u0131\u011f\u0131yla istinaf mahkemesine ba\u015fvurmu\u015ftu.<\/p>\n<p dir=\"ltr\">Ba\u015fvuruyu de\u011ferlendiren \u0130stanbul B\u00f6lge Adliye Mahkemesi 23. Ceza Dairesi, &#8220;eylemin san\u0131k taraf\u0131ndan i\u015flendi\u011finin kanuna uygun olarak y\u00fcr\u00fct\u00fclen duru\u015fma sonucu saptand\u0131\u011f\u0131n\u0131, eylemin do\u011fru olarak nitelendirildi\u011fi ve kanunda \u00f6ng\u00f6r\u00fclen su\u00e7 tipine uydu\u011fu, cezan\u0131n kanuni ba\u011flamda uyguland\u0131\u011f\u0131&#8221; anla\u015f\u0131ld\u0131\u011f\u0131ndan G\u00fclo\u011flu&#8217;nun ba\u015fvurusunu esastan reddetti.<\/p>\n<p dir=\"ltr\">B\u00f6ylece G\u00fclo\u011flu&#8217;nun cezas\u0131 kesinle\u015fmi\u015f oldu.<\/p>\n<p dir=\"ltr\">OLAYIN GE\u00c7M\u0130\u015e\u0130<\/p>\n<p dir=\"ltr\">15 Temmuz darbe giri\u015fiminin ard\u0131ndan Yenikap\u0131&#8217;da d\u00fczenlenen Demokrasi ve \u015eehitler Mitingi&#8217;ne \u015fark\u0131c\u0131 S\u0131la kat\u0131lmam\u0131\u015f ve &#8220;Darbeye kar\u015f\u0131y\u0131m ama Yenikap\u0131&#8217;daki \u015fova kat\u0131lmayaca\u011f\u0131m&#8221; demi\u015fti.<\/p>\n<p dir=\"ltr\">Bunun \u00fczerine Davut G\u00fclo\u011flu kat\u0131ld\u0131\u011f\u0131 bir televizyon program\u0131nda, &#8220;S\u2026 olsun gitsin&#8221; ifadesini kullanm\u0131\u015ft\u0131<\/p>\n<p dir=\"ltr\">S\u0131la, bu s\u00f6zlerin ard\u0131ndan \u015fikayet\u00e7i olmu\u015f ve Davut G\u00fclo\u011flu hakk\u0131nda, &#8220;Alenen hakaret&#8221; su\u00e7undan 2,5 y\u0131la kadar hapis cezas\u0131 talebiyle dava a\u00e7\u0131lm\u0131\u015ft\u0131.<\/p>\n<p dir=\"ltr\">\u0130stanbul 9. Asliye Ceza Mahkemesi&#8217;nde yarg\u0131lanan G\u00fclo\u011flu, 2 May\u0131s 2017&#8217;de &#8220;Alenen hakaret&#8221; su\u00e7undan \u00f6nce 1 y\u0131l 2 ay hapis cezas\u0131na \u00e7arpt\u0131r\u0131lm\u0131\u015f, G\u00fclo\u011flu\u2019nun bu cezas\u0131 8 bin 500 TL adli para cezas\u0131na \u00e7evrilmi\u015fti.<\/p>\n","protected":false},"excerpt":{"rendered":"<p>\u015eark\u0131c\u0131 S\u0131la Gen\u00e7o\u011flu hakk\u0131nda, 2,5 y\u0131l \u00f6nce Demokrasi ve \u015eehitler Mitingi i\u00e7in s\u00f6yledi\u011fi s\u00f6zler \u00fczerine k\u00fcfretti\u011fi iddias\u0131yla &#8220;Alenen hakaret&#8221; su\u00e7undan 8 bin 500 TL adli para cezas\u0131na \u00e7arpt\u0131r\u0131lan Davut G\u00fclo\u011flu&#8217;nun istinaf mahkemesine yapt\u0131\u011f\u0131 itiraz ba\u015fvurusu reddedildi. B\u00f6ylece G\u00fclo\u011flu&#8217;nun cezas\u0131 kesinle\u015fmi\u015f oldu. S\u0131la Gen\u00e7o\u011flu&#8217;nun Demokrasi ve \u015eehitler Mitingi i\u00e7in s\u00f6yledi\u011fi s\u00f6zler \u00fczerine alenen hakaret etti\u011fi iddias\u0131yla &hellip;<\/p>\n","protected":false},"author":22,"featured_media":36269,"comment_status":"open","ping_status":"open","sticky":false,"template":"","format":"standard","meta":[],"categories":[14058,5955,11183],"tags":[],"yoast_head":"<!-- This site is optimized with the Yoast SEO plugin v18.3 - https:\/\/yoast.com\/wordpress\/plugins\/seo\/ -->\n<title>Mahkeme karar\u0131n\u0131 verdi (S\u0131la-Davut G\u00fclo\u011flu) - Nasim Word<\/title>\n<meta name=\"robots\" content=\"index, follow, max-snippet:-1, max-image-preview:large, max-video-preview:-1\" \/>\n<link rel=\"canonical\" href=\"https:\/\/nasimword.ir\/?p=36268&#038;lang=tr\" \/>\n<meta property=\"og:locale\" content=\"fa_IR\" \/>\n<meta property=\"og:type\" content=\"article\" \/>\n<meta property=\"og:title\" content=\"Mahkeme karar\u0131n\u0131 verdi (S\u0131la-Davut G\u00fclo\u011flu) - Nasim Word\" \/>\n<meta property=\"og:description\" content=\"\u015eark\u0131c\u0131 S\u0131la Gen\u00e7o\u011flu hakk\u0131nda, 2,5 y\u0131l \u00f6nce Demokrasi ve \u015eehitler Mitingi i\u00e7in s\u00f6yledi\u011fi s\u00f6zler \u00fczerine k\u00fcfretti\u011fi iddias\u0131yla &#8220;Alenen hakaret&#8221; su\u00e7undan 8 bin 500 TL adli para cezas\u0131na \u00e7arpt\u0131r\u0131lan Davut G\u00fclo\u011flu&#8217;nun istinaf mahkemesine yapt\u0131\u011f\u0131 itiraz ba\u015fvurusu reddedildi. B\u00f6ylece G\u00fclo\u011flu&#8217;nun cezas\u0131 kesinle\u015fmi\u015f oldu. S\u0131la Gen\u00e7o\u011flu&#8217;nun Demokrasi ve \u015eehitler Mitingi i\u00e7in s\u00f6yledi\u011fi s\u00f6zler \u00fczerine alenen hakaret etti\u011fi iddias\u0131yla &hellip;\" \/>\n<meta property=\"og:url\" content=\"https:\/\/nasimword.ir\/?p=36268&amp;lang=tr\" \/>\n<meta property=\"og:site_name\" content=\"Nasim Word\" \/>\n<meta property=\"article:published_time\" content=\"2019-04-10T11:50:01+00:00\" \/>\n<meta property=\"og:image\" content=\"https:\/\/nasimword.ir\/wp-content\/uploads\/2019\/04\/BBVLzo3.jpg\" \/>\n\t<meta property=\"og:image:width\" content=\"606\" \/>\n\t<meta property=\"og:image:height\" content=\"340\" \/>\n\t<meta property=\"og:image:type\" content=\"image\/jpeg\" \/>\n<meta name=\"twitter:card\" content=\"summary\" \/>\n<meta name=\"twitter:label1\" content=\"\u0646\u0648\u0634\u062a\u0647\u200c\u0634\u062f\u0647 \u0628\u062f\u0633\u062a\" \/>\n\t<meta name=\"twitter:data1\" content=\"somaye\" \/>\n\t<meta name=\"twitter:label2\" content=\"\u0632\u0645\u0627\u0646 \u062a\u0642\u0631\u06cc\u0628\u06cc \u0628\u0631\u0627\u06cc \u062e\u0648\u0627\u0646\u062f\u0646\" \/>\n\t<meta name=\"twitter:data2\" content=\"2 \u062f\u0642\u06cc\u0642\u0647\" \/>\n<script type=\"application\/ld+json\" class=\"yoast-schema-graph\">{\"@context\":\"https:\/\/schema.org\",\"@graph\":[{\"@type\":\"WebSite\",\"@id\":\"https:\/\/nasimword.ir\/#website\",\"url\":\"https:\/\/nasimword.ir\/\",\"name\":\"Nasim Word\",\"description\":\"\u067e\u0648\u0631\u062a\u0627\u0644 \u062e\u0628\u0631\u06cc \u0648 \u062a\u062d\u0644\u06cc\u0644\u06cc \u0646\u0633\u06cc\u0645\",\"potentialAction\":[{\"@type\":\"SearchAction\",\"target\":{\"@type\":\"EntryPoint\",\"urlTemplate\":\"https:\/\/nasimword.ir\/?s={search_term_string}\"},\"query-input\":\"required name=search_term_string\"}],\"inLanguage\":\"fa-IR\"},{\"@type\":\"ImageObject\",\"@id\":\"https:\/\/nasimword.ir\/?p=36268&lang=tr#primaryimage\",\"inLanguage\":\"fa-IR\",\"url\":\"https:\/\/nasimword.ir\/wp-content\/uploads\/2019\/04\/BBVLzo3.jpg\",\"contentUrl\":\"https:\/\/nasimword.ir\/wp-content\/uploads\/2019\/04\/BBVLzo3.jpg\",\"width\":606,\"height\":340},{\"@type\":\"WebPage\",\"@id\":\"https:\/\/nasimword.ir\/?p=36268&lang=tr#webpage\",\"url\":\"https:\/\/nasimword.ir\/?p=36268&lang=tr\",\"name\":\"Mahkeme karar\u0131n\u0131 verdi (S\u0131la-Davut G\u00fclo\u011flu) - Nasim Word\",\"isPartOf\":{\"@id\":\"https:\/\/nasimword.ir\/#website\"},\"primaryImageOfPage\":{\"@id\":\"https:\/\/nasimword.ir\/?p=36268&lang=tr#primaryimage\"},\"datePublished\":\"2019-04-10T11:50:01+00:00\",\"dateModified\":\"2019-04-10T11:50:01+00:00\",\"author\":{\"@id\":\"https:\/\/nasimword.ir\/#\/schema\/person\/4c5a701cb6f5716f361e924d0581801e\"},\"breadcrumb\":{\"@id\":\"https:\/\/nasimword.ir\/?p=36268&lang=tr#breadcrumb\"},\"inLanguage\":\"fa-IR\",\"potentialAction\":[{\"@type\":\"ReadAction\",\"target\":[\"https:\/\/nasimword.ir\/?p=36268&lang=tr\"]}]},{\"@type\":\"BreadcrumbList\",\"@id\":\"https:\/\/nasimword.ir\/?p=36268&lang=tr#breadcrumb\",\"itemListElement\":[{\"@type\":\"ListItem\",\"position\":1,\"name\":\"\u062e\u0627\u0646\u0647\",\"item\":\"https:\/\/nasimword.ir\/\"},{\"@type\":\"ListItem\",\"position\":2,\"name\":\"Mahkeme karar\u0131n\u0131 verdi (S\u0131la-Davut G\u00fclo\u011flu)\"}]},{\"@type\":\"Person\",\"@id\":\"https:\/\/nasimword.ir\/#\/schema\/person\/4c5a701cb6f5716f361e924d0581801e\",\"name\":\"somaye\",\"image\":{\"@type\":\"ImageObject\",\"@id\":\"https:\/\/nasimword.ir\/#personlogo\",\"inLanguage\":\"fa-IR\",\"url\":\"https:\/\/secure.gravatar.com\/avatar\/1969d108d4e14d828407b1c82e2f7dab?s=96&d=mm&r=g\",\"contentUrl\":\"https:\/\/secure.gravatar.com\/avatar\/1969d108d4e14d828407b1c82e2f7dab?s=96&d=mm&r=g\",\"caption\":\"somaye\"},\"url\":\"https:\/\/nasimword.ir\/?author=22\"}]}<\/script>\n<!-- \/ Yoast SEO plugin. -->","yoast_head_json":{"title":"Mahkeme karar\u0131n\u0131 verdi (S\u0131la-Davut G\u00fclo\u011flu) - Nasim Word","robots":{"index":"index","follow":"follow","max-snippet":"max-snippet:-1","max-image-preview":"max-image-preview:large","max-video-preview":"max-video-preview:-1"},"canonical":"https:\/\/nasimword.ir\/?p=36268&lang=tr","og_locale":"fa_IR","og_type":"article","og_title":"Mahkeme karar\u0131n\u0131 verdi (S\u0131la-Davut G\u00fclo\u011flu) - Nasim Word","og_description":"\u015eark\u0131c\u0131 S\u0131la Gen\u00e7o\u011flu hakk\u0131nda, 2,5 y\u0131l \u00f6nce Demokrasi ve \u015eehitler Mitingi i\u00e7in s\u00f6yledi\u011fi s\u00f6zler \u00fczerine k\u00fcfretti\u011fi iddias\u0131yla &#8220;Alenen hakaret&#8221; su\u00e7undan 8 bin 500 TL adli para cezas\u0131na \u00e7arpt\u0131r\u0131lan Davut G\u00fclo\u011flu&#8217;nun istinaf mahkemesine yapt\u0131\u011f\u0131 itiraz ba\u015fvurusu reddedildi. B\u00f6ylece G\u00fclo\u011flu&#8217;nun cezas\u0131 kesinle\u015fmi\u015f oldu. S\u0131la Gen\u00e7o\u011flu&#8217;nun Demokrasi ve \u015eehitler Mitingi i\u00e7in s\u00f6yledi\u011fi s\u00f6zler \u00fczerine alenen hakaret etti\u011fi iddias\u0131yla &hellip;","og_url":"https:\/\/nasimword.ir\/?p=36268&lang=tr","og_site_name":"Nasim Word","article_published_time":"2019-04-10T11:50:01+00:00","og_image":[{"width":606,"height":340,"url":"https:\/\/nasimword.ir\/wp-content\/uploads\/2019\/04\/BBVLzo3.jpg","type":"image\/jpeg"}],"twitter_card":"summary","twitter_misc":{"\u0646\u0648\u0634\u062a\u0647\u200c\u0634\u062f\u0647 \u0628\u062f\u0633\u062a":"somaye","\u0632\u0645\u0627\u0646 \u062a\u0642\u0631\u06cc\u0628\u06cc \u0628\u0631\u0627\u06cc \u062e\u0648\u0627\u0646\u062f\u0646":"2 \u062f\u0642\u06cc\u0642\u0647"},"schema":{"@context":"https:\/\/schema.org","@graph":[{"@type":"WebSite","@id":"https:\/\/nasimword.ir\/#website","url":"https:\/\/nasimword.ir\/","name":"Nasim Word","description":"\u067e\u0648\u0631\u062a\u0627\u0644 \u062e\u0628\u0631\u06cc \u0648 \u062a\u062d\u0644\u06cc\u0644\u06cc \u0646\u0633\u06cc\u0645","potentialAction":[{"@type":"SearchAction","target":{"@type":"EntryPoint","urlTemplate":"https:\/\/nasimword.ir\/?s={search_term_string}"},"query-input":"required name=search_term_string"}],"inLanguage":"fa-IR"},{"@type":"ImageObject","@id":"https:\/\/nasimword.ir\/?p=36268&lang=tr#primaryimage","inLanguage":"fa-IR","url":"https:\/\/nasimword.ir\/wp-content\/uploads\/2019\/04\/BBVLzo3.jpg","contentUrl":"https:\/\/nasimword.ir\/wp-content\/uploads\/2019\/04\/BBVLzo3.jpg","width":606,"height":340},{"@type":"WebPage","@id":"https:\/\/nasimword.ir\/?p=36268&lang=tr#webpage","url":"https:\/\/nasimword.ir\/?p=36268&lang=tr","name":"Mahkeme karar\u0131n\u0131 verdi (S\u0131la-Davut G\u00fclo\u011flu) - Nasim Word","isPartOf":{"@id":"https:\/\/nasimword.ir\/#website"},"primaryImageOfPage":{"@id":"https:\/\/nasimword.ir\/?p=36268&lang=tr#primaryimage"},"datePublished":"2019-04-10T11:50:01+00:00","dateModified":"2019-04-10T11:50:01+00:00","author":{"@id":"https:\/\/nasimword.ir\/#\/schema\/person\/4c5a701cb6f5716f361e924d0581801e"},"breadcrumb":{"@id":"https:\/\/nasimword.ir\/?p=36268&lang=tr#breadcrumb"},"inLanguage":"fa-IR","potentialAction":[{"@type":"ReadAction","target":["https:\/\/nasimword.ir\/?p=36268&lang=tr"]}]},{"@type":"BreadcrumbList","@id":"https:\/\/nasimword.ir\/?p=36268&lang=tr#breadcrumb","itemListElement":[{"@type":"ListItem","position":1,"name":"\u062e\u0627\u0646\u0647","item":"https:\/\/nasimword.ir\/"},{"@type":"ListItem","position":2,"name":"Mahkeme karar\u0131n\u0131 verdi (S\u0131la-Davut G\u00fclo\u011flu)"}]},{"@type":"Person","@id":"https:\/\/nasimword.ir\/#\/schema\/person\/4c5a701cb6f5716f361e924d0581801e","name":"somaye","image":{"@type":"ImageObject","@id":"https:\/\/nasimword.ir\/#personlogo","inLanguage":"fa-IR","url":"https:\/\/secure.gravatar.com\/avatar\/1969d108d4e14d828407b1c82e2f7dab?s=96&d=mm&r=g","contentUrl":"https:\/\/secure.gravatar.com\/avatar\/1969d108d4e14d828407b1c82e2f7dab?s=96&d=mm&r=g","caption":"somaye"},"url":"https:\/\/nasimword.ir\/?author=22"}]}},"_links":{"self":[{"href":"https:\/\/nasimword.ir\/index.php?rest_route=\/wp\/v2\/posts\/36268"}],"collection":[{"href":"https:\/\/nasimword.ir\/index.php?rest_route=\/wp\/v2\/posts"}],"about":[{"href":"https:\/\/nasimword.ir\/index.php?rest_route=\/wp\/v2\/types\/post"}],"author":[{"embeddable":true,"href":"https:\/\/nasimword.ir\/index.php?rest_route=\/wp\/v2\/users\/22"}],"replies":[{"embeddable":true,"href":"https:\/\/nasimword.ir\/index.php?rest_route=%2Fwp%2Fv2%2Fcomments&post=36268"}],"version-history":[{"count":0,"href":"https:\/\/nasimword.ir\/index.php?rest_route=\/wp\/v2\/posts\/36268\/revisions"}],"wp:featuredmedia":[{"embeddable":true,"href":"https:\/\/nasimword.ir\/index.php?rest_route=\/wp\/v2\/media\/36269"}],"wp:attachment":[{"href":"https:\/\/nasimword.ir\/index.php?rest_route=%2Fwp%2Fv2%2Fmedia&parent=36268"}],"wp:term":[{"taxonomy":"category","embeddable":true,"href":"https:\/\/nasimword.ir\/index.php?rest_route=%2Fwp%2Fv2%2Fcategories&post=36268"},{"taxonomy":"post_tag","embeddable":true,"href":"https:\/\/nasimword.ir\/index.php?rest_route=%2Fwp%2Fv2%2Ftags&post=36268"}],"curies":[{"name":"wp","href":"https:\/\/api.w.org\/{rel}","templated":true}]}}