{"id":37629,"date":"2019-05-02T18:34:54","date_gmt":"2019-05-02T14:04:54","guid":{"rendered":"http:\/\/nasimword.ir\/?p=37629"},"modified":"2019-05-02T18:34:54","modified_gmt":"2019-05-02T14:04:54","slug":"serenay-sarikaya-genc-is-adamiyla-mi-birlikte","status":"publish","type":"post","link":"https:\/\/nasimword.ir\/?p=37629&lang=tr","title":{"rendered":"Serenay Sar\u0131kaya gen\u00e7 i\u015f adam\u0131yla m\u0131 birlikte?"},"content":{"rendered":"<p dir=\"ltr\">Yakla\u015f\u0131k 4 y\u0131ld\u0131r a\u015fk ya\u015fad\u0131\u011f\u0131 Kerem B\u00fcrsin ile ayr\u0131lan Serenay Sar\u0131kaya, gen\u00e7 bir i\u015f adam\u0131yla a\u015fk ya\u015fad\u0131\u011f\u0131 haberlerine sosyal medya hesab\u0131ndan isyan etti.<\/p>\n<p dir=\"ltr\"><img loading=\"lazy\" class=\"alignnone size-full wp-image-37631\" src=\"http:\/\/nasimword.ir\/wp-content\/uploads\/2019\/05\/c98ballxcaaz6tp-G3hN_cover.jpg\" alt=\"\" width=\"649\" height=\"365\" srcset=\"https:\/\/nasimword.ir\/wp-content\/uploads\/2019\/05\/c98ballxcaaz6tp-G3hN_cover.jpg 649w, https:\/\/nasimword.ir\/wp-content\/uploads\/2019\/05\/c98ballxcaaz6tp-G3hN_cover-300x169.jpg 300w, https:\/\/nasimword.ir\/wp-content\/uploads\/2019\/05\/c98ballxcaaz6tp-G3hN_cover-390x220.jpg 390w\" sizes=\"(max-width: 649px) 100vw, 649px\" \/><\/p>\n<p dir=\"ltr\">Kendisi gibi oyuncu Kerem B\u00fcrsin&#8217;le ili\u015fkisini ge\u00e7en g\u00fcnlerde bitiren Serenay Sar\u0131kaya&#8217;n\u0131n gen\u00e7 bir i\u015f adam\u0131yla a\u015fk ya\u015famaya ba\u015flad\u0131\u011f\u0131 iddia edildi.<\/p>\n<p dir=\"ltr\">&#8221;HAYATIMDA K\u0130MSE YOK&#8221;<\/p>\n<p dir=\"ltr\">Serenay Sar\u0131kaya bu iddiay\u0131 Instagram&#8217;\u0131n &#8216;hikaye&#8217; k\u0131sm\u0131ndan \u015fu s\u00f6zlerle yalanlad\u0131: &#8221;Her g\u00fcn hayretle yeni bir senaryoya uyan\u0131yorum. Hayat\u0131mda kimse olmamakla birlikte \u00fcretilen t\u00fcm ger\u00e7ek d\u0131\u015f\u0131 haberleri ve bunlar \u00fczerinden yap\u0131lan yorumlar\u0131, ya\u015fad\u0131\u011f\u0131m bu s\u00fcrece ve bana yap\u0131lm\u0131\u015f bir sayg\u0131s\u0131zl\u0131k olarak g\u00f6r\u00fcyorum! Her ili\u015fkinin biti\u015f sebebi bir ba\u015fkas\u0131 olmak zorunda de\u011fildir! L\u00fctfen kar\u015f\u0131l\u0131kl\u0131 sevgi ve sayg\u0131m\u0131z\u0131 kaybetmeyelim!&#8221;<\/p>\n<p dir=\"ltr\">KEREM B\u00dcRS\u0130N&#8217;DEN DESTEK GELD\u0130<\/p>\n<p dir=\"ltr\">Serenay Sar\u0131kaya&#8217;n\u0131n a\u00e7\u0131klamalar\u0131n\u0131n ard\u0131ndan Kerem B\u00fcrsin de eski sevgilisine destek verdi.<\/p>\n<p dir=\"ltr\">B\u00fcrsin sosyal medya hesab\u0131ndan \u015fu notu payla\u015ft\u0131: &#8221;Ya\u015fad\u0131\u011f\u0131m\u0131z s\u00fcrece l\u00fctfen sayg\u0131 duyun&#8230; \u015eu ana kadar yaz\u0131lan ve \u00e7\u0131kan bir s\u00fcr\u00fc haberin do\u011fruyla hi\u00e7bir alakas\u0131 yoktur.&#8221;<\/p>\n<p dir=\"ltr\">\u0130\u015eTE \u0130K\u0130L\u0130N\u0130N A\u00c7IKLAMASI:<\/p>\n<p dir=\"ltr\"><img loading=\"lazy\" class=\"alignnone size-full wp-image-37630\" src=\"http:\/\/nasimword.ir\/wp-content\/uploads\/2019\/05\/5ccacd0b66a97c748348c5f9-63UQ.jpg\" alt=\"\" width=\"640\" height=\"1205\" srcset=\"https:\/\/nasimword.ir\/wp-content\/uploads\/2019\/05\/5ccacd0b66a97c748348c5f9-63UQ.jpg 640w, https:\/\/nasimword.ir\/wp-content\/uploads\/2019\/05\/5ccacd0b66a97c748348c5f9-63UQ-159x300.jpg 159w, https:\/\/nasimword.ir\/wp-content\/uploads\/2019\/05\/5ccacd0b66a97c748348c5f9-63UQ-544x1024.jpg 544w\" sizes=\"(max-width: 640px) 100vw, 640px\" \/><\/p>\n<p dir=\"ltr\">\n","protected":false},"excerpt":{"rendered":"<p>Yakla\u015f\u0131k 4 y\u0131ld\u0131r a\u015fk ya\u015fad\u0131\u011f\u0131 Kerem B\u00fcrsin ile ayr\u0131lan Serenay Sar\u0131kaya, gen\u00e7 bir i\u015f adam\u0131yla a\u015fk ya\u015fad\u0131\u011f\u0131 haberlerine sosyal medya hesab\u0131ndan isyan etti. Kendisi gibi oyuncu Kerem B\u00fcrsin&#8217;le ili\u015fkisini ge\u00e7en g\u00fcnlerde bitiren Serenay Sar\u0131kaya&#8217;n\u0131n gen\u00e7 bir i\u015f adam\u0131yla a\u015fk ya\u015famaya ba\u015flad\u0131\u011f\u0131 iddia edildi. &#8221;HAYATIMDA K\u0130MSE YOK&#8221; Serenay Sar\u0131kaya bu iddiay\u0131 Instagram&#8217;\u0131n &#8216;hikaye&#8217; k\u0131sm\u0131ndan \u015fu s\u00f6zlerle &hellip;<\/p>\n","protected":false},"author":22,"featured_media":37631,"comment_status":"open","ping_status":"open","sticky":false,"template":"","format":"standard","meta":[],"categories":[14058,5955,11183],"tags":[],"yoast_head":"<!-- This site is optimized with the Yoast SEO plugin v18.3 - https:\/\/yoast.com\/wordpress\/plugins\/seo\/ -->\n<title>Serenay Sar\u0131kaya gen\u00e7 i\u015f adam\u0131yla m\u0131 birlikte? - Nasim Word<\/title>\n<meta name=\"robots\" content=\"index, follow, max-snippet:-1, max-image-preview:large, max-video-preview:-1\" \/>\n<link rel=\"canonical\" href=\"https:\/\/nasimword.ir\/?p=37629&#038;lang=tr\" \/>\n<meta property=\"og:locale\" content=\"fa_IR\" \/>\n<meta property=\"og:type\" content=\"article\" \/>\n<meta property=\"og:title\" content=\"Serenay Sar\u0131kaya gen\u00e7 i\u015f adam\u0131yla m\u0131 birlikte? - Nasim Word\" \/>\n<meta property=\"og:description\" content=\"Yakla\u015f\u0131k 4 y\u0131ld\u0131r a\u015fk ya\u015fad\u0131\u011f\u0131 Kerem B\u00fcrsin ile ayr\u0131lan Serenay Sar\u0131kaya, gen\u00e7 bir i\u015f adam\u0131yla a\u015fk ya\u015fad\u0131\u011f\u0131 haberlerine sosyal medya hesab\u0131ndan isyan etti. Kendisi gibi oyuncu Kerem B\u00fcrsin&#8217;le ili\u015fkisini ge\u00e7en g\u00fcnlerde bitiren Serenay Sar\u0131kaya&#8217;n\u0131n gen\u00e7 bir i\u015f adam\u0131yla a\u015fk ya\u015famaya ba\u015flad\u0131\u011f\u0131 iddia edildi. &#8221;HAYATIMDA K\u0130MSE YOK&#8221; Serenay Sar\u0131kaya bu iddiay\u0131 Instagram&#8217;\u0131n &#8216;hikaye&#8217; k\u0131sm\u0131ndan \u015fu s\u00f6zlerle &hellip;\" \/>\n<meta property=\"og:url\" content=\"https:\/\/nasimword.ir\/?p=37629&amp;lang=tr\" \/>\n<meta property=\"og:site_name\" content=\"Nasim Word\" \/>\n<meta property=\"article:published_time\" content=\"2019-05-02T14:04:54+00:00\" \/>\n<meta property=\"og:image\" content=\"https:\/\/nasimword.ir\/wp-content\/uploads\/2019\/05\/c98ballxcaaz6tp-G3hN_cover.jpg\" \/>\n\t<meta property=\"og:image:width\" content=\"649\" \/>\n\t<meta property=\"og:image:height\" content=\"365\" \/>\n\t<meta property=\"og:image:type\" content=\"image\/jpeg\" \/>\n<meta name=\"twitter:card\" content=\"summary\" \/>\n<meta name=\"twitter:label1\" content=\"\u0646\u0648\u0634\u062a\u0647\u200c\u0634\u062f\u0647 \u0628\u062f\u0633\u062a\" \/>\n\t<meta name=\"twitter:data1\" content=\"somaye\" \/>\n\t<meta name=\"twitter:label2\" content=\"\u0632\u0645\u0627\u0646 \u062a\u0642\u0631\u06cc\u0628\u06cc \u0628\u0631\u0627\u06cc \u062e\u0648\u0627\u0646\u062f\u0646\" \/>\n\t<meta name=\"twitter:data2\" content=\"1 \u062f\u0642\u06cc\u0642\u0647\" \/>\n<script type=\"application\/ld+json\" class=\"yoast-schema-graph\">{\"@context\":\"https:\/\/schema.org\",\"@graph\":[{\"@type\":\"WebSite\",\"@id\":\"https:\/\/nasimword.ir\/#website\",\"url\":\"https:\/\/nasimword.ir\/\",\"name\":\"Nasim Word\",\"description\":\"\u067e\u0648\u0631\u062a\u0627\u0644 \u062e\u0628\u0631\u06cc \u0648 \u062a\u062d\u0644\u06cc\u0644\u06cc \u0646\u0633\u06cc\u0645\",\"potentialAction\":[{\"@type\":\"SearchAction\",\"target\":{\"@type\":\"EntryPoint\",\"urlTemplate\":\"https:\/\/nasimword.ir\/?s={search_term_string}\"},\"query-input\":\"required name=search_term_string\"}],\"inLanguage\":\"fa-IR\"},{\"@type\":\"ImageObject\",\"@id\":\"https:\/\/nasimword.ir\/?p=37629&lang=tr#primaryimage\",\"inLanguage\":\"fa-IR\",\"url\":\"https:\/\/nasimword.ir\/wp-content\/uploads\/2019\/05\/c98ballxcaaz6tp-G3hN_cover.jpg\",\"contentUrl\":\"https:\/\/nasimword.ir\/wp-content\/uploads\/2019\/05\/c98ballxcaaz6tp-G3hN_cover.jpg\",\"width\":649,\"height\":365},{\"@type\":\"WebPage\",\"@id\":\"https:\/\/nasimword.ir\/?p=37629&lang=tr#webpage\",\"url\":\"https:\/\/nasimword.ir\/?p=37629&lang=tr\",\"name\":\"Serenay Sar\u0131kaya gen\u00e7 i\u015f adam\u0131yla m\u0131 birlikte? - Nasim Word\",\"isPartOf\":{\"@id\":\"https:\/\/nasimword.ir\/#website\"},\"primaryImageOfPage\":{\"@id\":\"https:\/\/nasimword.ir\/?p=37629&lang=tr#primaryimage\"},\"datePublished\":\"2019-05-02T14:04:54+00:00\",\"dateModified\":\"2019-05-02T14:04:54+00:00\",\"author\":{\"@id\":\"https:\/\/nasimword.ir\/#\/schema\/person\/4c5a701cb6f5716f361e924d0581801e\"},\"breadcrumb\":{\"@id\":\"https:\/\/nasimword.ir\/?p=37629&lang=tr#breadcrumb\"},\"inLanguage\":\"fa-IR\",\"potentialAction\":[{\"@type\":\"ReadAction\",\"target\":[\"https:\/\/nasimword.ir\/?p=37629&lang=tr\"]}]},{\"@type\":\"BreadcrumbList\",\"@id\":\"https:\/\/nasimword.ir\/?p=37629&lang=tr#breadcrumb\",\"itemListElement\":[{\"@type\":\"ListItem\",\"position\":1,\"name\":\"\u062e\u0627\u0646\u0647\",\"item\":\"https:\/\/nasimword.ir\/\"},{\"@type\":\"ListItem\",\"position\":2,\"name\":\"Serenay Sar\u0131kaya gen\u00e7 i\u015f adam\u0131yla m\u0131 birlikte?\"}]},{\"@type\":\"Person\",\"@id\":\"https:\/\/nasimword.ir\/#\/schema\/person\/4c5a701cb6f5716f361e924d0581801e\",\"name\":\"somaye\",\"image\":{\"@type\":\"ImageObject\",\"@id\":\"https:\/\/nasimword.ir\/#personlogo\",\"inLanguage\":\"fa-IR\",\"url\":\"https:\/\/secure.gravatar.com\/avatar\/1969d108d4e14d828407b1c82e2f7dab?s=96&d=mm&r=g\",\"contentUrl\":\"https:\/\/secure.gravatar.com\/avatar\/1969d108d4e14d828407b1c82e2f7dab?s=96&d=mm&r=g\",\"caption\":\"somaye\"},\"url\":\"https:\/\/nasimword.ir\/?author=22\"}]}<\/script>\n<!-- \/ Yoast SEO plugin. -->","yoast_head_json":{"title":"Serenay Sar\u0131kaya gen\u00e7 i\u015f adam\u0131yla m\u0131 birlikte? - Nasim Word","robots":{"index":"index","follow":"follow","max-snippet":"max-snippet:-1","max-image-preview":"max-image-preview:large","max-video-preview":"max-video-preview:-1"},"canonical":"https:\/\/nasimword.ir\/?p=37629&lang=tr","og_locale":"fa_IR","og_type":"article","og_title":"Serenay Sar\u0131kaya gen\u00e7 i\u015f adam\u0131yla m\u0131 birlikte? - Nasim Word","og_description":"Yakla\u015f\u0131k 4 y\u0131ld\u0131r a\u015fk ya\u015fad\u0131\u011f\u0131 Kerem B\u00fcrsin ile ayr\u0131lan Serenay Sar\u0131kaya, gen\u00e7 bir i\u015f adam\u0131yla a\u015fk ya\u015fad\u0131\u011f\u0131 haberlerine sosyal medya hesab\u0131ndan isyan etti. Kendisi gibi oyuncu Kerem B\u00fcrsin&#8217;le ili\u015fkisini ge\u00e7en g\u00fcnlerde bitiren Serenay Sar\u0131kaya&#8217;n\u0131n gen\u00e7 bir i\u015f adam\u0131yla a\u015fk ya\u015famaya ba\u015flad\u0131\u011f\u0131 iddia edildi. &#8221;HAYATIMDA K\u0130MSE YOK&#8221; Serenay Sar\u0131kaya bu iddiay\u0131 Instagram&#8217;\u0131n &#8216;hikaye&#8217; k\u0131sm\u0131ndan \u015fu s\u00f6zlerle &hellip;","og_url":"https:\/\/nasimword.ir\/?p=37629&lang=tr","og_site_name":"Nasim Word","article_published_time":"2019-05-02T14:04:54+00:00","og_image":[{"width":649,"height":365,"url":"https:\/\/nasimword.ir\/wp-content\/uploads\/2019\/05\/c98ballxcaaz6tp-G3hN_cover.jpg","type":"image\/jpeg"}],"twitter_card":"summary","twitter_misc":{"\u0646\u0648\u0634\u062a\u0647\u200c\u0634\u062f\u0647 \u0628\u062f\u0633\u062a":"somaye","\u0632\u0645\u0627\u0646 \u062a\u0642\u0631\u06cc\u0628\u06cc \u0628\u0631\u0627\u06cc \u062e\u0648\u0627\u0646\u062f\u0646":"1 \u062f\u0642\u06cc\u0642\u0647"},"schema":{"@context":"https:\/\/schema.org","@graph":[{"@type":"WebSite","@id":"https:\/\/nasimword.ir\/#website","url":"https:\/\/nasimword.ir\/","name":"Nasim Word","description":"\u067e\u0648\u0631\u062a\u0627\u0644 \u062e\u0628\u0631\u06cc \u0648 \u062a\u062d\u0644\u06cc\u0644\u06cc \u0646\u0633\u06cc\u0645","potentialAction":[{"@type":"SearchAction","target":{"@type":"EntryPoint","urlTemplate":"https:\/\/nasimword.ir\/?s={search_term_string}"},"query-input":"required name=search_term_string"}],"inLanguage":"fa-IR"},{"@type":"ImageObject","@id":"https:\/\/nasimword.ir\/?p=37629&lang=tr#primaryimage","inLanguage":"fa-IR","url":"https:\/\/nasimword.ir\/wp-content\/uploads\/2019\/05\/c98ballxcaaz6tp-G3hN_cover.jpg","contentUrl":"https:\/\/nasimword.ir\/wp-content\/uploads\/2019\/05\/c98ballxcaaz6tp-G3hN_cover.jpg","width":649,"height":365},{"@type":"WebPage","@id":"https:\/\/nasimword.ir\/?p=37629&lang=tr#webpage","url":"https:\/\/nasimword.ir\/?p=37629&lang=tr","name":"Serenay Sar\u0131kaya gen\u00e7 i\u015f adam\u0131yla m\u0131 birlikte? - Nasim Word","isPartOf":{"@id":"https:\/\/nasimword.ir\/#website"},"primaryImageOfPage":{"@id":"https:\/\/nasimword.ir\/?p=37629&lang=tr#primaryimage"},"datePublished":"2019-05-02T14:04:54+00:00","dateModified":"2019-05-02T14:04:54+00:00","author":{"@id":"https:\/\/nasimword.ir\/#\/schema\/person\/4c5a701cb6f5716f361e924d0581801e"},"breadcrumb":{"@id":"https:\/\/nasimword.ir\/?p=37629&lang=tr#breadcrumb"},"inLanguage":"fa-IR","potentialAction":[{"@type":"ReadAction","target":["https:\/\/nasimword.ir\/?p=37629&lang=tr"]}]},{"@type":"BreadcrumbList","@id":"https:\/\/nasimword.ir\/?p=37629&lang=tr#breadcrumb","itemListElement":[{"@type":"ListItem","position":1,"name":"\u062e\u0627\u0646\u0647","item":"https:\/\/nasimword.ir\/"},{"@type":"ListItem","position":2,"name":"Serenay Sar\u0131kaya gen\u00e7 i\u015f adam\u0131yla m\u0131 birlikte?"}]},{"@type":"Person","@id":"https:\/\/nasimword.ir\/#\/schema\/person\/4c5a701cb6f5716f361e924d0581801e","name":"somaye","image":{"@type":"ImageObject","@id":"https:\/\/nasimword.ir\/#personlogo","inLanguage":"fa-IR","url":"https:\/\/secure.gravatar.com\/avatar\/1969d108d4e14d828407b1c82e2f7dab?s=96&d=mm&r=g","contentUrl":"https:\/\/secure.gravatar.com\/avatar\/1969d108d4e14d828407b1c82e2f7dab?s=96&d=mm&r=g","caption":"somaye"},"url":"https:\/\/nasimword.ir\/?author=22"}]}},"_links":{"self":[{"href":"https:\/\/nasimword.ir\/index.php?rest_route=\/wp\/v2\/posts\/37629"}],"collection":[{"href":"https:\/\/nasimword.ir\/index.php?rest_route=\/wp\/v2\/posts"}],"about":[{"href":"https:\/\/nasimword.ir\/index.php?rest_route=\/wp\/v2\/types\/post"}],"author":[{"embeddable":true,"href":"https:\/\/nasimword.ir\/index.php?rest_route=\/wp\/v2\/users\/22"}],"replies":[{"embeddable":true,"href":"https:\/\/nasimword.ir\/index.php?rest_route=%2Fwp%2Fv2%2Fcomments&post=37629"}],"version-history":[{"count":0,"href":"https:\/\/nasimword.ir\/index.php?rest_route=\/wp\/v2\/posts\/37629\/revisions"}],"wp:featuredmedia":[{"embeddable":true,"href":"https:\/\/nasimword.ir\/index.php?rest_route=\/wp\/v2\/media\/37631"}],"wp:attachment":[{"href":"https:\/\/nasimword.ir\/index.php?rest_route=%2Fwp%2Fv2%2Fmedia&parent=37629"}],"wp:term":[{"taxonomy":"category","embeddable":true,"href":"https:\/\/nasimword.ir\/index.php?rest_route=%2Fwp%2Fv2%2Fcategories&post=37629"},{"taxonomy":"post_tag","embeddable":true,"href":"https:\/\/nasimword.ir\/index.php?rest_route=%2Fwp%2Fv2%2Ftags&post=37629"}],"curies":[{"name":"wp","href":"https:\/\/api.w.org\/{rel}","templated":true}]}}