{"id":39230,"date":"2019-05-28T18:07:59","date_gmt":"2019-05-28T13:37:59","guid":{"rendered":"http:\/\/nasimword.ir\/?p=39230"},"modified":"2019-05-28T18:07:59","modified_gmt":"2019-05-28T13:37:59","slug":"idam-istiyorum","status":"publish","type":"post","link":"https:\/\/nasimword.ir\/?p=39230&lang=tr","title":{"rendered":"&#8220;\u0130dam istiyorum&#8221;"},"content":{"rendered":"<p dir=\"ltr\">M\u00fcge Anl\u0131 ile Tatl\u0131 Sert program\u0131nda g\u00fcnlerdir aranan 1,5 ya\u015f\u0131ndaki Ecrin bebe\u011fin cesedi d\u00fcn ormanl\u0131k alanda bulundu. \u00d6l\u00fcm haberini duyan \u015fark\u0131c\u0131 Demet Akal\u0131n, sosyal medya hesab\u0131ndan tepki g\u00f6sterdi.<\/p>\n<p dir=\"ltr\"><img loading=\"lazy\" class=\"alignnone size-full wp-image-39233\" src=\"http:\/\/nasimword.ir\/wp-content\/uploads\/2019\/05\/demet-7-F7ED_cover.jpg\" alt=\"\" width=\"649\" height=\"365\" srcset=\"https:\/\/nasimword.ir\/wp-content\/uploads\/2019\/05\/demet-7-F7ED_cover.jpg 649w, https:\/\/nasimword.ir\/wp-content\/uploads\/2019\/05\/demet-7-F7ED_cover-300x169.jpg 300w, https:\/\/nasimword.ir\/wp-content\/uploads\/2019\/05\/demet-7-F7ED_cover-390x220.jpg 390w\" sizes=\"(max-width: 649px) 100vw, 649px\" \/><\/p>\n<p dir=\"ltr\">1,5 ya\u015f\u0131nda olan Ecrin, Samsun&#8217;un Vezirk\u00f6pr\u00fc il\u00e7esine ba\u011fl\u0131 bir k\u00f6yde kayboldu. Aile, Ecrin Kurnaz&#8217;\u0131n bir an \u00f6nce bulunmas\u0131 i\u00e7in \u00e7e\u015fitli programlara ba\u015fvurarak yard\u0131m istemi\u015fti.<\/p>\n<p dir=\"ltr\">CESED\u0130NE ULA\u015eILDI<\/p>\n<p dir=\"ltr\">7 May\u0131s&#8217;ta evinin \u00f6n\u00fcnde oyun oynarken kaybolan 1,5 ya\u015f\u0131ndaki Ecrin Kurnaz&#8217;\u0131n, cans\u0131z bedenine ula\u015f\u0131ld\u0131. Vezirk\u00f6pr\u00fc Belediye Ba\u015fkan\u0131 \u0130brahim Sad\u0131k Edis, k\u00fc\u00e7\u00fck k\u0131z\u0131n cans\u0131z bedeninin, evlerinin uza\u011f\u0131ndaki ormanl\u0131k alandaki dere yata\u011f\u0131nda bulundu\u011funu a\u00e7\u0131klad\u0131.<\/p>\n<p dir=\"ltr\"><img loading=\"lazy\" class=\"alignnone size-full wp-image-39232\" src=\"http:\/\/nasimword.ir\/wp-content\/uploads\/2019\/05\/ecrin-bebegin-olum-haberini-alan-de-fm8Z.jpg\" alt=\"\" width=\"640\" height=\"1135\" srcset=\"https:\/\/nasimword.ir\/wp-content\/uploads\/2019\/05\/ecrin-bebegin-olum-haberini-alan-de-fm8Z.jpg 640w, https:\/\/nasimword.ir\/wp-content\/uploads\/2019\/05\/ecrin-bebegin-olum-haberini-alan-de-fm8Z-169x300.jpg 169w, https:\/\/nasimword.ir\/wp-content\/uploads\/2019\/05\/ecrin-bebegin-olum-haberini-alan-de-fm8Z-577x1024.jpg 577w\" sizes=\"(max-width: 640px) 100vw, 640px\" \/><\/p>\n<p dir=\"ltr\">&#8220;\u0130DAM \u0130ST\u0130YORUM&#8221;<\/p>\n<p dir=\"ltr\">Ecrin bebe\u011fin \u00f6l\u00fcm haberinden sonra, pop sanat\u00e7\u0131s\u0131 Demet Akal\u0131n, sosyal medya hesab\u0131ndan tepkilerini dile getirdi. Akal\u0131n, bu tarz olaylara art\u0131k idam getirilmesi gerekti\u011fini belirtti.<\/p>\n<p dir=\"ltr\"><img loading=\"lazy\" class=\"alignnone size-full wp-image-39231\" src=\"http:\/\/nasimword.ir\/wp-content\/uploads\/2019\/05\/ecrin-bebegin-olum-haberini-alan-de-d6MP.jpg\" alt=\"\" width=\"640\" height=\"256\" srcset=\"https:\/\/nasimword.ir\/wp-content\/uploads\/2019\/05\/ecrin-bebegin-olum-haberini-alan-de-d6MP.jpg 640w, https:\/\/nasimword.ir\/wp-content\/uploads\/2019\/05\/ecrin-bebegin-olum-haberini-alan-de-d6MP-300x120.jpg 300w\" sizes=\"(max-width: 640px) 100vw, 640px\" \/><\/p>\n<p dir=\"ltr\">\n<p dir=\"ltr\">\n<p dir=\"ltr\">\n<p dir=\"ltr\">\n","protected":false},"excerpt":{"rendered":"<p>M\u00fcge Anl\u0131 ile Tatl\u0131 Sert program\u0131nda g\u00fcnlerdir aranan 1,5 ya\u015f\u0131ndaki Ecrin bebe\u011fin cesedi d\u00fcn ormanl\u0131k alanda bulundu. \u00d6l\u00fcm haberini duyan \u015fark\u0131c\u0131 Demet Akal\u0131n, sosyal medya hesab\u0131ndan tepki g\u00f6sterdi. 1,5 ya\u015f\u0131nda olan Ecrin, Samsun&#8217;un Vezirk\u00f6pr\u00fc il\u00e7esine ba\u011fl\u0131 bir k\u00f6yde kayboldu. Aile, Ecrin Kurnaz&#8217;\u0131n bir an \u00f6nce bulunmas\u0131 i\u00e7in \u00e7e\u015fitli programlara ba\u015fvurarak yard\u0131m istemi\u015fti. CESED\u0130NE ULA\u015eILDI 7 &hellip;<\/p>\n","protected":false},"author":22,"featured_media":39233,"comment_status":"open","ping_status":"open","sticky":false,"template":"","format":"standard","meta":[],"categories":[14058,5955,11183],"tags":[],"yoast_head":"<!-- This site is optimized with the Yoast SEO plugin v18.3 - https:\/\/yoast.com\/wordpress\/plugins\/seo\/ -->\n<title>&quot;\u0130dam istiyorum&quot; - Nasim Word<\/title>\n<meta name=\"robots\" content=\"index, follow, max-snippet:-1, max-image-preview:large, max-video-preview:-1\" \/>\n<link rel=\"canonical\" href=\"https:\/\/nasimword.ir\/?p=39230&#038;lang=tr\" \/>\n<meta property=\"og:locale\" content=\"fa_IR\" \/>\n<meta property=\"og:type\" content=\"article\" \/>\n<meta property=\"og:title\" content=\"&quot;\u0130dam istiyorum&quot; - Nasim Word\" \/>\n<meta property=\"og:description\" content=\"M\u00fcge Anl\u0131 ile Tatl\u0131 Sert program\u0131nda g\u00fcnlerdir aranan 1,5 ya\u015f\u0131ndaki Ecrin bebe\u011fin cesedi d\u00fcn ormanl\u0131k alanda bulundu. \u00d6l\u00fcm haberini duyan \u015fark\u0131c\u0131 Demet Akal\u0131n, sosyal medya hesab\u0131ndan tepki g\u00f6sterdi. 1,5 ya\u015f\u0131nda olan Ecrin, Samsun&#8217;un Vezirk\u00f6pr\u00fc il\u00e7esine ba\u011fl\u0131 bir k\u00f6yde kayboldu. Aile, Ecrin Kurnaz&#8217;\u0131n bir an \u00f6nce bulunmas\u0131 i\u00e7in \u00e7e\u015fitli programlara ba\u015fvurarak yard\u0131m istemi\u015fti. CESED\u0130NE ULA\u015eILDI 7 &hellip;\" \/>\n<meta property=\"og:url\" content=\"https:\/\/nasimword.ir\/?p=39230&amp;lang=tr\" \/>\n<meta property=\"og:site_name\" content=\"Nasim Word\" \/>\n<meta property=\"article:published_time\" content=\"2019-05-28T13:37:59+00:00\" \/>\n<meta property=\"og:image\" content=\"https:\/\/nasimword.ir\/wp-content\/uploads\/2019\/05\/demet-7-F7ED_cover.jpg\" \/>\n\t<meta property=\"og:image:width\" content=\"649\" \/>\n\t<meta property=\"og:image:height\" content=\"365\" \/>\n\t<meta property=\"og:image:type\" content=\"image\/jpeg\" \/>\n<meta name=\"twitter:card\" content=\"summary\" \/>\n<meta name=\"twitter:label1\" content=\"\u0646\u0648\u0634\u062a\u0647\u200c\u0634\u062f\u0647 \u0628\u062f\u0633\u062a\" \/>\n\t<meta name=\"twitter:data1\" content=\"somaye\" \/>\n\t<meta name=\"twitter:label2\" content=\"\u0632\u0645\u0627\u0646 \u062a\u0642\u0631\u06cc\u0628\u06cc \u0628\u0631\u0627\u06cc \u062e\u0648\u0627\u0646\u062f\u0646\" \/>\n\t<meta name=\"twitter:data2\" content=\"1 \u062f\u0642\u06cc\u0642\u0647\" \/>\n<script type=\"application\/ld+json\" class=\"yoast-schema-graph\">{\"@context\":\"https:\/\/schema.org\",\"@graph\":[{\"@type\":\"WebSite\",\"@id\":\"https:\/\/nasimword.ir\/#website\",\"url\":\"https:\/\/nasimword.ir\/\",\"name\":\"Nasim Word\",\"description\":\"\u067e\u0648\u0631\u062a\u0627\u0644 \u062e\u0628\u0631\u06cc \u0648 \u062a\u062d\u0644\u06cc\u0644\u06cc \u0646\u0633\u06cc\u0645\",\"potentialAction\":[{\"@type\":\"SearchAction\",\"target\":{\"@type\":\"EntryPoint\",\"urlTemplate\":\"https:\/\/nasimword.ir\/?s={search_term_string}\"},\"query-input\":\"required name=search_term_string\"}],\"inLanguage\":\"fa-IR\"},{\"@type\":\"ImageObject\",\"@id\":\"https:\/\/nasimword.ir\/?p=39230&lang=tr#primaryimage\",\"inLanguage\":\"fa-IR\",\"url\":\"https:\/\/nasimword.ir\/wp-content\/uploads\/2019\/05\/demet-7-F7ED_cover.jpg\",\"contentUrl\":\"https:\/\/nasimword.ir\/wp-content\/uploads\/2019\/05\/demet-7-F7ED_cover.jpg\",\"width\":649,\"height\":365},{\"@type\":\"WebPage\",\"@id\":\"https:\/\/nasimword.ir\/?p=39230&lang=tr#webpage\",\"url\":\"https:\/\/nasimword.ir\/?p=39230&lang=tr\",\"name\":\"\\\"\u0130dam istiyorum\\\" - Nasim Word\",\"isPartOf\":{\"@id\":\"https:\/\/nasimword.ir\/#website\"},\"primaryImageOfPage\":{\"@id\":\"https:\/\/nasimword.ir\/?p=39230&lang=tr#primaryimage\"},\"datePublished\":\"2019-05-28T13:37:59+00:00\",\"dateModified\":\"2019-05-28T13:37:59+00:00\",\"author\":{\"@id\":\"https:\/\/nasimword.ir\/#\/schema\/person\/4c5a701cb6f5716f361e924d0581801e\"},\"breadcrumb\":{\"@id\":\"https:\/\/nasimword.ir\/?p=39230&lang=tr#breadcrumb\"},\"inLanguage\":\"fa-IR\",\"potentialAction\":[{\"@type\":\"ReadAction\",\"target\":[\"https:\/\/nasimword.ir\/?p=39230&lang=tr\"]}]},{\"@type\":\"BreadcrumbList\",\"@id\":\"https:\/\/nasimword.ir\/?p=39230&lang=tr#breadcrumb\",\"itemListElement\":[{\"@type\":\"ListItem\",\"position\":1,\"name\":\"\u062e\u0627\u0646\u0647\",\"item\":\"https:\/\/nasimword.ir\/\"},{\"@type\":\"ListItem\",\"position\":2,\"name\":\"&#8220;\u0130dam istiyorum&#8221;\"}]},{\"@type\":\"Person\",\"@id\":\"https:\/\/nasimword.ir\/#\/schema\/person\/4c5a701cb6f5716f361e924d0581801e\",\"name\":\"somaye\",\"image\":{\"@type\":\"ImageObject\",\"@id\":\"https:\/\/nasimword.ir\/#personlogo\",\"inLanguage\":\"fa-IR\",\"url\":\"https:\/\/secure.gravatar.com\/avatar\/1969d108d4e14d828407b1c82e2f7dab?s=96&d=mm&r=g\",\"contentUrl\":\"https:\/\/secure.gravatar.com\/avatar\/1969d108d4e14d828407b1c82e2f7dab?s=96&d=mm&r=g\",\"caption\":\"somaye\"},\"url\":\"https:\/\/nasimword.ir\/?author=22\"}]}<\/script>\n<!-- \/ Yoast SEO plugin. -->","yoast_head_json":{"title":"\"\u0130dam istiyorum\" - Nasim Word","robots":{"index":"index","follow":"follow","max-snippet":"max-snippet:-1","max-image-preview":"max-image-preview:large","max-video-preview":"max-video-preview:-1"},"canonical":"https:\/\/nasimword.ir\/?p=39230&lang=tr","og_locale":"fa_IR","og_type":"article","og_title":"\"\u0130dam istiyorum\" - Nasim Word","og_description":"M\u00fcge Anl\u0131 ile Tatl\u0131 Sert program\u0131nda g\u00fcnlerdir aranan 1,5 ya\u015f\u0131ndaki Ecrin bebe\u011fin cesedi d\u00fcn ormanl\u0131k alanda bulundu. \u00d6l\u00fcm haberini duyan \u015fark\u0131c\u0131 Demet Akal\u0131n, sosyal medya hesab\u0131ndan tepki g\u00f6sterdi. 1,5 ya\u015f\u0131nda olan Ecrin, Samsun&#8217;un Vezirk\u00f6pr\u00fc il\u00e7esine ba\u011fl\u0131 bir k\u00f6yde kayboldu. Aile, Ecrin Kurnaz&#8217;\u0131n bir an \u00f6nce bulunmas\u0131 i\u00e7in \u00e7e\u015fitli programlara ba\u015fvurarak yard\u0131m istemi\u015fti. CESED\u0130NE ULA\u015eILDI 7 &hellip;","og_url":"https:\/\/nasimword.ir\/?p=39230&lang=tr","og_site_name":"Nasim Word","article_published_time":"2019-05-28T13:37:59+00:00","og_image":[{"width":649,"height":365,"url":"https:\/\/nasimword.ir\/wp-content\/uploads\/2019\/05\/demet-7-F7ED_cover.jpg","type":"image\/jpeg"}],"twitter_card":"summary","twitter_misc":{"\u0646\u0648\u0634\u062a\u0647\u200c\u0634\u062f\u0647 \u0628\u062f\u0633\u062a":"somaye","\u0632\u0645\u0627\u0646 \u062a\u0642\u0631\u06cc\u0628\u06cc \u0628\u0631\u0627\u06cc \u062e\u0648\u0627\u0646\u062f\u0646":"1 \u062f\u0642\u06cc\u0642\u0647"},"schema":{"@context":"https:\/\/schema.org","@graph":[{"@type":"WebSite","@id":"https:\/\/nasimword.ir\/#website","url":"https:\/\/nasimword.ir\/","name":"Nasim Word","description":"\u067e\u0648\u0631\u062a\u0627\u0644 \u062e\u0628\u0631\u06cc \u0648 \u062a\u062d\u0644\u06cc\u0644\u06cc \u0646\u0633\u06cc\u0645","potentialAction":[{"@type":"SearchAction","target":{"@type":"EntryPoint","urlTemplate":"https:\/\/nasimword.ir\/?s={search_term_string}"},"query-input":"required name=search_term_string"}],"inLanguage":"fa-IR"},{"@type":"ImageObject","@id":"https:\/\/nasimword.ir\/?p=39230&lang=tr#primaryimage","inLanguage":"fa-IR","url":"https:\/\/nasimword.ir\/wp-content\/uploads\/2019\/05\/demet-7-F7ED_cover.jpg","contentUrl":"https:\/\/nasimword.ir\/wp-content\/uploads\/2019\/05\/demet-7-F7ED_cover.jpg","width":649,"height":365},{"@type":"WebPage","@id":"https:\/\/nasimword.ir\/?p=39230&lang=tr#webpage","url":"https:\/\/nasimword.ir\/?p=39230&lang=tr","name":"\"\u0130dam istiyorum\" - Nasim Word","isPartOf":{"@id":"https:\/\/nasimword.ir\/#website"},"primaryImageOfPage":{"@id":"https:\/\/nasimword.ir\/?p=39230&lang=tr#primaryimage"},"datePublished":"2019-05-28T13:37:59+00:00","dateModified":"2019-05-28T13:37:59+00:00","author":{"@id":"https:\/\/nasimword.ir\/#\/schema\/person\/4c5a701cb6f5716f361e924d0581801e"},"breadcrumb":{"@id":"https:\/\/nasimword.ir\/?p=39230&lang=tr#breadcrumb"},"inLanguage":"fa-IR","potentialAction":[{"@type":"ReadAction","target":["https:\/\/nasimword.ir\/?p=39230&lang=tr"]}]},{"@type":"BreadcrumbList","@id":"https:\/\/nasimword.ir\/?p=39230&lang=tr#breadcrumb","itemListElement":[{"@type":"ListItem","position":1,"name":"\u062e\u0627\u0646\u0647","item":"https:\/\/nasimword.ir\/"},{"@type":"ListItem","position":2,"name":"&#8220;\u0130dam istiyorum&#8221;"}]},{"@type":"Person","@id":"https:\/\/nasimword.ir\/#\/schema\/person\/4c5a701cb6f5716f361e924d0581801e","name":"somaye","image":{"@type":"ImageObject","@id":"https:\/\/nasimword.ir\/#personlogo","inLanguage":"fa-IR","url":"https:\/\/secure.gravatar.com\/avatar\/1969d108d4e14d828407b1c82e2f7dab?s=96&d=mm&r=g","contentUrl":"https:\/\/secure.gravatar.com\/avatar\/1969d108d4e14d828407b1c82e2f7dab?s=96&d=mm&r=g","caption":"somaye"},"url":"https:\/\/nasimword.ir\/?author=22"}]}},"_links":{"self":[{"href":"https:\/\/nasimword.ir\/index.php?rest_route=\/wp\/v2\/posts\/39230"}],"collection":[{"href":"https:\/\/nasimword.ir\/index.php?rest_route=\/wp\/v2\/posts"}],"about":[{"href":"https:\/\/nasimword.ir\/index.php?rest_route=\/wp\/v2\/types\/post"}],"author":[{"embeddable":true,"href":"https:\/\/nasimword.ir\/index.php?rest_route=\/wp\/v2\/users\/22"}],"replies":[{"embeddable":true,"href":"https:\/\/nasimword.ir\/index.php?rest_route=%2Fwp%2Fv2%2Fcomments&post=39230"}],"version-history":[{"count":0,"href":"https:\/\/nasimword.ir\/index.php?rest_route=\/wp\/v2\/posts\/39230\/revisions"}],"wp:featuredmedia":[{"embeddable":true,"href":"https:\/\/nasimword.ir\/index.php?rest_route=\/wp\/v2\/media\/39233"}],"wp:attachment":[{"href":"https:\/\/nasimword.ir\/index.php?rest_route=%2Fwp%2Fv2%2Fmedia&parent=39230"}],"wp:term":[{"taxonomy":"category","embeddable":true,"href":"https:\/\/nasimword.ir\/index.php?rest_route=%2Fwp%2Fv2%2Fcategories&post=39230"},{"taxonomy":"post_tag","embeddable":true,"href":"https:\/\/nasimword.ir\/index.php?rest_route=%2Fwp%2Fv2%2Ftags&post=39230"}],"curies":[{"name":"wp","href":"https:\/\/api.w.org\/{rel}","templated":true}]}}