{"id":39440,"date":"2019-05-31T18:07:07","date_gmt":"2019-05-31T13:37:07","guid":{"rendered":"http:\/\/nasimword.ir\/?p=39440"},"modified":"2019-05-31T18:07:07","modified_gmt":"2019-05-31T13:37:07","slug":"cok-konusulan-davada-karar-cikti","status":"publish","type":"post","link":"https:\/\/nasimword.ir\/?p=39440&lang=tr","title":{"rendered":"\u00c7ok konu\u015fulan davada karar \u00e7\u0131kt\u0131"},"content":{"rendered":"<p dir=\"ltr\"><strong>OYUNCU Canan Alkan&#8217;\u0131n, arkada\u015f\u0131 ve sigortac\u0131s\u0131 Ay\u015fe Ceylan&#8217;\u0131n evinde iken \u00e7antas\u0131nda bulunan 182 bin 76 dolar\u0131n\u0131n kaybolmas\u0131na ili\u015fkin s\u00fcren davada karar \u00e7\u0131kt\u0131. Mahkeme, &#8216;Nitelikli h\u0131rs\u0131zl\u0131k&#8217; su\u00e7undan Ay\u015fe Ceylan ve Ali Erdem&#8217;e 10 y\u0131l, Bar\u0131\u015f Elma&#8217;ya da 8 y\u0131l 4 ay hapis cezas\u0131 verdi.<\/strong><\/p>\n<p dir=\"ltr\"><img loading=\"lazy\" class=\"alignnone size-full wp-image-39441\" src=\"http:\/\/nasimword.ir\/wp-content\/uploads\/2019\/05\/AACbNmK.jpg\" alt=\"\" width=\"799\" height=\"449\" srcset=\"https:\/\/nasimword.ir\/wp-content\/uploads\/2019\/05\/AACbNmK.jpg 799w, https:\/\/nasimword.ir\/wp-content\/uploads\/2019\/05\/AACbNmK-300x169.jpg 300w, https:\/\/nasimword.ir\/wp-content\/uploads\/2019\/05\/AACbNmK-768x432.jpg 768w, https:\/\/nasimword.ir\/wp-content\/uploads\/2019\/05\/AACbNmK-390x220.jpg 390w\" sizes=\"(max-width: 799px) 100vw, 799px\" \/><\/p>\n<p dir=\"ltr\">\u0130stanbul 9. A\u011f\u0131r Ceza Mahkemesi&#8217;nde g\u00f6r\u00fclen davan\u0131n karar duru\u015fmas\u0131na, tutuklu san\u0131klar Ay\u015fe Ceylan, Bar\u0131\u015f Elma ve Ali Erdem ile avukatlar\u0131 kat\u0131ld\u0131. M\u00fc\u015fteki Canan Alkan ve avukat\u0131 da duru\u015fmada haz\u0131r bulundu. Bir y\u0131ld\u0131r tutuklu oldu\u011funu, \u00e7ocuklar\u0131n\u0131n yak\u0131n zamanda babas\u0131z kald\u0131\u011f\u0131n\u0131 s\u00f6yleyen Ay\u015fe Ceylan, &#8216;Benim de tutuklu olmam onlar\u0131n ma\u011fduriyetine neden olmaktad\u0131r. Beraatimi ve tahliyemi istiyorum&#8217; dedi.<\/p>\n<p dir=\"ltr\">Tutuklu san\u0131klar Bar\u0131\u015f Elma ve Ali Erdem de tahliyelerine ve beraatlerine karar verilmesini istediler.<\/p>\n<p dir=\"ltr\"><strong>N\u0130TEL\u0130KL\u0130 HIRSIZLIKTAN 10 YIL CEZA ALDI<\/strong><\/p>\n<p dir=\"ltr\">Karar\u0131n\u0131 a\u00e7\u0131klayan mahkeme, Ay\u015fe Ceylan ve Ali Erdem&#8217;i, &#8216;Nitelikli h\u0131rs\u0131zl\u0131k&#8217; su\u00e7undan 10 y\u0131l hapis cezas\u0131 ile cezaland\u0131rd\u0131. Mahkeme, bu iki san\u0131k hakk\u0131nda herhangi bir indirime gitmedi. Ay\u015fe Ceylan&#8217;\u0131n \u015fof\u00f6r\u00fc Bar\u0131\u015f Elma, &#8216;Nitelikli h\u0131rs\u0131zl\u0131k&#8217; su\u00e7undan 10 y\u0131l hapis cezas\u0131 veren mahkeme, &#8216;\u0130yi hal&#8217; indirimi ile bu cezay\u0131 8 y\u0131l 4 aya d\u00fc\u015f\u00fcrd\u00fc.<\/p>\n<p dir=\"ltr\"><strong>44 B\u0130N DOLARIN \u0130ADES\u0130NE KARAR VER\u0130LD\u0130<\/strong><\/p>\n<p dir=\"ltr\">Mahkeme, polis taraf\u0131ndan ele ge\u00e7irilen 44 bin dolar\u0131n, karar\u0131n kesinle\u015fmesi ile birlikte Canan Alkan&#8217;a iadesine karar verdi. Tutuksuz yarg\u0131lanan Burcu Sarak&#8217;\u0131n ise beraatine karar verildi.<\/p>\n<p dir=\"ltr\"><strong>\u0130DD\u0130ANAMEDEN<\/strong><\/p>\n<p dir=\"ltr\">\u0130stanbul Anadolu Cumhuriyet Ba\u015fsavc\u0131l\u0131\u011f\u0131 taraf\u0131ndan haz\u0131rlanan iddianamede, Canan Alkan&#8217;\u0131n 26 Haziran 2018 tarihinde arkada\u015f\u0131 olan sigortac\u0131 Ay\u015fe Ceylan&#8217;\u0131n \u00f6nerisi ile bankadan 182 bin 76 dolar ile Ay\u015fe Ceylan&#8217;\u0131n b\u00fcrosuna gitti\u011fi anlat\u0131l\u0131yor. Canan Alkan&#8217;\u0131n b\u00fcroda kahve i\u00e7tikten sonra halsizle\u015fti\u011fi, bankalar kapand\u0131\u011f\u0131 i\u00e7in de paras\u0131n\u0131 bankaya yat\u0131ramad\u0131\u011f\u0131, \u015f\u00fcpheli Ay\u015fe Ceylan&#8217;\u0131n teklifi ile onun evine gitti\u011fi belirtilen iddianamede, gece 01.00 s\u0131ralar\u0131nda yatmaya karar verdikleri, i\u00e7inde para bulunan \u00e7antay\u0131 uyudu\u011fu odadaki dolaba koydu\u011fu ve Ay\u015fe Ceylan ile ayn\u0131 odada uyuduklar\u0131 anlat\u0131ld\u0131.<\/p>\n<p dir=\"ltr\">Sabahleyin uyanan Canan Alkan&#8217;\u0131n \u00e7antan\u0131n b\u0131rak\u0131ld\u0131\u011f\u0131 dolapta bulamad\u0131\u011f\u0131, kamera kay\u0131tlar\u0131na g\u00f6re h\u0131rs\u0131zl\u0131k yap\u0131ld\u0131\u011f\u0131na ili\u015fkin bulguya rastlanmad\u0131\u011f\u0131 anlat\u0131lan iddianamede, Canan Alkan&#8217;\u0131n i\u00e7ece\u011fine de bay\u0131lt\u0131c\u0131 madde at\u0131ld\u0131\u011f\u0131na ili\u015fkin bulguya rastlanmad\u0131\u011f\u0131 belirtiliyor.<\/p>\n<p dir=\"ltr\">Ay\u015fe Ceylan i\u00e7in, &#8216;Beden bak\u0131m\u0131ndan kendisini savunamayacak durumda bulunan ki\u015fiye kar\u015f\u0131 ya\u011fma&#8217; su\u00e7undan 10 y\u0131ldan 15 y\u0131la, Ay\u015fe Ceylan ile fikir birli\u011fi i\u00e7inde hareket etmekle su\u00e7lanan \u015fof\u00f6r\u00fc Bar\u0131\u015f Elma, asistan\u0131 Burcu Sarak ve Ali Erdem hakk\u0131nda, &#8216;Beden bak\u0131m\u0131ndan kendisini savunamayacak durumda bulunan ki\u015fiye kar\u015f\u0131 ya\u011fmaya yard\u0131m&#8217; su\u00e7undan 5 y\u0131ldan 10 y\u0131la hapis cezas\u0131 isteniyordu.<\/p>\n","protected":false},"excerpt":{"rendered":"<p>OYUNCU Canan Alkan&#8217;\u0131n, arkada\u015f\u0131 ve sigortac\u0131s\u0131 Ay\u015fe Ceylan&#8217;\u0131n evinde iken \u00e7antas\u0131nda bulunan 182 bin 76 dolar\u0131n\u0131n kaybolmas\u0131na ili\u015fkin s\u00fcren davada karar \u00e7\u0131kt\u0131. Mahkeme, &#8216;Nitelikli h\u0131rs\u0131zl\u0131k&#8217; su\u00e7undan Ay\u015fe Ceylan ve Ali Erdem&#8217;e 10 y\u0131l, Bar\u0131\u015f Elma&#8217;ya da 8 y\u0131l 4 ay hapis cezas\u0131 verdi. \u0130stanbul 9. A\u011f\u0131r Ceza Mahkemesi&#8217;nde g\u00f6r\u00fclen davan\u0131n karar duru\u015fmas\u0131na, tutuklu san\u0131klar Ay\u015fe &hellip;<\/p>\n","protected":false},"author":22,"featured_media":39441,"comment_status":"open","ping_status":"open","sticky":false,"template":"","format":"standard","meta":[],"categories":[14058,5955,11183],"tags":[],"yoast_head":"<!-- This site is optimized with the Yoast SEO plugin v18.3 - https:\/\/yoast.com\/wordpress\/plugins\/seo\/ -->\n<title>\u00c7ok konu\u015fulan davada karar \u00e7\u0131kt\u0131 - Nasim Word<\/title>\n<meta name=\"robots\" content=\"index, follow, max-snippet:-1, max-image-preview:large, max-video-preview:-1\" \/>\n<link rel=\"canonical\" href=\"https:\/\/nasimword.ir\/?p=39440&#038;lang=tr\" \/>\n<meta property=\"og:locale\" content=\"fa_IR\" \/>\n<meta property=\"og:type\" content=\"article\" \/>\n<meta property=\"og:title\" content=\"\u00c7ok konu\u015fulan davada karar \u00e7\u0131kt\u0131 - Nasim Word\" \/>\n<meta property=\"og:description\" content=\"OYUNCU Canan Alkan&#8217;\u0131n, arkada\u015f\u0131 ve sigortac\u0131s\u0131 Ay\u015fe Ceylan&#8217;\u0131n evinde iken \u00e7antas\u0131nda bulunan 182 bin 76 dolar\u0131n\u0131n kaybolmas\u0131na ili\u015fkin s\u00fcren davada karar \u00e7\u0131kt\u0131. Mahkeme, &#8216;Nitelikli h\u0131rs\u0131zl\u0131k&#8217; su\u00e7undan Ay\u015fe Ceylan ve Ali Erdem&#8217;e 10 y\u0131l, Bar\u0131\u015f Elma&#8217;ya da 8 y\u0131l 4 ay hapis cezas\u0131 verdi. \u0130stanbul 9. A\u011f\u0131r Ceza Mahkemesi&#8217;nde g\u00f6r\u00fclen davan\u0131n karar duru\u015fmas\u0131na, tutuklu san\u0131klar Ay\u015fe &hellip;\" \/>\n<meta property=\"og:url\" content=\"https:\/\/nasimword.ir\/?p=39440&amp;lang=tr\" \/>\n<meta property=\"og:site_name\" content=\"Nasim Word\" \/>\n<meta property=\"article:published_time\" content=\"2019-05-31T13:37:07+00:00\" \/>\n<meta property=\"og:image\" content=\"https:\/\/nasimword.ir\/wp-content\/uploads\/2019\/05\/AACbNmK.jpg\" \/>\n\t<meta property=\"og:image:width\" content=\"799\" \/>\n\t<meta property=\"og:image:height\" content=\"449\" \/>\n\t<meta property=\"og:image:type\" content=\"image\/jpeg\" \/>\n<meta name=\"twitter:card\" content=\"summary\" \/>\n<meta name=\"twitter:label1\" content=\"\u0646\u0648\u0634\u062a\u0647\u200c\u0634\u062f\u0647 \u0628\u062f\u0633\u062a\" \/>\n\t<meta name=\"twitter:data1\" content=\"somaye\" \/>\n\t<meta name=\"twitter:label2\" content=\"\u0632\u0645\u0627\u0646 \u062a\u0642\u0631\u06cc\u0628\u06cc \u0628\u0631\u0627\u06cc \u062e\u0648\u0627\u0646\u062f\u0646\" \/>\n\t<meta name=\"twitter:data2\" content=\"2 \u062f\u0642\u06cc\u0642\u0647\" \/>\n<script type=\"application\/ld+json\" class=\"yoast-schema-graph\">{\"@context\":\"https:\/\/schema.org\",\"@graph\":[{\"@type\":\"WebSite\",\"@id\":\"https:\/\/nasimword.ir\/#website\",\"url\":\"https:\/\/nasimword.ir\/\",\"name\":\"Nasim Word\",\"description\":\"\u067e\u0648\u0631\u062a\u0627\u0644 \u062e\u0628\u0631\u06cc \u0648 \u062a\u062d\u0644\u06cc\u0644\u06cc \u0646\u0633\u06cc\u0645\",\"potentialAction\":[{\"@type\":\"SearchAction\",\"target\":{\"@type\":\"EntryPoint\",\"urlTemplate\":\"https:\/\/nasimword.ir\/?s={search_term_string}\"},\"query-input\":\"required name=search_term_string\"}],\"inLanguage\":\"fa-IR\"},{\"@type\":\"ImageObject\",\"@id\":\"https:\/\/nasimword.ir\/?p=39440&lang=tr#primaryimage\",\"inLanguage\":\"fa-IR\",\"url\":\"https:\/\/nasimword.ir\/wp-content\/uploads\/2019\/05\/AACbNmK.jpg\",\"contentUrl\":\"https:\/\/nasimword.ir\/wp-content\/uploads\/2019\/05\/AACbNmK.jpg\",\"width\":799,\"height\":449},{\"@type\":\"WebPage\",\"@id\":\"https:\/\/nasimword.ir\/?p=39440&lang=tr#webpage\",\"url\":\"https:\/\/nasimword.ir\/?p=39440&lang=tr\",\"name\":\"\u00c7ok konu\u015fulan davada karar \u00e7\u0131kt\u0131 - Nasim Word\",\"isPartOf\":{\"@id\":\"https:\/\/nasimword.ir\/#website\"},\"primaryImageOfPage\":{\"@id\":\"https:\/\/nasimword.ir\/?p=39440&lang=tr#primaryimage\"},\"datePublished\":\"2019-05-31T13:37:07+00:00\",\"dateModified\":\"2019-05-31T13:37:07+00:00\",\"author\":{\"@id\":\"https:\/\/nasimword.ir\/#\/schema\/person\/4c5a701cb6f5716f361e924d0581801e\"},\"breadcrumb\":{\"@id\":\"https:\/\/nasimword.ir\/?p=39440&lang=tr#breadcrumb\"},\"inLanguage\":\"fa-IR\",\"potentialAction\":[{\"@type\":\"ReadAction\",\"target\":[\"https:\/\/nasimword.ir\/?p=39440&lang=tr\"]}]},{\"@type\":\"BreadcrumbList\",\"@id\":\"https:\/\/nasimword.ir\/?p=39440&lang=tr#breadcrumb\",\"itemListElement\":[{\"@type\":\"ListItem\",\"position\":1,\"name\":\"\u062e\u0627\u0646\u0647\",\"item\":\"https:\/\/nasimword.ir\/\"},{\"@type\":\"ListItem\",\"position\":2,\"name\":\"\u00c7ok konu\u015fulan davada karar \u00e7\u0131kt\u0131\"}]},{\"@type\":\"Person\",\"@id\":\"https:\/\/nasimword.ir\/#\/schema\/person\/4c5a701cb6f5716f361e924d0581801e\",\"name\":\"somaye\",\"image\":{\"@type\":\"ImageObject\",\"@id\":\"https:\/\/nasimword.ir\/#personlogo\",\"inLanguage\":\"fa-IR\",\"url\":\"https:\/\/secure.gravatar.com\/avatar\/1969d108d4e14d828407b1c82e2f7dab?s=96&d=mm&r=g\",\"contentUrl\":\"https:\/\/secure.gravatar.com\/avatar\/1969d108d4e14d828407b1c82e2f7dab?s=96&d=mm&r=g\",\"caption\":\"somaye\"},\"url\":\"https:\/\/nasimword.ir\/?author=22\"}]}<\/script>\n<!-- \/ Yoast SEO plugin. -->","yoast_head_json":{"title":"\u00c7ok konu\u015fulan davada karar \u00e7\u0131kt\u0131 - Nasim Word","robots":{"index":"index","follow":"follow","max-snippet":"max-snippet:-1","max-image-preview":"max-image-preview:large","max-video-preview":"max-video-preview:-1"},"canonical":"https:\/\/nasimword.ir\/?p=39440&lang=tr","og_locale":"fa_IR","og_type":"article","og_title":"\u00c7ok konu\u015fulan davada karar \u00e7\u0131kt\u0131 - Nasim Word","og_description":"OYUNCU Canan Alkan&#8217;\u0131n, arkada\u015f\u0131 ve sigortac\u0131s\u0131 Ay\u015fe Ceylan&#8217;\u0131n evinde iken \u00e7antas\u0131nda bulunan 182 bin 76 dolar\u0131n\u0131n kaybolmas\u0131na ili\u015fkin s\u00fcren davada karar \u00e7\u0131kt\u0131. Mahkeme, &#8216;Nitelikli h\u0131rs\u0131zl\u0131k&#8217; su\u00e7undan Ay\u015fe Ceylan ve Ali Erdem&#8217;e 10 y\u0131l, Bar\u0131\u015f Elma&#8217;ya da 8 y\u0131l 4 ay hapis cezas\u0131 verdi. \u0130stanbul 9. A\u011f\u0131r Ceza Mahkemesi&#8217;nde g\u00f6r\u00fclen davan\u0131n karar duru\u015fmas\u0131na, tutuklu san\u0131klar Ay\u015fe &hellip;","og_url":"https:\/\/nasimword.ir\/?p=39440&lang=tr","og_site_name":"Nasim Word","article_published_time":"2019-05-31T13:37:07+00:00","og_image":[{"width":799,"height":449,"url":"https:\/\/nasimword.ir\/wp-content\/uploads\/2019\/05\/AACbNmK.jpg","type":"image\/jpeg"}],"twitter_card":"summary","twitter_misc":{"\u0646\u0648\u0634\u062a\u0647\u200c\u0634\u062f\u0647 \u0628\u062f\u0633\u062a":"somaye","\u0632\u0645\u0627\u0646 \u062a\u0642\u0631\u06cc\u0628\u06cc \u0628\u0631\u0627\u06cc \u062e\u0648\u0627\u0646\u062f\u0646":"2 \u062f\u0642\u06cc\u0642\u0647"},"schema":{"@context":"https:\/\/schema.org","@graph":[{"@type":"WebSite","@id":"https:\/\/nasimword.ir\/#website","url":"https:\/\/nasimword.ir\/","name":"Nasim Word","description":"\u067e\u0648\u0631\u062a\u0627\u0644 \u062e\u0628\u0631\u06cc \u0648 \u062a\u062d\u0644\u06cc\u0644\u06cc \u0646\u0633\u06cc\u0645","potentialAction":[{"@type":"SearchAction","target":{"@type":"EntryPoint","urlTemplate":"https:\/\/nasimword.ir\/?s={search_term_string}"},"query-input":"required name=search_term_string"}],"inLanguage":"fa-IR"},{"@type":"ImageObject","@id":"https:\/\/nasimword.ir\/?p=39440&lang=tr#primaryimage","inLanguage":"fa-IR","url":"https:\/\/nasimword.ir\/wp-content\/uploads\/2019\/05\/AACbNmK.jpg","contentUrl":"https:\/\/nasimword.ir\/wp-content\/uploads\/2019\/05\/AACbNmK.jpg","width":799,"height":449},{"@type":"WebPage","@id":"https:\/\/nasimword.ir\/?p=39440&lang=tr#webpage","url":"https:\/\/nasimword.ir\/?p=39440&lang=tr","name":"\u00c7ok konu\u015fulan davada karar \u00e7\u0131kt\u0131 - Nasim Word","isPartOf":{"@id":"https:\/\/nasimword.ir\/#website"},"primaryImageOfPage":{"@id":"https:\/\/nasimword.ir\/?p=39440&lang=tr#primaryimage"},"datePublished":"2019-05-31T13:37:07+00:00","dateModified":"2019-05-31T13:37:07+00:00","author":{"@id":"https:\/\/nasimword.ir\/#\/schema\/person\/4c5a701cb6f5716f361e924d0581801e"},"breadcrumb":{"@id":"https:\/\/nasimword.ir\/?p=39440&lang=tr#breadcrumb"},"inLanguage":"fa-IR","potentialAction":[{"@type":"ReadAction","target":["https:\/\/nasimword.ir\/?p=39440&lang=tr"]}]},{"@type":"BreadcrumbList","@id":"https:\/\/nasimword.ir\/?p=39440&lang=tr#breadcrumb","itemListElement":[{"@type":"ListItem","position":1,"name":"\u062e\u0627\u0646\u0647","item":"https:\/\/nasimword.ir\/"},{"@type":"ListItem","position":2,"name":"\u00c7ok konu\u015fulan davada karar \u00e7\u0131kt\u0131"}]},{"@type":"Person","@id":"https:\/\/nasimword.ir\/#\/schema\/person\/4c5a701cb6f5716f361e924d0581801e","name":"somaye","image":{"@type":"ImageObject","@id":"https:\/\/nasimword.ir\/#personlogo","inLanguage":"fa-IR","url":"https:\/\/secure.gravatar.com\/avatar\/1969d108d4e14d828407b1c82e2f7dab?s=96&d=mm&r=g","contentUrl":"https:\/\/secure.gravatar.com\/avatar\/1969d108d4e14d828407b1c82e2f7dab?s=96&d=mm&r=g","caption":"somaye"},"url":"https:\/\/nasimword.ir\/?author=22"}]}},"_links":{"self":[{"href":"https:\/\/nasimword.ir\/index.php?rest_route=\/wp\/v2\/posts\/39440"}],"collection":[{"href":"https:\/\/nasimword.ir\/index.php?rest_route=\/wp\/v2\/posts"}],"about":[{"href":"https:\/\/nasimword.ir\/index.php?rest_route=\/wp\/v2\/types\/post"}],"author":[{"embeddable":true,"href":"https:\/\/nasimword.ir\/index.php?rest_route=\/wp\/v2\/users\/22"}],"replies":[{"embeddable":true,"href":"https:\/\/nasimword.ir\/index.php?rest_route=%2Fwp%2Fv2%2Fcomments&post=39440"}],"version-history":[{"count":0,"href":"https:\/\/nasimword.ir\/index.php?rest_route=\/wp\/v2\/posts\/39440\/revisions"}],"wp:featuredmedia":[{"embeddable":true,"href":"https:\/\/nasimword.ir\/index.php?rest_route=\/wp\/v2\/media\/39441"}],"wp:attachment":[{"href":"https:\/\/nasimword.ir\/index.php?rest_route=%2Fwp%2Fv2%2Fmedia&parent=39440"}],"wp:term":[{"taxonomy":"category","embeddable":true,"href":"https:\/\/nasimword.ir\/index.php?rest_route=%2Fwp%2Fv2%2Fcategories&post=39440"},{"taxonomy":"post_tag","embeddable":true,"href":"https:\/\/nasimword.ir\/index.php?rest_route=%2Fwp%2Fv2%2Ftags&post=39440"}],"curies":[{"name":"wp","href":"https:\/\/api.w.org\/{rel}","templated":true}]}}