{"id":40223,"date":"2019-06-11T21:36:08","date_gmt":"2019-06-11T17:06:08","guid":{"rendered":"http:\/\/nasimword.ir\/?p=40223"},"modified":"2019-06-11T21:36:08","modified_gmt":"2019-06-11T17:06:08","slug":"demet-ozdemirden-radikal-degisim","status":"publish","type":"post","link":"https:\/\/nasimword.ir\/?p=40223&lang=tr","title":{"rendered":"Demet \u00d6zdemir&#8217;den radikal de\u011fi\u015fim!"},"content":{"rendered":"<p dir=\"ltr\">Y\u0131llard\u0131r kulland\u0131\u011f\u0131 siyah sa\u00e7lar\u0131yla b\u00fcy\u00fck be\u011feni toplayan oyuncu Demet \u00d6zdemir, imaj tazeledi. Sa\u00e7 rengini a\u00e7t\u0131ran g\u00fczel oyuncu, payla\u015ft\u0131\u011f\u0131 foto\u011frafla takip\u00e7ilerini ikiye b\u00f6ld\u00fc.<\/p>\n<p dir=\"ltr\"><img loading=\"lazy\" class=\"alignnone size-full wp-image-40225\" src=\"http:\/\/nasimword.ir\/wp-content\/uploads\/2019\/06\/hd-demet-ozd-133751xc-Ssrg_cover.jpg\" alt=\"\" width=\"649\" height=\"365\" srcset=\"https:\/\/nasimword.ir\/wp-content\/uploads\/2019\/06\/hd-demet-ozd-133751xc-Ssrg_cover.jpg 649w, https:\/\/nasimword.ir\/wp-content\/uploads\/2019\/06\/hd-demet-ozd-133751xc-Ssrg_cover-300x169.jpg 300w, https:\/\/nasimword.ir\/wp-content\/uploads\/2019\/06\/hd-demet-ozd-133751xc-Ssrg_cover-390x220.jpg 390w\" sizes=\"(max-width: 649px) 100vw, 649px\" \/><\/p>\n<p dir=\"ltr\">&#8216;Erkenci Ku\u015f&#8217;un Sanem&#8217;i Demet \u00d6zdemir son d\u00f6nemin en \u00e7ok takip edilen isimlerinden biri olmay\u0131 ba\u015fard\u0131. Instagram&#8217;da 7.4 milyon takip\u00e7isi bulunan oyuncunun her ad\u0131m\u0131 olay oluyor, her yapt\u0131\u011f\u0131 g\u00fcnlerce konu\u015fuluyor.<\/p>\n<p dir=\"ltr\">\u00d6zdemir son olarak kendinde bir de\u011fi\u015fikli\u011fe gitti ve sa\u00e7lar\u0131yla oynad\u0131. Son halini de Instagram&#8217;dan takip\u00e7ilerinin be\u011fenisine sundu.<\/p>\n<p dir=\"ltr\"><img loading=\"lazy\" class=\"alignnone size-full wp-image-40224\" src=\"http:\/\/nasimword.ir\/wp-content\/uploads\/2019\/06\/resim-230817jl-Ylll.jpg\" alt=\"\" width=\"640\" height=\"296\" srcset=\"https:\/\/nasimword.ir\/wp-content\/uploads\/2019\/06\/resim-230817jl-Ylll.jpg 640w, https:\/\/nasimword.ir\/wp-content\/uploads\/2019\/06\/resim-230817jl-Ylll-300x139.jpg 300w\" sizes=\"(max-width: 640px) 100vw, 640px\" \/><\/p>\n<p dir=\"ltr\">TAK\u0130P\u00c7\u0130LER\u0130N\u0130 \u0130K\u0130YE B\u00d6LD\u00dc<\/p>\n<p dir=\"ltr\">Fakat g\u00fczel ismin bu payla\u015f\u0131m\u0131 takip\u00e7ilerini ikiye b\u00f6ld\u00fc. Bir kesim olduk\u00e7a be\u011fenirken di\u011fer kesim bu sa\u00e7lar\u0131n Demet \u00d6zdemir&#8217;e hi\u00e7 yak\u0131\u015fmad\u0131\u011f\u0131n\u0131 s\u00f6yledi. Demet \u00d6zdemir&#8217;in bu pozu 1 saat i\u00e7in 240 bine yak\u0131n kullan\u0131c\u0131 taraf\u0131ndan be\u011fenilirken, foto\u011fraf\u0131n alt\u0131 da yorumlarla doldu.<\/p>\n<p dir=\"ltr\">\n","protected":false},"excerpt":{"rendered":"<p>Y\u0131llard\u0131r kulland\u0131\u011f\u0131 siyah sa\u00e7lar\u0131yla b\u00fcy\u00fck be\u011feni toplayan oyuncu Demet \u00d6zdemir, imaj tazeledi. Sa\u00e7 rengini a\u00e7t\u0131ran g\u00fczel oyuncu, payla\u015ft\u0131\u011f\u0131 foto\u011frafla takip\u00e7ilerini ikiye b\u00f6ld\u00fc. &#8216;Erkenci Ku\u015f&#8217;un Sanem&#8217;i Demet \u00d6zdemir son d\u00f6nemin en \u00e7ok takip edilen isimlerinden biri olmay\u0131 ba\u015fard\u0131. Instagram&#8217;da 7.4 milyon takip\u00e7isi bulunan oyuncunun her ad\u0131m\u0131 olay oluyor, her yapt\u0131\u011f\u0131 g\u00fcnlerce konu\u015fuluyor. \u00d6zdemir son olarak kendinde &hellip;<\/p>\n","protected":false},"author":22,"featured_media":40225,"comment_status":"open","ping_status":"open","sticky":false,"template":"","format":"standard","meta":[],"categories":[14058,5955,11183],"tags":[],"yoast_head":"<!-- This site is optimized with the Yoast SEO plugin v18.3 - https:\/\/yoast.com\/wordpress\/plugins\/seo\/ -->\n<title>Demet \u00d6zdemir&#039;den radikal de\u011fi\u015fim! - Nasim Word<\/title>\n<meta name=\"robots\" content=\"index, follow, max-snippet:-1, max-image-preview:large, max-video-preview:-1\" \/>\n<link rel=\"canonical\" href=\"https:\/\/nasimword.ir\/?p=40223&#038;lang=tr\" \/>\n<meta property=\"og:locale\" content=\"fa_IR\" \/>\n<meta property=\"og:type\" content=\"article\" \/>\n<meta property=\"og:title\" content=\"Demet \u00d6zdemir&#039;den radikal de\u011fi\u015fim! - Nasim Word\" \/>\n<meta property=\"og:description\" content=\"Y\u0131llard\u0131r kulland\u0131\u011f\u0131 siyah sa\u00e7lar\u0131yla b\u00fcy\u00fck be\u011feni toplayan oyuncu Demet \u00d6zdemir, imaj tazeledi. Sa\u00e7 rengini a\u00e7t\u0131ran g\u00fczel oyuncu, payla\u015ft\u0131\u011f\u0131 foto\u011frafla takip\u00e7ilerini ikiye b\u00f6ld\u00fc. &#8216;Erkenci Ku\u015f&#8217;un Sanem&#8217;i Demet \u00d6zdemir son d\u00f6nemin en \u00e7ok takip edilen isimlerinden biri olmay\u0131 ba\u015fard\u0131. Instagram&#8217;da 7.4 milyon takip\u00e7isi bulunan oyuncunun her ad\u0131m\u0131 olay oluyor, her yapt\u0131\u011f\u0131 g\u00fcnlerce konu\u015fuluyor. \u00d6zdemir son olarak kendinde &hellip;\" \/>\n<meta property=\"og:url\" content=\"https:\/\/nasimword.ir\/?p=40223&amp;lang=tr\" \/>\n<meta property=\"og:site_name\" content=\"Nasim Word\" \/>\n<meta property=\"article:published_time\" content=\"2019-06-11T17:06:08+00:00\" \/>\n<meta property=\"og:image\" content=\"https:\/\/nasimword.ir\/wp-content\/uploads\/2019\/06\/hd-demet-ozd-133751xc-Ssrg_cover.jpg\" \/>\n\t<meta property=\"og:image:width\" content=\"649\" \/>\n\t<meta property=\"og:image:height\" content=\"365\" \/>\n\t<meta property=\"og:image:type\" content=\"image\/jpeg\" \/>\n<meta name=\"twitter:card\" content=\"summary\" \/>\n<meta name=\"twitter:label1\" content=\"\u0646\u0648\u0634\u062a\u0647\u200c\u0634\u062f\u0647 \u0628\u062f\u0633\u062a\" \/>\n\t<meta name=\"twitter:data1\" content=\"somaye\" \/>\n\t<meta name=\"twitter:label2\" content=\"\u0632\u0645\u0627\u0646 \u062a\u0642\u0631\u06cc\u0628\u06cc \u0628\u0631\u0627\u06cc \u062e\u0648\u0627\u0646\u062f\u0646\" \/>\n\t<meta name=\"twitter:data2\" content=\"1 \u062f\u0642\u06cc\u0642\u0647\" \/>\n<script type=\"application\/ld+json\" class=\"yoast-schema-graph\">{\"@context\":\"https:\/\/schema.org\",\"@graph\":[{\"@type\":\"WebSite\",\"@id\":\"https:\/\/nasimword.ir\/#website\",\"url\":\"https:\/\/nasimword.ir\/\",\"name\":\"Nasim Word\",\"description\":\"\u067e\u0648\u0631\u062a\u0627\u0644 \u062e\u0628\u0631\u06cc \u0648 \u062a\u062d\u0644\u06cc\u0644\u06cc \u0646\u0633\u06cc\u0645\",\"potentialAction\":[{\"@type\":\"SearchAction\",\"target\":{\"@type\":\"EntryPoint\",\"urlTemplate\":\"https:\/\/nasimword.ir\/?s={search_term_string}\"},\"query-input\":\"required name=search_term_string\"}],\"inLanguage\":\"fa-IR\"},{\"@type\":\"ImageObject\",\"@id\":\"https:\/\/nasimword.ir\/?p=40223&lang=tr#primaryimage\",\"inLanguage\":\"fa-IR\",\"url\":\"https:\/\/nasimword.ir\/wp-content\/uploads\/2019\/06\/hd-demet-ozd-133751xc-Ssrg_cover.jpg\",\"contentUrl\":\"https:\/\/nasimword.ir\/wp-content\/uploads\/2019\/06\/hd-demet-ozd-133751xc-Ssrg_cover.jpg\",\"width\":649,\"height\":365},{\"@type\":\"WebPage\",\"@id\":\"https:\/\/nasimword.ir\/?p=40223&lang=tr#webpage\",\"url\":\"https:\/\/nasimword.ir\/?p=40223&lang=tr\",\"name\":\"Demet \u00d6zdemir'den radikal de\u011fi\u015fim! - Nasim Word\",\"isPartOf\":{\"@id\":\"https:\/\/nasimword.ir\/#website\"},\"primaryImageOfPage\":{\"@id\":\"https:\/\/nasimword.ir\/?p=40223&lang=tr#primaryimage\"},\"datePublished\":\"2019-06-11T17:06:08+00:00\",\"dateModified\":\"2019-06-11T17:06:08+00:00\",\"author\":{\"@id\":\"https:\/\/nasimword.ir\/#\/schema\/person\/4c5a701cb6f5716f361e924d0581801e\"},\"breadcrumb\":{\"@id\":\"https:\/\/nasimword.ir\/?p=40223&lang=tr#breadcrumb\"},\"inLanguage\":\"fa-IR\",\"potentialAction\":[{\"@type\":\"ReadAction\",\"target\":[\"https:\/\/nasimword.ir\/?p=40223&lang=tr\"]}]},{\"@type\":\"BreadcrumbList\",\"@id\":\"https:\/\/nasimword.ir\/?p=40223&lang=tr#breadcrumb\",\"itemListElement\":[{\"@type\":\"ListItem\",\"position\":1,\"name\":\"\u062e\u0627\u0646\u0647\",\"item\":\"https:\/\/nasimword.ir\/\"},{\"@type\":\"ListItem\",\"position\":2,\"name\":\"Demet \u00d6zdemir&#8217;den radikal de\u011fi\u015fim!\"}]},{\"@type\":\"Person\",\"@id\":\"https:\/\/nasimword.ir\/#\/schema\/person\/4c5a701cb6f5716f361e924d0581801e\",\"name\":\"somaye\",\"image\":{\"@type\":\"ImageObject\",\"@id\":\"https:\/\/nasimword.ir\/#personlogo\",\"inLanguage\":\"fa-IR\",\"url\":\"https:\/\/secure.gravatar.com\/avatar\/1969d108d4e14d828407b1c82e2f7dab?s=96&d=mm&r=g\",\"contentUrl\":\"https:\/\/secure.gravatar.com\/avatar\/1969d108d4e14d828407b1c82e2f7dab?s=96&d=mm&r=g\",\"caption\":\"somaye\"},\"url\":\"https:\/\/nasimword.ir\/?author=22\"}]}<\/script>\n<!-- \/ Yoast SEO plugin. -->","yoast_head_json":{"title":"Demet \u00d6zdemir'den radikal de\u011fi\u015fim! - Nasim Word","robots":{"index":"index","follow":"follow","max-snippet":"max-snippet:-1","max-image-preview":"max-image-preview:large","max-video-preview":"max-video-preview:-1"},"canonical":"https:\/\/nasimword.ir\/?p=40223&lang=tr","og_locale":"fa_IR","og_type":"article","og_title":"Demet \u00d6zdemir'den radikal de\u011fi\u015fim! - Nasim Word","og_description":"Y\u0131llard\u0131r kulland\u0131\u011f\u0131 siyah sa\u00e7lar\u0131yla b\u00fcy\u00fck be\u011feni toplayan oyuncu Demet \u00d6zdemir, imaj tazeledi. Sa\u00e7 rengini a\u00e7t\u0131ran g\u00fczel oyuncu, payla\u015ft\u0131\u011f\u0131 foto\u011frafla takip\u00e7ilerini ikiye b\u00f6ld\u00fc. &#8216;Erkenci Ku\u015f&#8217;un Sanem&#8217;i Demet \u00d6zdemir son d\u00f6nemin en \u00e7ok takip edilen isimlerinden biri olmay\u0131 ba\u015fard\u0131. Instagram&#8217;da 7.4 milyon takip\u00e7isi bulunan oyuncunun her ad\u0131m\u0131 olay oluyor, her yapt\u0131\u011f\u0131 g\u00fcnlerce konu\u015fuluyor. \u00d6zdemir son olarak kendinde &hellip;","og_url":"https:\/\/nasimword.ir\/?p=40223&lang=tr","og_site_name":"Nasim Word","article_published_time":"2019-06-11T17:06:08+00:00","og_image":[{"width":649,"height":365,"url":"https:\/\/nasimword.ir\/wp-content\/uploads\/2019\/06\/hd-demet-ozd-133751xc-Ssrg_cover.jpg","type":"image\/jpeg"}],"twitter_card":"summary","twitter_misc":{"\u0646\u0648\u0634\u062a\u0647\u200c\u0634\u062f\u0647 \u0628\u062f\u0633\u062a":"somaye","\u0632\u0645\u0627\u0646 \u062a\u0642\u0631\u06cc\u0628\u06cc \u0628\u0631\u0627\u06cc \u062e\u0648\u0627\u0646\u062f\u0646":"1 \u062f\u0642\u06cc\u0642\u0647"},"schema":{"@context":"https:\/\/schema.org","@graph":[{"@type":"WebSite","@id":"https:\/\/nasimword.ir\/#website","url":"https:\/\/nasimword.ir\/","name":"Nasim Word","description":"\u067e\u0648\u0631\u062a\u0627\u0644 \u062e\u0628\u0631\u06cc \u0648 \u062a\u062d\u0644\u06cc\u0644\u06cc \u0646\u0633\u06cc\u0645","potentialAction":[{"@type":"SearchAction","target":{"@type":"EntryPoint","urlTemplate":"https:\/\/nasimword.ir\/?s={search_term_string}"},"query-input":"required name=search_term_string"}],"inLanguage":"fa-IR"},{"@type":"ImageObject","@id":"https:\/\/nasimword.ir\/?p=40223&lang=tr#primaryimage","inLanguage":"fa-IR","url":"https:\/\/nasimword.ir\/wp-content\/uploads\/2019\/06\/hd-demet-ozd-133751xc-Ssrg_cover.jpg","contentUrl":"https:\/\/nasimword.ir\/wp-content\/uploads\/2019\/06\/hd-demet-ozd-133751xc-Ssrg_cover.jpg","width":649,"height":365},{"@type":"WebPage","@id":"https:\/\/nasimword.ir\/?p=40223&lang=tr#webpage","url":"https:\/\/nasimword.ir\/?p=40223&lang=tr","name":"Demet \u00d6zdemir'den radikal de\u011fi\u015fim! - Nasim Word","isPartOf":{"@id":"https:\/\/nasimword.ir\/#website"},"primaryImageOfPage":{"@id":"https:\/\/nasimword.ir\/?p=40223&lang=tr#primaryimage"},"datePublished":"2019-06-11T17:06:08+00:00","dateModified":"2019-06-11T17:06:08+00:00","author":{"@id":"https:\/\/nasimword.ir\/#\/schema\/person\/4c5a701cb6f5716f361e924d0581801e"},"breadcrumb":{"@id":"https:\/\/nasimword.ir\/?p=40223&lang=tr#breadcrumb"},"inLanguage":"fa-IR","potentialAction":[{"@type":"ReadAction","target":["https:\/\/nasimword.ir\/?p=40223&lang=tr"]}]},{"@type":"BreadcrumbList","@id":"https:\/\/nasimword.ir\/?p=40223&lang=tr#breadcrumb","itemListElement":[{"@type":"ListItem","position":1,"name":"\u062e\u0627\u0646\u0647","item":"https:\/\/nasimword.ir\/"},{"@type":"ListItem","position":2,"name":"Demet \u00d6zdemir&#8217;den radikal de\u011fi\u015fim!"}]},{"@type":"Person","@id":"https:\/\/nasimword.ir\/#\/schema\/person\/4c5a701cb6f5716f361e924d0581801e","name":"somaye","image":{"@type":"ImageObject","@id":"https:\/\/nasimword.ir\/#personlogo","inLanguage":"fa-IR","url":"https:\/\/secure.gravatar.com\/avatar\/1969d108d4e14d828407b1c82e2f7dab?s=96&d=mm&r=g","contentUrl":"https:\/\/secure.gravatar.com\/avatar\/1969d108d4e14d828407b1c82e2f7dab?s=96&d=mm&r=g","caption":"somaye"},"url":"https:\/\/nasimword.ir\/?author=22"}]}},"_links":{"self":[{"href":"https:\/\/nasimword.ir\/index.php?rest_route=\/wp\/v2\/posts\/40223"}],"collection":[{"href":"https:\/\/nasimword.ir\/index.php?rest_route=\/wp\/v2\/posts"}],"about":[{"href":"https:\/\/nasimword.ir\/index.php?rest_route=\/wp\/v2\/types\/post"}],"author":[{"embeddable":true,"href":"https:\/\/nasimword.ir\/index.php?rest_route=\/wp\/v2\/users\/22"}],"replies":[{"embeddable":true,"href":"https:\/\/nasimword.ir\/index.php?rest_route=%2Fwp%2Fv2%2Fcomments&post=40223"}],"version-history":[{"count":0,"href":"https:\/\/nasimword.ir\/index.php?rest_route=\/wp\/v2\/posts\/40223\/revisions"}],"wp:featuredmedia":[{"embeddable":true,"href":"https:\/\/nasimword.ir\/index.php?rest_route=\/wp\/v2\/media\/40225"}],"wp:attachment":[{"href":"https:\/\/nasimword.ir\/index.php?rest_route=%2Fwp%2Fv2%2Fmedia&parent=40223"}],"wp:term":[{"taxonomy":"category","embeddable":true,"href":"https:\/\/nasimword.ir\/index.php?rest_route=%2Fwp%2Fv2%2Fcategories&post=40223"},{"taxonomy":"post_tag","embeddable":true,"href":"https:\/\/nasimword.ir\/index.php?rest_route=%2Fwp%2Fv2%2Ftags&post=40223"}],"curies":[{"name":"wp","href":"https:\/\/api.w.org\/{rel}","templated":true}]}}