{"id":42382,"date":"2019-07-24T17:20:52","date_gmt":"2019-07-24T12:50:52","guid":{"rendered":"http:\/\/nasimword.ir\/?p=42382"},"modified":"2019-07-24T17:20:52","modified_gmt":"2019-07-24T12:50:52","slug":"didem-soydan-ciplak-fotograf-atanlari-yakacak","status":"publish","type":"post","link":"https:\/\/nasimword.ir\/?p=42382&lang=tr","title":{"rendered":"Didem Soydan \u00e7\u0131plak foto\u011fraf atanlar\u0131 yakacak!"},"content":{"rendered":"<p dir=\"ltr\">Manken Didem Soydan sosyal medyada aktif olan \u00fcnl\u00fclerden biri&#8230; Soydan sosyal medyada kendisine \u00e7\u0131plak foto\u011fraf g\u00f6nderilmesinden yak\u0131nd\u0131. Bundan sonra bu tip foto\u011fraflar\u0131 Soydan&#8217;a atanlar yanacak.<\/p>\n<p dir=\"ltr\"><img loading=\"lazy\" class=\"alignnone size-full wp-image-42383\" src=\"http:\/\/nasimword.ir\/wp-content\/uploads\/2019\/07\/manken-didem-soydan-kendisine-cipla-kL6O_cover.jpg\" alt=\"\" width=\"649\" height=\"280\" srcset=\"https:\/\/nasimword.ir\/wp-content\/uploads\/2019\/07\/manken-didem-soydan-kendisine-cipla-kL6O_cover.jpg 649w, https:\/\/nasimword.ir\/wp-content\/uploads\/2019\/07\/manken-didem-soydan-kendisine-cipla-kL6O_cover-300x129.jpg 300w\" sizes=\"(max-width: 649px) 100vw, 649px\" \/><\/p>\n<p dir=\"ltr\">G\u00fczel model Didem Soydan yapt\u0131\u011f\u0131 a\u00e7\u0131klamayla g\u00fcndeme geldi.<\/p>\n<p dir=\"ltr\">Didem Soydan sosyal medyadan kendisine \u00e7\u0131plak foto\u011fraf at\u0131l\u0131p at\u0131lmad\u0131\u011f\u0131 \u015feklindeki soruya yan\u0131t verdi.<\/p>\n<p dir=\"ltr\">Didem Soydan; o foto\u011fraflar\u0131 atanlar\u0131 if\u015fa edece\u011fini s\u00f6yledi.<\/p>\n<p dir=\"ltr\">SAPIKLARA \u00dcLT\u0130MATOM VERD\u0130<\/p>\n<p dir=\"ltr\">Instagram hesab\u0131ndan yapt\u0131\u011f\u0131 payla\u015f\u0131mlarla dikkat \u00e7eken model sosyal medyadan kendisine \u00e7\u0131plak foto\u011fraflar\u0131n at\u0131l\u0131p at\u0131lmad\u0131\u011f\u0131 \u015feklindeki soruya yan\u0131t verdi. Soydan, &#8220;Bana DM&#8217;den gelen mesajlar\u0131, muazzam if\u015faya haz\u0131rlan\u0131yorum, sergi yapaca\u011f\u0131m. Bunlar bu kadar rahat g\u00f6nderiyorlarsa, okeyler demek ki if\u015fa olmaya. De\u011fillerse bile ben if\u015fa olmalar\u0131na okey oldum. K\u00f6t\u00fc k\u00f6t\u00fc bir de iyi olduklar\u0131n\u0131 d\u00fc\u015f\u00fcnd\u00fckleri \u015fey o kadar k\u00f6t\u00fc ki&#8221; diyerek foto\u011fraf atanlara g\u00f6z da\u011f\u0131 verdi.<\/p>\n","protected":false},"excerpt":{"rendered":"<p>Manken Didem Soydan sosyal medyada aktif olan \u00fcnl\u00fclerden biri&#8230; Soydan sosyal medyada kendisine \u00e7\u0131plak foto\u011fraf g\u00f6nderilmesinden yak\u0131nd\u0131. Bundan sonra bu tip foto\u011fraflar\u0131 Soydan&#8217;a atanlar yanacak. G\u00fczel model Didem Soydan yapt\u0131\u011f\u0131 a\u00e7\u0131klamayla g\u00fcndeme geldi. Didem Soydan sosyal medyadan kendisine \u00e7\u0131plak foto\u011fraf at\u0131l\u0131p at\u0131lmad\u0131\u011f\u0131 \u015feklindeki soruya yan\u0131t verdi. Didem Soydan; o foto\u011fraflar\u0131 atanlar\u0131 if\u015fa edece\u011fini s\u00f6yledi. SAPIKLARA &hellip;<\/p>\n","protected":false},"author":22,"featured_media":42383,"comment_status":"open","ping_status":"open","sticky":false,"template":"","format":"standard","meta":[],"categories":[14058,5955,11183],"tags":[],"yoast_head":"<!-- This site is optimized with the Yoast SEO plugin v18.3 - https:\/\/yoast.com\/wordpress\/plugins\/seo\/ -->\n<title>Didem Soydan \u00e7\u0131plak foto\u011fraf atanlar\u0131 yakacak! - Nasim Word<\/title>\n<meta name=\"robots\" content=\"index, follow, max-snippet:-1, max-image-preview:large, max-video-preview:-1\" \/>\n<link rel=\"canonical\" href=\"https:\/\/nasimword.ir\/?p=42382&#038;lang=tr\" \/>\n<meta property=\"og:locale\" content=\"fa_IR\" \/>\n<meta property=\"og:type\" content=\"article\" \/>\n<meta property=\"og:title\" content=\"Didem Soydan \u00e7\u0131plak foto\u011fraf atanlar\u0131 yakacak! - Nasim Word\" \/>\n<meta property=\"og:description\" content=\"Manken Didem Soydan sosyal medyada aktif olan \u00fcnl\u00fclerden biri&#8230; Soydan sosyal medyada kendisine \u00e7\u0131plak foto\u011fraf g\u00f6nderilmesinden yak\u0131nd\u0131. Bundan sonra bu tip foto\u011fraflar\u0131 Soydan&#8217;a atanlar yanacak. G\u00fczel model Didem Soydan yapt\u0131\u011f\u0131 a\u00e7\u0131klamayla g\u00fcndeme geldi. Didem Soydan sosyal medyadan kendisine \u00e7\u0131plak foto\u011fraf at\u0131l\u0131p at\u0131lmad\u0131\u011f\u0131 \u015feklindeki soruya yan\u0131t verdi. Didem Soydan; o foto\u011fraflar\u0131 atanlar\u0131 if\u015fa edece\u011fini s\u00f6yledi. SAPIKLARA &hellip;\" \/>\n<meta property=\"og:url\" content=\"https:\/\/nasimword.ir\/?p=42382&amp;lang=tr\" \/>\n<meta property=\"og:site_name\" content=\"Nasim Word\" \/>\n<meta property=\"article:published_time\" content=\"2019-07-24T12:50:52+00:00\" \/>\n<meta property=\"og:image\" content=\"https:\/\/nasimword.ir\/wp-content\/uploads\/2019\/07\/manken-didem-soydan-kendisine-cipla-kL6O_cover.jpg\" \/>\n\t<meta property=\"og:image:width\" content=\"649\" \/>\n\t<meta property=\"og:image:height\" content=\"280\" \/>\n\t<meta property=\"og:image:type\" content=\"image\/jpeg\" \/>\n<meta name=\"twitter:card\" content=\"summary\" \/>\n<meta name=\"twitter:label1\" content=\"\u0646\u0648\u0634\u062a\u0647\u200c\u0634\u062f\u0647 \u0628\u062f\u0633\u062a\" \/>\n\t<meta name=\"twitter:data1\" content=\"somaye\" \/>\n\t<meta name=\"twitter:label2\" content=\"\u0632\u0645\u0627\u0646 \u062a\u0642\u0631\u06cc\u0628\u06cc \u0628\u0631\u0627\u06cc \u062e\u0648\u0627\u0646\u062f\u0646\" \/>\n\t<meta name=\"twitter:data2\" content=\"1 \u062f\u0642\u06cc\u0642\u0647\" \/>\n<script type=\"application\/ld+json\" class=\"yoast-schema-graph\">{\"@context\":\"https:\/\/schema.org\",\"@graph\":[{\"@type\":\"WebSite\",\"@id\":\"https:\/\/nasimword.ir\/#website\",\"url\":\"https:\/\/nasimword.ir\/\",\"name\":\"Nasim Word\",\"description\":\"\u067e\u0648\u0631\u062a\u0627\u0644 \u062e\u0628\u0631\u06cc \u0648 \u062a\u062d\u0644\u06cc\u0644\u06cc \u0646\u0633\u06cc\u0645\",\"potentialAction\":[{\"@type\":\"SearchAction\",\"target\":{\"@type\":\"EntryPoint\",\"urlTemplate\":\"https:\/\/nasimword.ir\/?s={search_term_string}\"},\"query-input\":\"required name=search_term_string\"}],\"inLanguage\":\"fa-IR\"},{\"@type\":\"ImageObject\",\"@id\":\"https:\/\/nasimword.ir\/?p=42382&lang=tr#primaryimage\",\"inLanguage\":\"fa-IR\",\"url\":\"https:\/\/nasimword.ir\/wp-content\/uploads\/2019\/07\/manken-didem-soydan-kendisine-cipla-kL6O_cover.jpg\",\"contentUrl\":\"https:\/\/nasimword.ir\/wp-content\/uploads\/2019\/07\/manken-didem-soydan-kendisine-cipla-kL6O_cover.jpg\",\"width\":649,\"height\":280},{\"@type\":\"WebPage\",\"@id\":\"https:\/\/nasimword.ir\/?p=42382&lang=tr#webpage\",\"url\":\"https:\/\/nasimword.ir\/?p=42382&lang=tr\",\"name\":\"Didem Soydan \u00e7\u0131plak foto\u011fraf atanlar\u0131 yakacak! - Nasim Word\",\"isPartOf\":{\"@id\":\"https:\/\/nasimword.ir\/#website\"},\"primaryImageOfPage\":{\"@id\":\"https:\/\/nasimword.ir\/?p=42382&lang=tr#primaryimage\"},\"datePublished\":\"2019-07-24T12:50:52+00:00\",\"dateModified\":\"2019-07-24T12:50:52+00:00\",\"author\":{\"@id\":\"https:\/\/nasimword.ir\/#\/schema\/person\/4c5a701cb6f5716f361e924d0581801e\"},\"breadcrumb\":{\"@id\":\"https:\/\/nasimword.ir\/?p=42382&lang=tr#breadcrumb\"},\"inLanguage\":\"fa-IR\",\"potentialAction\":[{\"@type\":\"ReadAction\",\"target\":[\"https:\/\/nasimword.ir\/?p=42382&lang=tr\"]}]},{\"@type\":\"BreadcrumbList\",\"@id\":\"https:\/\/nasimword.ir\/?p=42382&lang=tr#breadcrumb\",\"itemListElement\":[{\"@type\":\"ListItem\",\"position\":1,\"name\":\"\u062e\u0627\u0646\u0647\",\"item\":\"https:\/\/nasimword.ir\/\"},{\"@type\":\"ListItem\",\"position\":2,\"name\":\"Didem Soydan \u00e7\u0131plak foto\u011fraf atanlar\u0131 yakacak!\"}]},{\"@type\":\"Person\",\"@id\":\"https:\/\/nasimword.ir\/#\/schema\/person\/4c5a701cb6f5716f361e924d0581801e\",\"name\":\"somaye\",\"image\":{\"@type\":\"ImageObject\",\"@id\":\"https:\/\/nasimword.ir\/#personlogo\",\"inLanguage\":\"fa-IR\",\"url\":\"https:\/\/secure.gravatar.com\/avatar\/1969d108d4e14d828407b1c82e2f7dab?s=96&d=mm&r=g\",\"contentUrl\":\"https:\/\/secure.gravatar.com\/avatar\/1969d108d4e14d828407b1c82e2f7dab?s=96&d=mm&r=g\",\"caption\":\"somaye\"},\"url\":\"https:\/\/nasimword.ir\/?author=22\"}]}<\/script>\n<!-- \/ Yoast SEO plugin. -->","yoast_head_json":{"title":"Didem Soydan \u00e7\u0131plak foto\u011fraf atanlar\u0131 yakacak! - Nasim Word","robots":{"index":"index","follow":"follow","max-snippet":"max-snippet:-1","max-image-preview":"max-image-preview:large","max-video-preview":"max-video-preview:-1"},"canonical":"https:\/\/nasimword.ir\/?p=42382&lang=tr","og_locale":"fa_IR","og_type":"article","og_title":"Didem Soydan \u00e7\u0131plak foto\u011fraf atanlar\u0131 yakacak! - Nasim Word","og_description":"Manken Didem Soydan sosyal medyada aktif olan \u00fcnl\u00fclerden biri&#8230; Soydan sosyal medyada kendisine \u00e7\u0131plak foto\u011fraf g\u00f6nderilmesinden yak\u0131nd\u0131. Bundan sonra bu tip foto\u011fraflar\u0131 Soydan&#8217;a atanlar yanacak. G\u00fczel model Didem Soydan yapt\u0131\u011f\u0131 a\u00e7\u0131klamayla g\u00fcndeme geldi. Didem Soydan sosyal medyadan kendisine \u00e7\u0131plak foto\u011fraf at\u0131l\u0131p at\u0131lmad\u0131\u011f\u0131 \u015feklindeki soruya yan\u0131t verdi. Didem Soydan; o foto\u011fraflar\u0131 atanlar\u0131 if\u015fa edece\u011fini s\u00f6yledi. SAPIKLARA &hellip;","og_url":"https:\/\/nasimword.ir\/?p=42382&lang=tr","og_site_name":"Nasim Word","article_published_time":"2019-07-24T12:50:52+00:00","og_image":[{"width":649,"height":280,"url":"https:\/\/nasimword.ir\/wp-content\/uploads\/2019\/07\/manken-didem-soydan-kendisine-cipla-kL6O_cover.jpg","type":"image\/jpeg"}],"twitter_card":"summary","twitter_misc":{"\u0646\u0648\u0634\u062a\u0647\u200c\u0634\u062f\u0647 \u0628\u062f\u0633\u062a":"somaye","\u0632\u0645\u0627\u0646 \u062a\u0642\u0631\u06cc\u0628\u06cc \u0628\u0631\u0627\u06cc \u062e\u0648\u0627\u0646\u062f\u0646":"1 \u062f\u0642\u06cc\u0642\u0647"},"schema":{"@context":"https:\/\/schema.org","@graph":[{"@type":"WebSite","@id":"https:\/\/nasimword.ir\/#website","url":"https:\/\/nasimword.ir\/","name":"Nasim Word","description":"\u067e\u0648\u0631\u062a\u0627\u0644 \u062e\u0628\u0631\u06cc \u0648 \u062a\u062d\u0644\u06cc\u0644\u06cc \u0646\u0633\u06cc\u0645","potentialAction":[{"@type":"SearchAction","target":{"@type":"EntryPoint","urlTemplate":"https:\/\/nasimword.ir\/?s={search_term_string}"},"query-input":"required name=search_term_string"}],"inLanguage":"fa-IR"},{"@type":"ImageObject","@id":"https:\/\/nasimword.ir\/?p=42382&lang=tr#primaryimage","inLanguage":"fa-IR","url":"https:\/\/nasimword.ir\/wp-content\/uploads\/2019\/07\/manken-didem-soydan-kendisine-cipla-kL6O_cover.jpg","contentUrl":"https:\/\/nasimword.ir\/wp-content\/uploads\/2019\/07\/manken-didem-soydan-kendisine-cipla-kL6O_cover.jpg","width":649,"height":280},{"@type":"WebPage","@id":"https:\/\/nasimword.ir\/?p=42382&lang=tr#webpage","url":"https:\/\/nasimword.ir\/?p=42382&lang=tr","name":"Didem Soydan \u00e7\u0131plak foto\u011fraf atanlar\u0131 yakacak! - Nasim Word","isPartOf":{"@id":"https:\/\/nasimword.ir\/#website"},"primaryImageOfPage":{"@id":"https:\/\/nasimword.ir\/?p=42382&lang=tr#primaryimage"},"datePublished":"2019-07-24T12:50:52+00:00","dateModified":"2019-07-24T12:50:52+00:00","author":{"@id":"https:\/\/nasimword.ir\/#\/schema\/person\/4c5a701cb6f5716f361e924d0581801e"},"breadcrumb":{"@id":"https:\/\/nasimword.ir\/?p=42382&lang=tr#breadcrumb"},"inLanguage":"fa-IR","potentialAction":[{"@type":"ReadAction","target":["https:\/\/nasimword.ir\/?p=42382&lang=tr"]}]},{"@type":"BreadcrumbList","@id":"https:\/\/nasimword.ir\/?p=42382&lang=tr#breadcrumb","itemListElement":[{"@type":"ListItem","position":1,"name":"\u062e\u0627\u0646\u0647","item":"https:\/\/nasimword.ir\/"},{"@type":"ListItem","position":2,"name":"Didem Soydan \u00e7\u0131plak foto\u011fraf atanlar\u0131 yakacak!"}]},{"@type":"Person","@id":"https:\/\/nasimword.ir\/#\/schema\/person\/4c5a701cb6f5716f361e924d0581801e","name":"somaye","image":{"@type":"ImageObject","@id":"https:\/\/nasimword.ir\/#personlogo","inLanguage":"fa-IR","url":"https:\/\/secure.gravatar.com\/avatar\/1969d108d4e14d828407b1c82e2f7dab?s=96&d=mm&r=g","contentUrl":"https:\/\/secure.gravatar.com\/avatar\/1969d108d4e14d828407b1c82e2f7dab?s=96&d=mm&r=g","caption":"somaye"},"url":"https:\/\/nasimword.ir\/?author=22"}]}},"_links":{"self":[{"href":"https:\/\/nasimword.ir\/index.php?rest_route=\/wp\/v2\/posts\/42382"}],"collection":[{"href":"https:\/\/nasimword.ir\/index.php?rest_route=\/wp\/v2\/posts"}],"about":[{"href":"https:\/\/nasimword.ir\/index.php?rest_route=\/wp\/v2\/types\/post"}],"author":[{"embeddable":true,"href":"https:\/\/nasimword.ir\/index.php?rest_route=\/wp\/v2\/users\/22"}],"replies":[{"embeddable":true,"href":"https:\/\/nasimword.ir\/index.php?rest_route=%2Fwp%2Fv2%2Fcomments&post=42382"}],"version-history":[{"count":0,"href":"https:\/\/nasimword.ir\/index.php?rest_route=\/wp\/v2\/posts\/42382\/revisions"}],"wp:featuredmedia":[{"embeddable":true,"href":"https:\/\/nasimword.ir\/index.php?rest_route=\/wp\/v2\/media\/42383"}],"wp:attachment":[{"href":"https:\/\/nasimword.ir\/index.php?rest_route=%2Fwp%2Fv2%2Fmedia&parent=42382"}],"wp:term":[{"taxonomy":"category","embeddable":true,"href":"https:\/\/nasimword.ir\/index.php?rest_route=%2Fwp%2Fv2%2Fcategories&post=42382"},{"taxonomy":"post_tag","embeddable":true,"href":"https:\/\/nasimword.ir\/index.php?rest_route=%2Fwp%2Fv2%2Ftags&post=42382"}],"curies":[{"name":"wp","href":"https:\/\/api.w.org\/{rel}","templated":true}]}}