{"id":42930,"date":"2019-07-30T17:13:33","date_gmt":"2019-07-30T12:43:33","guid":{"rendered":"http:\/\/nasimword.ir\/?p=42930"},"modified":"2019-07-30T17:13:33","modified_gmt":"2019-07-30T12:43:33","slug":"tarhan-telli-ivana-sayesinde-romantik-oldum","status":"publish","type":"post","link":"https:\/\/nasimword.ir\/?p=42930&lang=tr","title":{"rendered":"Tarhan Telli: \u0130vana sayesinde romantik oldum"},"content":{"rendered":"<p dir=\"ltr\">\u0130vana Sert, Aral\u0131k 2018\u2019de rallici Can \u00c7elebi\u2019den ayr\u0131lm\u0131\u015f, ocakta motosiklet tasar\u0131mc\u0131s\u0131 Tarhan Telli ile a\u015fk ya\u015famaya ba\u015flam\u0131\u015ft\u0131.<\/p>\n<p dir=\"ltr\"><img loading=\"lazy\" class=\"alignnone size-full wp-image-42931\" src=\"http:\/\/nasimword.ir\/wp-content\/uploads\/2019\/07\/AAF3tOD.png\" alt=\"\" width=\"620\" height=\"350\" srcset=\"https:\/\/nasimword.ir\/wp-content\/uploads\/2019\/07\/AAF3tOD.png 620w, https:\/\/nasimword.ir\/wp-content\/uploads\/2019\/07\/AAF3tOD-300x169.png 300w, https:\/\/nasimword.ir\/wp-content\/uploads\/2019\/07\/AAF3tOD-390x220.png 390w\" sizes=\"(max-width: 620px) 100vw, 620px\" \/><\/p>\n<p dir=\"ltr\">Tarhan Telli, \u201cKendimi bildim bileli hi\u00e7 romantik biri olamad\u0131m. Ama \u0130vana sayesinde yeni yeteneklerimi \u00f6\u011frendim.<\/p>\n<p dir=\"ltr\">&#8217;40&#8217;INDAN SONRA A\u00c7AN B\u0130R \u00c7\u0130\u00c7EK OLDUN&#8217;<\/p>\n<p dir=\"ltr\">Arkada\u015flar\u0131m \u201840\u2019\u0131ndan sonra a\u00e7an bir \u00e7i\u00e7ek oldun\u2019 diye bana tak\u0131l\u0131yorlar\u201d dedi.<\/p>\n","protected":false},"excerpt":{"rendered":"<p>\u0130vana Sert, Aral\u0131k 2018\u2019de rallici Can \u00c7elebi\u2019den ayr\u0131lm\u0131\u015f, ocakta motosiklet tasar\u0131mc\u0131s\u0131 Tarhan Telli ile a\u015fk ya\u015famaya ba\u015flam\u0131\u015ft\u0131. Tarhan Telli, \u201cKendimi bildim bileli hi\u00e7 romantik biri olamad\u0131m. Ama \u0130vana sayesinde yeni yeteneklerimi \u00f6\u011frendim. &#8217;40&#8217;INDAN SONRA A\u00c7AN B\u0130R \u00c7\u0130\u00c7EK OLDUN&#8217; Arkada\u015flar\u0131m \u201840\u2019\u0131ndan sonra a\u00e7an bir \u00e7i\u00e7ek oldun\u2019 diye bana tak\u0131l\u0131yorlar\u201d dedi.<\/p>\n","protected":false},"author":22,"featured_media":42931,"comment_status":"open","ping_status":"open","sticky":false,"template":"","format":"standard","meta":[],"categories":[14058,5955,11183],"tags":[],"yoast_head":"<!-- This site is optimized with the Yoast SEO plugin v18.3 - https:\/\/yoast.com\/wordpress\/plugins\/seo\/ -->\n<title>Tarhan Telli: \u0130vana sayesinde romantik oldum - Nasim Word<\/title>\n<meta name=\"robots\" content=\"index, follow, max-snippet:-1, max-image-preview:large, max-video-preview:-1\" \/>\n<link rel=\"canonical\" href=\"https:\/\/nasimword.ir\/?p=42930&#038;lang=tr\" \/>\n<meta property=\"og:locale\" content=\"fa_IR\" \/>\n<meta property=\"og:type\" content=\"article\" \/>\n<meta property=\"og:title\" content=\"Tarhan Telli: \u0130vana sayesinde romantik oldum - Nasim Word\" \/>\n<meta property=\"og:description\" content=\"\u0130vana Sert, Aral\u0131k 2018\u2019de rallici Can \u00c7elebi\u2019den ayr\u0131lm\u0131\u015f, ocakta motosiklet tasar\u0131mc\u0131s\u0131 Tarhan Telli ile a\u015fk ya\u015famaya ba\u015flam\u0131\u015ft\u0131. Tarhan Telli, \u201cKendimi bildim bileli hi\u00e7 romantik biri olamad\u0131m. Ama \u0130vana sayesinde yeni yeteneklerimi \u00f6\u011frendim. &#8217;40&#8217;INDAN SONRA A\u00c7AN B\u0130R \u00c7\u0130\u00c7EK OLDUN&#8217; Arkada\u015flar\u0131m \u201840\u2019\u0131ndan sonra a\u00e7an bir \u00e7i\u00e7ek oldun\u2019 diye bana tak\u0131l\u0131yorlar\u201d dedi.\" \/>\n<meta property=\"og:url\" content=\"https:\/\/nasimword.ir\/?p=42930&amp;lang=tr\" \/>\n<meta property=\"og:site_name\" content=\"Nasim Word\" \/>\n<meta property=\"article:published_time\" content=\"2019-07-30T12:43:33+00:00\" \/>\n<meta property=\"og:image\" content=\"https:\/\/nasimword.ir\/wp-content\/uploads\/2019\/07\/AAF3tOD.png\" \/>\n\t<meta property=\"og:image:width\" content=\"620\" \/>\n\t<meta property=\"og:image:height\" content=\"350\" \/>\n\t<meta property=\"og:image:type\" content=\"image\/png\" \/>\n<meta name=\"twitter:card\" content=\"summary\" \/>\n<meta name=\"twitter:label1\" content=\"\u0646\u0648\u0634\u062a\u0647\u200c\u0634\u062f\u0647 \u0628\u062f\u0633\u062a\" \/>\n\t<meta name=\"twitter:data1\" content=\"somaye\" \/>\n<script type=\"application\/ld+json\" class=\"yoast-schema-graph\">{\"@context\":\"https:\/\/schema.org\",\"@graph\":[{\"@type\":\"WebSite\",\"@id\":\"https:\/\/nasimword.ir\/#website\",\"url\":\"https:\/\/nasimword.ir\/\",\"name\":\"Nasim Word\",\"description\":\"\u067e\u0648\u0631\u062a\u0627\u0644 \u062e\u0628\u0631\u06cc \u0648 \u062a\u062d\u0644\u06cc\u0644\u06cc \u0646\u0633\u06cc\u0645\",\"potentialAction\":[{\"@type\":\"SearchAction\",\"target\":{\"@type\":\"EntryPoint\",\"urlTemplate\":\"https:\/\/nasimword.ir\/?s={search_term_string}\"},\"query-input\":\"required name=search_term_string\"}],\"inLanguage\":\"fa-IR\"},{\"@type\":\"ImageObject\",\"@id\":\"https:\/\/nasimword.ir\/?p=42930&lang=tr#primaryimage\",\"inLanguage\":\"fa-IR\",\"url\":\"https:\/\/nasimword.ir\/wp-content\/uploads\/2019\/07\/AAF3tOD.png\",\"contentUrl\":\"https:\/\/nasimword.ir\/wp-content\/uploads\/2019\/07\/AAF3tOD.png\",\"width\":620,\"height\":350},{\"@type\":\"WebPage\",\"@id\":\"https:\/\/nasimword.ir\/?p=42930&lang=tr#webpage\",\"url\":\"https:\/\/nasimword.ir\/?p=42930&lang=tr\",\"name\":\"Tarhan Telli: \u0130vana sayesinde romantik oldum - Nasim Word\",\"isPartOf\":{\"@id\":\"https:\/\/nasimword.ir\/#website\"},\"primaryImageOfPage\":{\"@id\":\"https:\/\/nasimword.ir\/?p=42930&lang=tr#primaryimage\"},\"datePublished\":\"2019-07-30T12:43:33+00:00\",\"dateModified\":\"2019-07-30T12:43:33+00:00\",\"author\":{\"@id\":\"https:\/\/nasimword.ir\/#\/schema\/person\/4c5a701cb6f5716f361e924d0581801e\"},\"breadcrumb\":{\"@id\":\"https:\/\/nasimword.ir\/?p=42930&lang=tr#breadcrumb\"},\"inLanguage\":\"fa-IR\",\"potentialAction\":[{\"@type\":\"ReadAction\",\"target\":[\"https:\/\/nasimword.ir\/?p=42930&lang=tr\"]}]},{\"@type\":\"BreadcrumbList\",\"@id\":\"https:\/\/nasimword.ir\/?p=42930&lang=tr#breadcrumb\",\"itemListElement\":[{\"@type\":\"ListItem\",\"position\":1,\"name\":\"\u062e\u0627\u0646\u0647\",\"item\":\"https:\/\/nasimword.ir\/\"},{\"@type\":\"ListItem\",\"position\":2,\"name\":\"Tarhan Telli: \u0130vana sayesinde romantik oldum\"}]},{\"@type\":\"Person\",\"@id\":\"https:\/\/nasimword.ir\/#\/schema\/person\/4c5a701cb6f5716f361e924d0581801e\",\"name\":\"somaye\",\"image\":{\"@type\":\"ImageObject\",\"@id\":\"https:\/\/nasimword.ir\/#personlogo\",\"inLanguage\":\"fa-IR\",\"url\":\"https:\/\/secure.gravatar.com\/avatar\/1969d108d4e14d828407b1c82e2f7dab?s=96&d=mm&r=g\",\"contentUrl\":\"https:\/\/secure.gravatar.com\/avatar\/1969d108d4e14d828407b1c82e2f7dab?s=96&d=mm&r=g\",\"caption\":\"somaye\"},\"url\":\"https:\/\/nasimword.ir\/?author=22\"}]}<\/script>\n<!-- \/ Yoast SEO plugin. -->","yoast_head_json":{"title":"Tarhan Telli: \u0130vana sayesinde romantik oldum - Nasim Word","robots":{"index":"index","follow":"follow","max-snippet":"max-snippet:-1","max-image-preview":"max-image-preview:large","max-video-preview":"max-video-preview:-1"},"canonical":"https:\/\/nasimword.ir\/?p=42930&lang=tr","og_locale":"fa_IR","og_type":"article","og_title":"Tarhan Telli: \u0130vana sayesinde romantik oldum - Nasim Word","og_description":"\u0130vana Sert, Aral\u0131k 2018\u2019de rallici Can \u00c7elebi\u2019den ayr\u0131lm\u0131\u015f, ocakta motosiklet tasar\u0131mc\u0131s\u0131 Tarhan Telli ile a\u015fk ya\u015famaya ba\u015flam\u0131\u015ft\u0131. Tarhan Telli, \u201cKendimi bildim bileli hi\u00e7 romantik biri olamad\u0131m. Ama \u0130vana sayesinde yeni yeteneklerimi \u00f6\u011frendim. &#8217;40&#8217;INDAN SONRA A\u00c7AN B\u0130R \u00c7\u0130\u00c7EK OLDUN&#8217; Arkada\u015flar\u0131m \u201840\u2019\u0131ndan sonra a\u00e7an bir \u00e7i\u00e7ek oldun\u2019 diye bana tak\u0131l\u0131yorlar\u201d dedi.","og_url":"https:\/\/nasimword.ir\/?p=42930&lang=tr","og_site_name":"Nasim Word","article_published_time":"2019-07-30T12:43:33+00:00","og_image":[{"width":620,"height":350,"url":"https:\/\/nasimword.ir\/wp-content\/uploads\/2019\/07\/AAF3tOD.png","type":"image\/png"}],"twitter_card":"summary","twitter_misc":{"\u0646\u0648\u0634\u062a\u0647\u200c\u0634\u062f\u0647 \u0628\u062f\u0633\u062a":"somaye"},"schema":{"@context":"https:\/\/schema.org","@graph":[{"@type":"WebSite","@id":"https:\/\/nasimword.ir\/#website","url":"https:\/\/nasimword.ir\/","name":"Nasim Word","description":"\u067e\u0648\u0631\u062a\u0627\u0644 \u062e\u0628\u0631\u06cc \u0648 \u062a\u062d\u0644\u06cc\u0644\u06cc \u0646\u0633\u06cc\u0645","potentialAction":[{"@type":"SearchAction","target":{"@type":"EntryPoint","urlTemplate":"https:\/\/nasimword.ir\/?s={search_term_string}"},"query-input":"required name=search_term_string"}],"inLanguage":"fa-IR"},{"@type":"ImageObject","@id":"https:\/\/nasimword.ir\/?p=42930&lang=tr#primaryimage","inLanguage":"fa-IR","url":"https:\/\/nasimword.ir\/wp-content\/uploads\/2019\/07\/AAF3tOD.png","contentUrl":"https:\/\/nasimword.ir\/wp-content\/uploads\/2019\/07\/AAF3tOD.png","width":620,"height":350},{"@type":"WebPage","@id":"https:\/\/nasimword.ir\/?p=42930&lang=tr#webpage","url":"https:\/\/nasimword.ir\/?p=42930&lang=tr","name":"Tarhan Telli: \u0130vana sayesinde romantik oldum - Nasim Word","isPartOf":{"@id":"https:\/\/nasimword.ir\/#website"},"primaryImageOfPage":{"@id":"https:\/\/nasimword.ir\/?p=42930&lang=tr#primaryimage"},"datePublished":"2019-07-30T12:43:33+00:00","dateModified":"2019-07-30T12:43:33+00:00","author":{"@id":"https:\/\/nasimword.ir\/#\/schema\/person\/4c5a701cb6f5716f361e924d0581801e"},"breadcrumb":{"@id":"https:\/\/nasimword.ir\/?p=42930&lang=tr#breadcrumb"},"inLanguage":"fa-IR","potentialAction":[{"@type":"ReadAction","target":["https:\/\/nasimword.ir\/?p=42930&lang=tr"]}]},{"@type":"BreadcrumbList","@id":"https:\/\/nasimword.ir\/?p=42930&lang=tr#breadcrumb","itemListElement":[{"@type":"ListItem","position":1,"name":"\u062e\u0627\u0646\u0647","item":"https:\/\/nasimword.ir\/"},{"@type":"ListItem","position":2,"name":"Tarhan Telli: \u0130vana sayesinde romantik oldum"}]},{"@type":"Person","@id":"https:\/\/nasimword.ir\/#\/schema\/person\/4c5a701cb6f5716f361e924d0581801e","name":"somaye","image":{"@type":"ImageObject","@id":"https:\/\/nasimword.ir\/#personlogo","inLanguage":"fa-IR","url":"https:\/\/secure.gravatar.com\/avatar\/1969d108d4e14d828407b1c82e2f7dab?s=96&d=mm&r=g","contentUrl":"https:\/\/secure.gravatar.com\/avatar\/1969d108d4e14d828407b1c82e2f7dab?s=96&d=mm&r=g","caption":"somaye"},"url":"https:\/\/nasimword.ir\/?author=22"}]}},"_links":{"self":[{"href":"https:\/\/nasimword.ir\/index.php?rest_route=\/wp\/v2\/posts\/42930"}],"collection":[{"href":"https:\/\/nasimword.ir\/index.php?rest_route=\/wp\/v2\/posts"}],"about":[{"href":"https:\/\/nasimword.ir\/index.php?rest_route=\/wp\/v2\/types\/post"}],"author":[{"embeddable":true,"href":"https:\/\/nasimword.ir\/index.php?rest_route=\/wp\/v2\/users\/22"}],"replies":[{"embeddable":true,"href":"https:\/\/nasimword.ir\/index.php?rest_route=%2Fwp%2Fv2%2Fcomments&post=42930"}],"version-history":[{"count":0,"href":"https:\/\/nasimword.ir\/index.php?rest_route=\/wp\/v2\/posts\/42930\/revisions"}],"wp:featuredmedia":[{"embeddable":true,"href":"https:\/\/nasimword.ir\/index.php?rest_route=\/wp\/v2\/media\/42931"}],"wp:attachment":[{"href":"https:\/\/nasimword.ir\/index.php?rest_route=%2Fwp%2Fv2%2Fmedia&parent=42930"}],"wp:term":[{"taxonomy":"category","embeddable":true,"href":"https:\/\/nasimword.ir\/index.php?rest_route=%2Fwp%2Fv2%2Fcategories&post=42930"},{"taxonomy":"post_tag","embeddable":true,"href":"https:\/\/nasimword.ir\/index.php?rest_route=%2Fwp%2Fv2%2Ftags&post=42930"}],"curies":[{"name":"wp","href":"https:\/\/api.w.org\/{rel}","templated":true}]}}