{"id":43485,"date":"2019-08-08T15:07:15","date_gmt":"2019-08-08T10:37:15","guid":{"rendered":"http:\/\/nasimword.ir\/?p=43485"},"modified":"2019-08-08T15:07:15","modified_gmt":"2019-08-08T10:37:15","slug":"ahmet-kural-yeni-sevgilisiyle-goruntulendi","status":"publish","type":"post","link":"https:\/\/nasimword.ir\/?p=43485&lang=tr","title":{"rendered":"Ahmet Kural yeni sevgilisiyle g\u00f6r\u00fcnt\u00fclendi!"},"content":{"rendered":"<p dir=\"ltr\">S\u0131la Gen\u00e7o\u011flu ile \u015fiddet uygulad\u0131\u011f\u0131 gerek\u00e7esiyle mahkemelik olan Ahmet Kural, Kad\u0131k\u00f6y&#8217;de yeni sevgilisiyle g\u00f6r\u00fcnt\u00fclendi. \u0130kilinin keyifli halleri dikkatlerden ka\u00e7mad\u0131.<\/p>\n<p dir=\"ltr\"><img loading=\"lazy\" class=\"alignnone size-full wp-image-43490\" src=\"http:\/\/nasimword.ir\/wp-content\/uploads\/2019\/08\/ahmet-kural-sli-16-9-1554875160-qk4-cbAk_cover.jpg\" alt=\"\" width=\"649\" height=\"365\" srcset=\"https:\/\/nasimword.ir\/wp-content\/uploads\/2019\/08\/ahmet-kural-sli-16-9-1554875160-qk4-cbAk_cover.jpg 649w, https:\/\/nasimword.ir\/wp-content\/uploads\/2019\/08\/ahmet-kural-sli-16-9-1554875160-qk4-cbAk_cover-300x169.jpg 300w, https:\/\/nasimword.ir\/wp-content\/uploads\/2019\/08\/ahmet-kural-sli-16-9-1554875160-qk4-cbAk_cover-390x220.jpg 390w\" sizes=\"(max-width: 649px) 100vw, 649px\" \/><\/p>\n<p dir=\"ltr\">Akif Yaman&#8217;\u0131n \u00f6zel haberine g\u00f6re; \u015fark\u0131c\u0131 S\u0131la Gen\u00e7o\u011flu ile mahkemelik olan oyuncu Ahmet Kural, ge\u00e7ti\u011fimiz ak\u015fam Kad\u0131k\u00f6y&#8217;de yeni sevgilisiyle g\u00f6r\u00fcnt\u00fclendi.<\/p>\n<p dir=\"ltr\"><img loading=\"lazy\" class=\"alignnone size-full wp-image-43489\" src=\"http:\/\/nasimword.ir\/wp-content\/uploads\/2019\/08\/oyuncu-ahmet-kural-yeni-sevgilisiyl-nyMM.jpg\" alt=\"\" width=\"640\" height=\"360\" srcset=\"https:\/\/nasimword.ir\/wp-content\/uploads\/2019\/08\/oyuncu-ahmet-kural-yeni-sevgilisiyl-nyMM.jpg 640w, https:\/\/nasimword.ir\/wp-content\/uploads\/2019\/08\/oyuncu-ahmet-kural-yeni-sevgilisiyl-nyMM-300x169.jpg 300w, https:\/\/nasimword.ir\/wp-content\/uploads\/2019\/08\/oyuncu-ahmet-kural-yeni-sevgilisiyl-nyMM-390x220.jpg 390w\" sizes=\"(max-width: 640px) 100vw, 640px\" \/><\/p>\n<p dir=\"ltr\">Habert\u00fcrk&#8217;\u00fcn karelerine yans\u0131yan ikili, patlayan fla\u015flarla \u015foke oldu. \u00c7ift, muhabirlerin sorular\u0131na te\u015fekk\u00fcr edip h\u0131zl\u0131 ad\u0131mlarla oradan uzakla\u015ft\u0131. \u0130kilinin keyifli halleri ise dikkatlerden ka\u00e7mad\u0131.<\/p>\n<p dir=\"ltr\"><img loading=\"lazy\" class=\"alignnone size-full wp-image-43488\" src=\"http:\/\/nasimword.ir\/wp-content\/uploads\/2019\/08\/oyuncu-ahmet-kural-yeni-sevgilisiyl-OmVf.jpg\" alt=\"\" width=\"640\" height=\"659\" srcset=\"https:\/\/nasimword.ir\/wp-content\/uploads\/2019\/08\/oyuncu-ahmet-kural-yeni-sevgilisiyl-OmVf.jpg 640w, https:\/\/nasimword.ir\/wp-content\/uploads\/2019\/08\/oyuncu-ahmet-kural-yeni-sevgilisiyl-OmVf-291x300.jpg 291w\" sizes=\"(max-width: 640px) 100vw, 640px\" \/><\/p>\n<p dir=\"ltr\">SILA&#8217;DAN A\u015eK \u0130T\u0130RAFI<\/p>\n<p dir=\"ltr\">Hazer Amani ile a\u015fk ya\u015fad\u0131klar\u0131 iddia edilen S\u0131la ise ge\u00e7ti\u011fimiz g\u00fcnlerde ili\u015fkilerini itiraf ederek, &#8220;Keyfim \u00e7ok yerinde. Kendimi hi\u00e7 bu kadar din\u00e7 hissetmiyorum. G\u00fczel bir \u015fey ya\u015f\u0131yorum&#8221; ifadelerini kullanm\u0131\u015ft\u0131. S\u0131la ve Hazer Amani&#8217;nin ayn\u0131 karede yer ald\u0131\u011f\u0131 foto\u011fraf sosyal medyada payla\u015f\u0131lm\u0131\u015ft\u0131.<\/p>\n<p dir=\"ltr\"><img loading=\"lazy\" class=\"alignnone size-full wp-image-43487\" src=\"http:\/\/nasimword.ir\/wp-content\/uploads\/2019\/08\/oyuncu-ahmet-kural-yeni-sevgilisiyl-n1sE.jpg\" alt=\"\" width=\"640\" height=\"360\" srcset=\"https:\/\/nasimword.ir\/wp-content\/uploads\/2019\/08\/oyuncu-ahmet-kural-yeni-sevgilisiyl-n1sE.jpg 640w, https:\/\/nasimword.ir\/wp-content\/uploads\/2019\/08\/oyuncu-ahmet-kural-yeni-sevgilisiyl-n1sE-300x169.jpg 300w, https:\/\/nasimword.ir\/wp-content\/uploads\/2019\/08\/oyuncu-ahmet-kural-yeni-sevgilisiyl-n1sE-390x220.jpg 390w\" sizes=\"(max-width: 640px) 100vw, 640px\" \/> <img loading=\"lazy\" class=\"alignnone size-full wp-image-43486\" src=\"http:\/\/nasimword.ir\/wp-content\/uploads\/2019\/08\/oyuncu-ahmet-kural-yeni-sevgilisiyl-c0l1.jpg\" alt=\"\" width=\"640\" height=\"360\" srcset=\"https:\/\/nasimword.ir\/wp-content\/uploads\/2019\/08\/oyuncu-ahmet-kural-yeni-sevgilisiyl-c0l1.jpg 640w, https:\/\/nasimword.ir\/wp-content\/uploads\/2019\/08\/oyuncu-ahmet-kural-yeni-sevgilisiyl-c0l1-300x169.jpg 300w, https:\/\/nasimword.ir\/wp-content\/uploads\/2019\/08\/oyuncu-ahmet-kural-yeni-sevgilisiyl-c0l1-390x220.jpg 390w\" sizes=\"(max-width: 640px) 100vw, 640px\" \/><\/p>\n","protected":false},"excerpt":{"rendered":"<p>S\u0131la Gen\u00e7o\u011flu ile \u015fiddet uygulad\u0131\u011f\u0131 gerek\u00e7esiyle mahkemelik olan Ahmet Kural, Kad\u0131k\u00f6y&#8217;de yeni sevgilisiyle g\u00f6r\u00fcnt\u00fclendi. \u0130kilinin keyifli halleri dikkatlerden ka\u00e7mad\u0131. Akif Yaman&#8217;\u0131n \u00f6zel haberine g\u00f6re; \u015fark\u0131c\u0131 S\u0131la Gen\u00e7o\u011flu ile mahkemelik olan oyuncu Ahmet Kural, ge\u00e7ti\u011fimiz ak\u015fam Kad\u0131k\u00f6y&#8217;de yeni sevgilisiyle g\u00f6r\u00fcnt\u00fclendi. Habert\u00fcrk&#8217;\u00fcn karelerine yans\u0131yan ikili, patlayan fla\u015flarla \u015foke oldu. \u00c7ift, muhabirlerin sorular\u0131na te\u015fekk\u00fcr edip h\u0131zl\u0131 ad\u0131mlarla oradan &hellip;<\/p>\n","protected":false},"author":22,"featured_media":43490,"comment_status":"open","ping_status":"open","sticky":false,"template":"","format":"standard","meta":[],"categories":[14058,5955,11183],"tags":[],"yoast_head":"<!-- This site is optimized with the Yoast SEO plugin v18.3 - https:\/\/yoast.com\/wordpress\/plugins\/seo\/ -->\n<title>Ahmet Kural yeni sevgilisiyle g\u00f6r\u00fcnt\u00fclendi! - Nasim Word<\/title>\n<meta name=\"robots\" content=\"index, follow, max-snippet:-1, max-image-preview:large, max-video-preview:-1\" \/>\n<link rel=\"canonical\" href=\"https:\/\/nasimword.ir\/?p=43485&#038;lang=tr\" \/>\n<meta property=\"og:locale\" content=\"fa_IR\" \/>\n<meta property=\"og:type\" content=\"article\" \/>\n<meta property=\"og:title\" content=\"Ahmet Kural yeni sevgilisiyle g\u00f6r\u00fcnt\u00fclendi! - Nasim Word\" \/>\n<meta property=\"og:description\" content=\"S\u0131la Gen\u00e7o\u011flu ile \u015fiddet uygulad\u0131\u011f\u0131 gerek\u00e7esiyle mahkemelik olan Ahmet Kural, Kad\u0131k\u00f6y&#8217;de yeni sevgilisiyle g\u00f6r\u00fcnt\u00fclendi. \u0130kilinin keyifli halleri dikkatlerden ka\u00e7mad\u0131. Akif Yaman&#8217;\u0131n \u00f6zel haberine g\u00f6re; \u015fark\u0131c\u0131 S\u0131la Gen\u00e7o\u011flu ile mahkemelik olan oyuncu Ahmet Kural, ge\u00e7ti\u011fimiz ak\u015fam Kad\u0131k\u00f6y&#8217;de yeni sevgilisiyle g\u00f6r\u00fcnt\u00fclendi. Habert\u00fcrk&#8217;\u00fcn karelerine yans\u0131yan ikili, patlayan fla\u015flarla \u015foke oldu. \u00c7ift, muhabirlerin sorular\u0131na te\u015fekk\u00fcr edip h\u0131zl\u0131 ad\u0131mlarla oradan &hellip;\" \/>\n<meta property=\"og:url\" content=\"https:\/\/nasimword.ir\/?p=43485&amp;lang=tr\" \/>\n<meta property=\"og:site_name\" content=\"Nasim Word\" \/>\n<meta property=\"article:published_time\" content=\"2019-08-08T10:37:15+00:00\" \/>\n<meta property=\"og:image\" content=\"https:\/\/nasimword.ir\/wp-content\/uploads\/2019\/08\/ahmet-kural-sli-16-9-1554875160-qk4-cbAk_cover.jpg\" \/>\n\t<meta property=\"og:image:width\" content=\"649\" \/>\n\t<meta property=\"og:image:height\" content=\"365\" \/>\n\t<meta property=\"og:image:type\" content=\"image\/jpeg\" \/>\n<meta name=\"twitter:card\" content=\"summary\" \/>\n<meta name=\"twitter:label1\" content=\"\u0646\u0648\u0634\u062a\u0647\u200c\u0634\u062f\u0647 \u0628\u062f\u0633\u062a\" \/>\n\t<meta name=\"twitter:data1\" content=\"somaye\" \/>\n\t<meta name=\"twitter:label2\" content=\"\u0632\u0645\u0627\u0646 \u062a\u0642\u0631\u06cc\u0628\u06cc \u0628\u0631\u0627\u06cc \u062e\u0648\u0627\u0646\u062f\u0646\" \/>\n\t<meta name=\"twitter:data2\" content=\"1 \u062f\u0642\u06cc\u0642\u0647\" \/>\n<script type=\"application\/ld+json\" class=\"yoast-schema-graph\">{\"@context\":\"https:\/\/schema.org\",\"@graph\":[{\"@type\":\"WebSite\",\"@id\":\"https:\/\/nasimword.ir\/#website\",\"url\":\"https:\/\/nasimword.ir\/\",\"name\":\"Nasim Word\",\"description\":\"\u067e\u0648\u0631\u062a\u0627\u0644 \u062e\u0628\u0631\u06cc \u0648 \u062a\u062d\u0644\u06cc\u0644\u06cc \u0646\u0633\u06cc\u0645\",\"potentialAction\":[{\"@type\":\"SearchAction\",\"target\":{\"@type\":\"EntryPoint\",\"urlTemplate\":\"https:\/\/nasimword.ir\/?s={search_term_string}\"},\"query-input\":\"required name=search_term_string\"}],\"inLanguage\":\"fa-IR\"},{\"@type\":\"ImageObject\",\"@id\":\"https:\/\/nasimword.ir\/?p=43485&lang=tr#primaryimage\",\"inLanguage\":\"fa-IR\",\"url\":\"https:\/\/nasimword.ir\/wp-content\/uploads\/2019\/08\/ahmet-kural-sli-16-9-1554875160-qk4-cbAk_cover.jpg\",\"contentUrl\":\"https:\/\/nasimword.ir\/wp-content\/uploads\/2019\/08\/ahmet-kural-sli-16-9-1554875160-qk4-cbAk_cover.jpg\",\"width\":649,\"height\":365},{\"@type\":\"WebPage\",\"@id\":\"https:\/\/nasimword.ir\/?p=43485&lang=tr#webpage\",\"url\":\"https:\/\/nasimword.ir\/?p=43485&lang=tr\",\"name\":\"Ahmet Kural yeni sevgilisiyle g\u00f6r\u00fcnt\u00fclendi! - Nasim Word\",\"isPartOf\":{\"@id\":\"https:\/\/nasimword.ir\/#website\"},\"primaryImageOfPage\":{\"@id\":\"https:\/\/nasimword.ir\/?p=43485&lang=tr#primaryimage\"},\"datePublished\":\"2019-08-08T10:37:15+00:00\",\"dateModified\":\"2019-08-08T10:37:15+00:00\",\"author\":{\"@id\":\"https:\/\/nasimword.ir\/#\/schema\/person\/4c5a701cb6f5716f361e924d0581801e\"},\"breadcrumb\":{\"@id\":\"https:\/\/nasimword.ir\/?p=43485&lang=tr#breadcrumb\"},\"inLanguage\":\"fa-IR\",\"potentialAction\":[{\"@type\":\"ReadAction\",\"target\":[\"https:\/\/nasimword.ir\/?p=43485&lang=tr\"]}]},{\"@type\":\"BreadcrumbList\",\"@id\":\"https:\/\/nasimword.ir\/?p=43485&lang=tr#breadcrumb\",\"itemListElement\":[{\"@type\":\"ListItem\",\"position\":1,\"name\":\"\u062e\u0627\u0646\u0647\",\"item\":\"https:\/\/nasimword.ir\/\"},{\"@type\":\"ListItem\",\"position\":2,\"name\":\"Ahmet Kural yeni sevgilisiyle g\u00f6r\u00fcnt\u00fclendi!\"}]},{\"@type\":\"Person\",\"@id\":\"https:\/\/nasimword.ir\/#\/schema\/person\/4c5a701cb6f5716f361e924d0581801e\",\"name\":\"somaye\",\"image\":{\"@type\":\"ImageObject\",\"@id\":\"https:\/\/nasimword.ir\/#personlogo\",\"inLanguage\":\"fa-IR\",\"url\":\"https:\/\/secure.gravatar.com\/avatar\/1969d108d4e14d828407b1c82e2f7dab?s=96&d=mm&r=g\",\"contentUrl\":\"https:\/\/secure.gravatar.com\/avatar\/1969d108d4e14d828407b1c82e2f7dab?s=96&d=mm&r=g\",\"caption\":\"somaye\"},\"url\":\"https:\/\/nasimword.ir\/?author=22\"}]}<\/script>\n<!-- \/ Yoast SEO plugin. -->","yoast_head_json":{"title":"Ahmet Kural yeni sevgilisiyle g\u00f6r\u00fcnt\u00fclendi! - Nasim Word","robots":{"index":"index","follow":"follow","max-snippet":"max-snippet:-1","max-image-preview":"max-image-preview:large","max-video-preview":"max-video-preview:-1"},"canonical":"https:\/\/nasimword.ir\/?p=43485&lang=tr","og_locale":"fa_IR","og_type":"article","og_title":"Ahmet Kural yeni sevgilisiyle g\u00f6r\u00fcnt\u00fclendi! - Nasim Word","og_description":"S\u0131la Gen\u00e7o\u011flu ile \u015fiddet uygulad\u0131\u011f\u0131 gerek\u00e7esiyle mahkemelik olan Ahmet Kural, Kad\u0131k\u00f6y&#8217;de yeni sevgilisiyle g\u00f6r\u00fcnt\u00fclendi. \u0130kilinin keyifli halleri dikkatlerden ka\u00e7mad\u0131. Akif Yaman&#8217;\u0131n \u00f6zel haberine g\u00f6re; \u015fark\u0131c\u0131 S\u0131la Gen\u00e7o\u011flu ile mahkemelik olan oyuncu Ahmet Kural, ge\u00e7ti\u011fimiz ak\u015fam Kad\u0131k\u00f6y&#8217;de yeni sevgilisiyle g\u00f6r\u00fcnt\u00fclendi. Habert\u00fcrk&#8217;\u00fcn karelerine yans\u0131yan ikili, patlayan fla\u015flarla \u015foke oldu. \u00c7ift, muhabirlerin sorular\u0131na te\u015fekk\u00fcr edip h\u0131zl\u0131 ad\u0131mlarla oradan &hellip;","og_url":"https:\/\/nasimword.ir\/?p=43485&lang=tr","og_site_name":"Nasim Word","article_published_time":"2019-08-08T10:37:15+00:00","og_image":[{"width":649,"height":365,"url":"https:\/\/nasimword.ir\/wp-content\/uploads\/2019\/08\/ahmet-kural-sli-16-9-1554875160-qk4-cbAk_cover.jpg","type":"image\/jpeg"}],"twitter_card":"summary","twitter_misc":{"\u0646\u0648\u0634\u062a\u0647\u200c\u0634\u062f\u0647 \u0628\u062f\u0633\u062a":"somaye","\u0632\u0645\u0627\u0646 \u062a\u0642\u0631\u06cc\u0628\u06cc \u0628\u0631\u0627\u06cc \u062e\u0648\u0627\u0646\u062f\u0646":"1 \u062f\u0642\u06cc\u0642\u0647"},"schema":{"@context":"https:\/\/schema.org","@graph":[{"@type":"WebSite","@id":"https:\/\/nasimword.ir\/#website","url":"https:\/\/nasimword.ir\/","name":"Nasim Word","description":"\u067e\u0648\u0631\u062a\u0627\u0644 \u062e\u0628\u0631\u06cc \u0648 \u062a\u062d\u0644\u06cc\u0644\u06cc \u0646\u0633\u06cc\u0645","potentialAction":[{"@type":"SearchAction","target":{"@type":"EntryPoint","urlTemplate":"https:\/\/nasimword.ir\/?s={search_term_string}"},"query-input":"required name=search_term_string"}],"inLanguage":"fa-IR"},{"@type":"ImageObject","@id":"https:\/\/nasimword.ir\/?p=43485&lang=tr#primaryimage","inLanguage":"fa-IR","url":"https:\/\/nasimword.ir\/wp-content\/uploads\/2019\/08\/ahmet-kural-sli-16-9-1554875160-qk4-cbAk_cover.jpg","contentUrl":"https:\/\/nasimword.ir\/wp-content\/uploads\/2019\/08\/ahmet-kural-sli-16-9-1554875160-qk4-cbAk_cover.jpg","width":649,"height":365},{"@type":"WebPage","@id":"https:\/\/nasimword.ir\/?p=43485&lang=tr#webpage","url":"https:\/\/nasimword.ir\/?p=43485&lang=tr","name":"Ahmet Kural yeni sevgilisiyle g\u00f6r\u00fcnt\u00fclendi! - Nasim Word","isPartOf":{"@id":"https:\/\/nasimword.ir\/#website"},"primaryImageOfPage":{"@id":"https:\/\/nasimword.ir\/?p=43485&lang=tr#primaryimage"},"datePublished":"2019-08-08T10:37:15+00:00","dateModified":"2019-08-08T10:37:15+00:00","author":{"@id":"https:\/\/nasimword.ir\/#\/schema\/person\/4c5a701cb6f5716f361e924d0581801e"},"breadcrumb":{"@id":"https:\/\/nasimword.ir\/?p=43485&lang=tr#breadcrumb"},"inLanguage":"fa-IR","potentialAction":[{"@type":"ReadAction","target":["https:\/\/nasimword.ir\/?p=43485&lang=tr"]}]},{"@type":"BreadcrumbList","@id":"https:\/\/nasimword.ir\/?p=43485&lang=tr#breadcrumb","itemListElement":[{"@type":"ListItem","position":1,"name":"\u062e\u0627\u0646\u0647","item":"https:\/\/nasimword.ir\/"},{"@type":"ListItem","position":2,"name":"Ahmet Kural yeni sevgilisiyle g\u00f6r\u00fcnt\u00fclendi!"}]},{"@type":"Person","@id":"https:\/\/nasimword.ir\/#\/schema\/person\/4c5a701cb6f5716f361e924d0581801e","name":"somaye","image":{"@type":"ImageObject","@id":"https:\/\/nasimword.ir\/#personlogo","inLanguage":"fa-IR","url":"https:\/\/secure.gravatar.com\/avatar\/1969d108d4e14d828407b1c82e2f7dab?s=96&d=mm&r=g","contentUrl":"https:\/\/secure.gravatar.com\/avatar\/1969d108d4e14d828407b1c82e2f7dab?s=96&d=mm&r=g","caption":"somaye"},"url":"https:\/\/nasimword.ir\/?author=22"}]}},"_links":{"self":[{"href":"https:\/\/nasimword.ir\/index.php?rest_route=\/wp\/v2\/posts\/43485"}],"collection":[{"href":"https:\/\/nasimword.ir\/index.php?rest_route=\/wp\/v2\/posts"}],"about":[{"href":"https:\/\/nasimword.ir\/index.php?rest_route=\/wp\/v2\/types\/post"}],"author":[{"embeddable":true,"href":"https:\/\/nasimword.ir\/index.php?rest_route=\/wp\/v2\/users\/22"}],"replies":[{"embeddable":true,"href":"https:\/\/nasimword.ir\/index.php?rest_route=%2Fwp%2Fv2%2Fcomments&post=43485"}],"version-history":[{"count":0,"href":"https:\/\/nasimword.ir\/index.php?rest_route=\/wp\/v2\/posts\/43485\/revisions"}],"wp:featuredmedia":[{"embeddable":true,"href":"https:\/\/nasimword.ir\/index.php?rest_route=\/wp\/v2\/media\/43490"}],"wp:attachment":[{"href":"https:\/\/nasimword.ir\/index.php?rest_route=%2Fwp%2Fv2%2Fmedia&parent=43485"}],"wp:term":[{"taxonomy":"category","embeddable":true,"href":"https:\/\/nasimword.ir\/index.php?rest_route=%2Fwp%2Fv2%2Fcategories&post=43485"},{"taxonomy":"post_tag","embeddable":true,"href":"https:\/\/nasimword.ir\/index.php?rest_route=%2Fwp%2Fv2%2Ftags&post=43485"}],"curies":[{"name":"wp","href":"https:\/\/api.w.org\/{rel}","templated":true}]}}