{"id":43581,"date":"2019-08-10T19:33:25","date_gmt":"2019-08-10T15:03:25","guid":{"rendered":"http:\/\/nasimword.ir\/?p=43581"},"modified":"2019-08-10T19:33:25","modified_gmt":"2019-08-10T15:03:25","slug":"iste-lider-sahin-ile-demet-ozdemir-askinin-kaniti","status":"publish","type":"post","link":"https:\/\/nasimword.ir\/?p=43581&lang=tr","title":{"rendered":"\u0130\u015fte Lider \u015eahin ile Demet \u00d6zdemir a\u015fk\u0131n\u0131n kan\u0131t\u0131!"},"content":{"rendered":"<p dir=\"ltr\">Selami \u015eahin&#8217;in o\u011flu Lider \u015eahin&#8217;in oyuncu Demet \u00d6zdemir ile a\u015fk ya\u015fad\u0131\u011f\u0131na dair 2014 y\u0131l\u0131nda \u00e7ekilmi\u015f bir foto\u011fraf ortaya \u00e7\u0131kt\u0131.<\/p>\n<p dir=\"ltr\"><img loading=\"lazy\" class=\"alignnone size-full wp-image-43583\" src=\"http:\/\/nasimword.ir\/wp-content\/uploads\/2019\/08\/qapa-dOxq_cover.jpg\" alt=\"\" width=\"649\" height=\"365\" srcset=\"https:\/\/nasimword.ir\/wp-content\/uploads\/2019\/08\/qapa-dOxq_cover.jpg 649w, https:\/\/nasimword.ir\/wp-content\/uploads\/2019\/08\/qapa-dOxq_cover-300x169.jpg 300w, https:\/\/nasimword.ir\/wp-content\/uploads\/2019\/08\/qapa-dOxq_cover-390x220.jpg 390w\" sizes=\"(max-width: 649px) 100vw, 649px\" \/><\/p>\n<p dir=\"ltr\">Usta sanat\u00e7\u0131 Selami \u015eahin ile Didem \u015eahin&#8217;in o\u011flu Lider \u015eahin&#8217;in bir d\u00f6nem oyuncu Demet \u00d6zdemir ile a\u015fk ya\u015fad\u0131\u011f\u0131 ortaya \u00e7\u0131kt\u0131.<\/p>\n<p dir=\"ltr\">Kanal D ekranlar\u0131nda yay\u0131nlanan 2. Sayfa program\u0131n\u0131n canl\u0131 yay\u0131n\u0131nda, Demet \u00d6zdemir ile Lider \u015eahin&#8217;in annesi Didem \u015eahin&#8217;in foto\u011fraf\u0131 ekrana geldi.<\/p>\n<p dir=\"ltr\">\n<p dir=\"ltr\">\n","protected":false},"excerpt":{"rendered":"<p>Selami \u015eahin&#8217;in o\u011flu Lider \u015eahin&#8217;in oyuncu Demet \u00d6zdemir ile a\u015fk ya\u015fad\u0131\u011f\u0131na dair 2014 y\u0131l\u0131nda \u00e7ekilmi\u015f bir foto\u011fraf ortaya \u00e7\u0131kt\u0131. Usta sanat\u00e7\u0131 Selami \u015eahin ile Didem \u015eahin&#8217;in o\u011flu Lider \u015eahin&#8217;in bir d\u00f6nem oyuncu Demet \u00d6zdemir ile a\u015fk ya\u015fad\u0131\u011f\u0131 ortaya \u00e7\u0131kt\u0131. Kanal D ekranlar\u0131nda yay\u0131nlanan 2. Sayfa program\u0131n\u0131n canl\u0131 yay\u0131n\u0131nda, Demet \u00d6zdemir ile Lider \u015eahin&#8217;in annesi Didem &hellip;<\/p>\n","protected":false},"author":22,"featured_media":43583,"comment_status":"open","ping_status":"open","sticky":false,"template":"","format":"standard","meta":[],"categories":[14058,5955,11183],"tags":[],"yoast_head":"<!-- This site is optimized with the Yoast SEO plugin v18.3 - https:\/\/yoast.com\/wordpress\/plugins\/seo\/ -->\n<title>\u0130\u015fte Lider \u015eahin ile Demet \u00d6zdemir a\u015fk\u0131n\u0131n kan\u0131t\u0131! - Nasim Word<\/title>\n<meta name=\"robots\" content=\"index, follow, max-snippet:-1, max-image-preview:large, max-video-preview:-1\" \/>\n<link rel=\"canonical\" href=\"https:\/\/nasimword.ir\/?p=43581&#038;lang=tr\" \/>\n<meta property=\"og:locale\" content=\"fa_IR\" \/>\n<meta property=\"og:type\" content=\"article\" \/>\n<meta property=\"og:title\" content=\"\u0130\u015fte Lider \u015eahin ile Demet \u00d6zdemir a\u015fk\u0131n\u0131n kan\u0131t\u0131! - Nasim Word\" \/>\n<meta property=\"og:description\" content=\"Selami \u015eahin&#8217;in o\u011flu Lider \u015eahin&#8217;in oyuncu Demet \u00d6zdemir ile a\u015fk ya\u015fad\u0131\u011f\u0131na dair 2014 y\u0131l\u0131nda \u00e7ekilmi\u015f bir foto\u011fraf ortaya \u00e7\u0131kt\u0131. Usta sanat\u00e7\u0131 Selami \u015eahin ile Didem \u015eahin&#8217;in o\u011flu Lider \u015eahin&#8217;in bir d\u00f6nem oyuncu Demet \u00d6zdemir ile a\u015fk ya\u015fad\u0131\u011f\u0131 ortaya \u00e7\u0131kt\u0131. Kanal D ekranlar\u0131nda yay\u0131nlanan 2. Sayfa program\u0131n\u0131n canl\u0131 yay\u0131n\u0131nda, Demet \u00d6zdemir ile Lider \u015eahin&#8217;in annesi Didem &hellip;\" \/>\n<meta property=\"og:url\" content=\"https:\/\/nasimword.ir\/?p=43581&amp;lang=tr\" \/>\n<meta property=\"og:site_name\" content=\"Nasim Word\" \/>\n<meta property=\"article:published_time\" content=\"2019-08-10T15:03:25+00:00\" \/>\n<meta property=\"og:image\" content=\"https:\/\/nasimword.ir\/wp-content\/uploads\/2019\/08\/qapa-dOxq_cover.jpg\" \/>\n\t<meta property=\"og:image:width\" content=\"649\" \/>\n\t<meta property=\"og:image:height\" content=\"365\" \/>\n\t<meta property=\"og:image:type\" content=\"image\/jpeg\" \/>\n<meta name=\"twitter:card\" content=\"summary\" \/>\n<meta name=\"twitter:label1\" content=\"\u0646\u0648\u0634\u062a\u0647\u200c\u0634\u062f\u0647 \u0628\u062f\u0633\u062a\" \/>\n\t<meta name=\"twitter:data1\" content=\"somaye\" \/>\n<script type=\"application\/ld+json\" class=\"yoast-schema-graph\">{\"@context\":\"https:\/\/schema.org\",\"@graph\":[{\"@type\":\"WebSite\",\"@id\":\"https:\/\/nasimword.ir\/#website\",\"url\":\"https:\/\/nasimword.ir\/\",\"name\":\"Nasim Word\",\"description\":\"\u067e\u0648\u0631\u062a\u0627\u0644 \u062e\u0628\u0631\u06cc \u0648 \u062a\u062d\u0644\u06cc\u0644\u06cc \u0646\u0633\u06cc\u0645\",\"potentialAction\":[{\"@type\":\"SearchAction\",\"target\":{\"@type\":\"EntryPoint\",\"urlTemplate\":\"https:\/\/nasimword.ir\/?s={search_term_string}\"},\"query-input\":\"required name=search_term_string\"}],\"inLanguage\":\"fa-IR\"},{\"@type\":\"ImageObject\",\"@id\":\"https:\/\/nasimword.ir\/?p=43581&lang=tr#primaryimage\",\"inLanguage\":\"fa-IR\",\"url\":\"https:\/\/nasimword.ir\/wp-content\/uploads\/2019\/08\/qapa-dOxq_cover.jpg\",\"contentUrl\":\"https:\/\/nasimword.ir\/wp-content\/uploads\/2019\/08\/qapa-dOxq_cover.jpg\",\"width\":649,\"height\":365},{\"@type\":\"WebPage\",\"@id\":\"https:\/\/nasimword.ir\/?p=43581&lang=tr#webpage\",\"url\":\"https:\/\/nasimword.ir\/?p=43581&lang=tr\",\"name\":\"\u0130\u015fte Lider \u015eahin ile Demet \u00d6zdemir a\u015fk\u0131n\u0131n kan\u0131t\u0131! - Nasim Word\",\"isPartOf\":{\"@id\":\"https:\/\/nasimword.ir\/#website\"},\"primaryImageOfPage\":{\"@id\":\"https:\/\/nasimword.ir\/?p=43581&lang=tr#primaryimage\"},\"datePublished\":\"2019-08-10T15:03:25+00:00\",\"dateModified\":\"2019-08-10T15:03:25+00:00\",\"author\":{\"@id\":\"https:\/\/nasimword.ir\/#\/schema\/person\/4c5a701cb6f5716f361e924d0581801e\"},\"breadcrumb\":{\"@id\":\"https:\/\/nasimword.ir\/?p=43581&lang=tr#breadcrumb\"},\"inLanguage\":\"fa-IR\",\"potentialAction\":[{\"@type\":\"ReadAction\",\"target\":[\"https:\/\/nasimword.ir\/?p=43581&lang=tr\"]}]},{\"@type\":\"BreadcrumbList\",\"@id\":\"https:\/\/nasimword.ir\/?p=43581&lang=tr#breadcrumb\",\"itemListElement\":[{\"@type\":\"ListItem\",\"position\":1,\"name\":\"\u062e\u0627\u0646\u0647\",\"item\":\"https:\/\/nasimword.ir\/\"},{\"@type\":\"ListItem\",\"position\":2,\"name\":\"\u0130\u015fte Lider \u015eahin ile Demet \u00d6zdemir a\u015fk\u0131n\u0131n kan\u0131t\u0131!\"}]},{\"@type\":\"Person\",\"@id\":\"https:\/\/nasimword.ir\/#\/schema\/person\/4c5a701cb6f5716f361e924d0581801e\",\"name\":\"somaye\",\"image\":{\"@type\":\"ImageObject\",\"@id\":\"https:\/\/nasimword.ir\/#personlogo\",\"inLanguage\":\"fa-IR\",\"url\":\"https:\/\/secure.gravatar.com\/avatar\/1969d108d4e14d828407b1c82e2f7dab?s=96&d=mm&r=g\",\"contentUrl\":\"https:\/\/secure.gravatar.com\/avatar\/1969d108d4e14d828407b1c82e2f7dab?s=96&d=mm&r=g\",\"caption\":\"somaye\"},\"url\":\"https:\/\/nasimword.ir\/?author=22\"}]}<\/script>\n<!-- \/ Yoast SEO plugin. -->","yoast_head_json":{"title":"\u0130\u015fte Lider \u015eahin ile Demet \u00d6zdemir a\u015fk\u0131n\u0131n kan\u0131t\u0131! - Nasim Word","robots":{"index":"index","follow":"follow","max-snippet":"max-snippet:-1","max-image-preview":"max-image-preview:large","max-video-preview":"max-video-preview:-1"},"canonical":"https:\/\/nasimword.ir\/?p=43581&lang=tr","og_locale":"fa_IR","og_type":"article","og_title":"\u0130\u015fte Lider \u015eahin ile Demet \u00d6zdemir a\u015fk\u0131n\u0131n kan\u0131t\u0131! - Nasim Word","og_description":"Selami \u015eahin&#8217;in o\u011flu Lider \u015eahin&#8217;in oyuncu Demet \u00d6zdemir ile a\u015fk ya\u015fad\u0131\u011f\u0131na dair 2014 y\u0131l\u0131nda \u00e7ekilmi\u015f bir foto\u011fraf ortaya \u00e7\u0131kt\u0131. Usta sanat\u00e7\u0131 Selami \u015eahin ile Didem \u015eahin&#8217;in o\u011flu Lider \u015eahin&#8217;in bir d\u00f6nem oyuncu Demet \u00d6zdemir ile a\u015fk ya\u015fad\u0131\u011f\u0131 ortaya \u00e7\u0131kt\u0131. Kanal D ekranlar\u0131nda yay\u0131nlanan 2. Sayfa program\u0131n\u0131n canl\u0131 yay\u0131n\u0131nda, Demet \u00d6zdemir ile Lider \u015eahin&#8217;in annesi Didem &hellip;","og_url":"https:\/\/nasimword.ir\/?p=43581&lang=tr","og_site_name":"Nasim Word","article_published_time":"2019-08-10T15:03:25+00:00","og_image":[{"width":649,"height":365,"url":"https:\/\/nasimword.ir\/wp-content\/uploads\/2019\/08\/qapa-dOxq_cover.jpg","type":"image\/jpeg"}],"twitter_card":"summary","twitter_misc":{"\u0646\u0648\u0634\u062a\u0647\u200c\u0634\u062f\u0647 \u0628\u062f\u0633\u062a":"somaye"},"schema":{"@context":"https:\/\/schema.org","@graph":[{"@type":"WebSite","@id":"https:\/\/nasimword.ir\/#website","url":"https:\/\/nasimword.ir\/","name":"Nasim Word","description":"\u067e\u0648\u0631\u062a\u0627\u0644 \u062e\u0628\u0631\u06cc \u0648 \u062a\u062d\u0644\u06cc\u0644\u06cc \u0646\u0633\u06cc\u0645","potentialAction":[{"@type":"SearchAction","target":{"@type":"EntryPoint","urlTemplate":"https:\/\/nasimword.ir\/?s={search_term_string}"},"query-input":"required name=search_term_string"}],"inLanguage":"fa-IR"},{"@type":"ImageObject","@id":"https:\/\/nasimword.ir\/?p=43581&lang=tr#primaryimage","inLanguage":"fa-IR","url":"https:\/\/nasimword.ir\/wp-content\/uploads\/2019\/08\/qapa-dOxq_cover.jpg","contentUrl":"https:\/\/nasimword.ir\/wp-content\/uploads\/2019\/08\/qapa-dOxq_cover.jpg","width":649,"height":365},{"@type":"WebPage","@id":"https:\/\/nasimword.ir\/?p=43581&lang=tr#webpage","url":"https:\/\/nasimword.ir\/?p=43581&lang=tr","name":"\u0130\u015fte Lider \u015eahin ile Demet \u00d6zdemir a\u015fk\u0131n\u0131n kan\u0131t\u0131! - Nasim Word","isPartOf":{"@id":"https:\/\/nasimword.ir\/#website"},"primaryImageOfPage":{"@id":"https:\/\/nasimword.ir\/?p=43581&lang=tr#primaryimage"},"datePublished":"2019-08-10T15:03:25+00:00","dateModified":"2019-08-10T15:03:25+00:00","author":{"@id":"https:\/\/nasimword.ir\/#\/schema\/person\/4c5a701cb6f5716f361e924d0581801e"},"breadcrumb":{"@id":"https:\/\/nasimword.ir\/?p=43581&lang=tr#breadcrumb"},"inLanguage":"fa-IR","potentialAction":[{"@type":"ReadAction","target":["https:\/\/nasimword.ir\/?p=43581&lang=tr"]}]},{"@type":"BreadcrumbList","@id":"https:\/\/nasimword.ir\/?p=43581&lang=tr#breadcrumb","itemListElement":[{"@type":"ListItem","position":1,"name":"\u062e\u0627\u0646\u0647","item":"https:\/\/nasimword.ir\/"},{"@type":"ListItem","position":2,"name":"\u0130\u015fte Lider \u015eahin ile Demet \u00d6zdemir a\u015fk\u0131n\u0131n kan\u0131t\u0131!"}]},{"@type":"Person","@id":"https:\/\/nasimword.ir\/#\/schema\/person\/4c5a701cb6f5716f361e924d0581801e","name":"somaye","image":{"@type":"ImageObject","@id":"https:\/\/nasimword.ir\/#personlogo","inLanguage":"fa-IR","url":"https:\/\/secure.gravatar.com\/avatar\/1969d108d4e14d828407b1c82e2f7dab?s=96&d=mm&r=g","contentUrl":"https:\/\/secure.gravatar.com\/avatar\/1969d108d4e14d828407b1c82e2f7dab?s=96&d=mm&r=g","caption":"somaye"},"url":"https:\/\/nasimword.ir\/?author=22"}]}},"_links":{"self":[{"href":"https:\/\/nasimword.ir\/index.php?rest_route=\/wp\/v2\/posts\/43581"}],"collection":[{"href":"https:\/\/nasimword.ir\/index.php?rest_route=\/wp\/v2\/posts"}],"about":[{"href":"https:\/\/nasimword.ir\/index.php?rest_route=\/wp\/v2\/types\/post"}],"author":[{"embeddable":true,"href":"https:\/\/nasimword.ir\/index.php?rest_route=\/wp\/v2\/users\/22"}],"replies":[{"embeddable":true,"href":"https:\/\/nasimword.ir\/index.php?rest_route=%2Fwp%2Fv2%2Fcomments&post=43581"}],"version-history":[{"count":0,"href":"https:\/\/nasimword.ir\/index.php?rest_route=\/wp\/v2\/posts\/43581\/revisions"}],"wp:featuredmedia":[{"embeddable":true,"href":"https:\/\/nasimword.ir\/index.php?rest_route=\/wp\/v2\/media\/43583"}],"wp:attachment":[{"href":"https:\/\/nasimword.ir\/index.php?rest_route=%2Fwp%2Fv2%2Fmedia&parent=43581"}],"wp:term":[{"taxonomy":"category","embeddable":true,"href":"https:\/\/nasimword.ir\/index.php?rest_route=%2Fwp%2Fv2%2Fcategories&post=43581"},{"taxonomy":"post_tag","embeddable":true,"href":"https:\/\/nasimword.ir\/index.php?rest_route=%2Fwp%2Fv2%2Ftags&post=43581"}],"curies":[{"name":"wp","href":"https:\/\/api.w.org\/{rel}","templated":true}]}}