{"id":43646,"date":"2019-08-12T16:54:19","date_gmt":"2019-08-12T12:24:19","guid":{"rendered":"http:\/\/nasimword.ir\/?p=43646"},"modified":"2019-08-12T16:54:19","modified_gmt":"2019-08-12T12:24:19","slug":"sevgilisiyle-ilk-kez-fotograf-paylasti","status":"publish","type":"post","link":"https:\/\/nasimword.ir\/?p=43646&lang=tr","title":{"rendered":"Sevgilisiyle ilk kez foto\u011fraf payla\u015ft\u0131!"},"content":{"rendered":"<p dir=\"ltr\">Oyuncu Sarp Levendo\u011flu, kendisi gibi oyuncu sevgilisi Derya \u015eensoy ile a\u015fklar\u0131n\u0131 g\u00f6zlerden uzak ya\u015famay\u0131 tercih ediyordu. Levendo\u011flu, \u015eensoy ile birlikte foto\u011fraf\u0131n\u0131 ilk kez sosyal medya hesab\u0131ndan payla\u015ft\u0131.<\/p>\n<p dir=\"ltr\"><img loading=\"lazy\" class=\"alignnone size-full wp-image-43647\" src=\"http:\/\/nasimword.ir\/wp-content\/uploads\/2019\/08\/uytrd-gbRX_cover.png\" alt=\"\" width=\"649\" height=\"365\" srcset=\"https:\/\/nasimword.ir\/wp-content\/uploads\/2019\/08\/uytrd-gbRX_cover.png 649w, https:\/\/nasimword.ir\/wp-content\/uploads\/2019\/08\/uytrd-gbRX_cover-300x169.png 300w, https:\/\/nasimword.ir\/wp-content\/uploads\/2019\/08\/uytrd-gbRX_cover-390x220.png 390w\" sizes=\"(max-width: 649px) 100vw, 649px\" \/><\/p>\n<p dir=\"ltr\">Birce Akalay ile bo\u015fand\u0131ktan sonra Derya \u015eensoy ile yeni bir a\u015fka yelken a\u00e7an oyuncu Sarp Levendo\u011flu pek payla\u015f\u0131m yapmayarak a\u015fk\u0131n\u0131 g\u00f6zlerden uzak ya\u015famay\u0131 tercih ediyordu.<\/p>\n<p dir=\"ltr\">Levendo\u011flu, kendisi gibi oyuncu olan sevgilisi Derya \u015eensoy ile ilk defa bir payla\u015f\u0131m yapt\u0131. Sarp Levendo\u011flu, Derya \u015eensoy ile birlikte \u00e7ekildi\u011fi foto\u011fraf\u0131, \u201c \u0130yi bayramlar\u201d notuyla Instagram hesab\u0131ndan payla\u015ft\u0131.<\/p>\n","protected":false},"excerpt":{"rendered":"<p>Oyuncu Sarp Levendo\u011flu, kendisi gibi oyuncu sevgilisi Derya \u015eensoy ile a\u015fklar\u0131n\u0131 g\u00f6zlerden uzak ya\u015famay\u0131 tercih ediyordu. Levendo\u011flu, \u015eensoy ile birlikte foto\u011fraf\u0131n\u0131 ilk kez sosyal medya hesab\u0131ndan payla\u015ft\u0131. Birce Akalay ile bo\u015fand\u0131ktan sonra Derya \u015eensoy ile yeni bir a\u015fka yelken a\u00e7an oyuncu Sarp Levendo\u011flu pek payla\u015f\u0131m yapmayarak a\u015fk\u0131n\u0131 g\u00f6zlerden uzak ya\u015famay\u0131 tercih ediyordu. Levendo\u011flu, kendisi gibi &hellip;<\/p>\n","protected":false},"author":22,"featured_media":43647,"comment_status":"open","ping_status":"open","sticky":false,"template":"","format":"standard","meta":[],"categories":[14058,5955,11183],"tags":[],"yoast_head":"<!-- This site is optimized with the Yoast SEO plugin v18.3 - https:\/\/yoast.com\/wordpress\/plugins\/seo\/ -->\n<title>Sevgilisiyle ilk kez foto\u011fraf payla\u015ft\u0131! - Nasim Word<\/title>\n<meta name=\"robots\" content=\"index, follow, max-snippet:-1, max-image-preview:large, max-video-preview:-1\" \/>\n<link rel=\"canonical\" href=\"https:\/\/nasimword.ir\/?p=43646&#038;lang=tr\" \/>\n<meta property=\"og:locale\" content=\"fa_IR\" \/>\n<meta property=\"og:type\" content=\"article\" \/>\n<meta property=\"og:title\" content=\"Sevgilisiyle ilk kez foto\u011fraf payla\u015ft\u0131! - Nasim Word\" \/>\n<meta property=\"og:description\" content=\"Oyuncu Sarp Levendo\u011flu, kendisi gibi oyuncu sevgilisi Derya \u015eensoy ile a\u015fklar\u0131n\u0131 g\u00f6zlerden uzak ya\u015famay\u0131 tercih ediyordu. Levendo\u011flu, \u015eensoy ile birlikte foto\u011fraf\u0131n\u0131 ilk kez sosyal medya hesab\u0131ndan payla\u015ft\u0131. Birce Akalay ile bo\u015fand\u0131ktan sonra Derya \u015eensoy ile yeni bir a\u015fka yelken a\u00e7an oyuncu Sarp Levendo\u011flu pek payla\u015f\u0131m yapmayarak a\u015fk\u0131n\u0131 g\u00f6zlerden uzak ya\u015famay\u0131 tercih ediyordu. Levendo\u011flu, kendisi gibi &hellip;\" \/>\n<meta property=\"og:url\" content=\"https:\/\/nasimword.ir\/?p=43646&amp;lang=tr\" \/>\n<meta property=\"og:site_name\" content=\"Nasim Word\" \/>\n<meta property=\"article:published_time\" content=\"2019-08-12T12:24:19+00:00\" \/>\n<meta property=\"og:image\" content=\"https:\/\/nasimword.ir\/wp-content\/uploads\/2019\/08\/uytrd-gbRX_cover.png\" \/>\n\t<meta property=\"og:image:width\" content=\"649\" \/>\n\t<meta property=\"og:image:height\" content=\"365\" \/>\n\t<meta property=\"og:image:type\" content=\"image\/png\" \/>\n<meta name=\"twitter:card\" content=\"summary\" \/>\n<meta name=\"twitter:label1\" content=\"\u0646\u0648\u0634\u062a\u0647\u200c\u0634\u062f\u0647 \u0628\u062f\u0633\u062a\" \/>\n\t<meta name=\"twitter:data1\" content=\"somaye\" \/>\n\t<meta name=\"twitter:label2\" content=\"\u0632\u0645\u0627\u0646 \u062a\u0642\u0631\u06cc\u0628\u06cc \u0628\u0631\u0627\u06cc \u062e\u0648\u0627\u0646\u062f\u0646\" \/>\n\t<meta name=\"twitter:data2\" content=\"1 \u062f\u0642\u06cc\u0642\u0647\" \/>\n<script type=\"application\/ld+json\" class=\"yoast-schema-graph\">{\"@context\":\"https:\/\/schema.org\",\"@graph\":[{\"@type\":\"WebSite\",\"@id\":\"https:\/\/nasimword.ir\/#website\",\"url\":\"https:\/\/nasimword.ir\/\",\"name\":\"Nasim Word\",\"description\":\"\u067e\u0648\u0631\u062a\u0627\u0644 \u062e\u0628\u0631\u06cc \u0648 \u062a\u062d\u0644\u06cc\u0644\u06cc \u0646\u0633\u06cc\u0645\",\"potentialAction\":[{\"@type\":\"SearchAction\",\"target\":{\"@type\":\"EntryPoint\",\"urlTemplate\":\"https:\/\/nasimword.ir\/?s={search_term_string}\"},\"query-input\":\"required name=search_term_string\"}],\"inLanguage\":\"fa-IR\"},{\"@type\":\"ImageObject\",\"@id\":\"https:\/\/nasimword.ir\/?p=43646&lang=tr#primaryimage\",\"inLanguage\":\"fa-IR\",\"url\":\"https:\/\/nasimword.ir\/wp-content\/uploads\/2019\/08\/uytrd-gbRX_cover.png\",\"contentUrl\":\"https:\/\/nasimword.ir\/wp-content\/uploads\/2019\/08\/uytrd-gbRX_cover.png\",\"width\":649,\"height\":365},{\"@type\":\"WebPage\",\"@id\":\"https:\/\/nasimword.ir\/?p=43646&lang=tr#webpage\",\"url\":\"https:\/\/nasimword.ir\/?p=43646&lang=tr\",\"name\":\"Sevgilisiyle ilk kez foto\u011fraf payla\u015ft\u0131! - Nasim Word\",\"isPartOf\":{\"@id\":\"https:\/\/nasimword.ir\/#website\"},\"primaryImageOfPage\":{\"@id\":\"https:\/\/nasimword.ir\/?p=43646&lang=tr#primaryimage\"},\"datePublished\":\"2019-08-12T12:24:19+00:00\",\"dateModified\":\"2019-08-12T12:24:19+00:00\",\"author\":{\"@id\":\"https:\/\/nasimword.ir\/#\/schema\/person\/4c5a701cb6f5716f361e924d0581801e\"},\"breadcrumb\":{\"@id\":\"https:\/\/nasimword.ir\/?p=43646&lang=tr#breadcrumb\"},\"inLanguage\":\"fa-IR\",\"potentialAction\":[{\"@type\":\"ReadAction\",\"target\":[\"https:\/\/nasimword.ir\/?p=43646&lang=tr\"]}]},{\"@type\":\"BreadcrumbList\",\"@id\":\"https:\/\/nasimword.ir\/?p=43646&lang=tr#breadcrumb\",\"itemListElement\":[{\"@type\":\"ListItem\",\"position\":1,\"name\":\"\u062e\u0627\u0646\u0647\",\"item\":\"https:\/\/nasimword.ir\/\"},{\"@type\":\"ListItem\",\"position\":2,\"name\":\"Sevgilisiyle ilk kez foto\u011fraf payla\u015ft\u0131!\"}]},{\"@type\":\"Person\",\"@id\":\"https:\/\/nasimword.ir\/#\/schema\/person\/4c5a701cb6f5716f361e924d0581801e\",\"name\":\"somaye\",\"image\":{\"@type\":\"ImageObject\",\"@id\":\"https:\/\/nasimword.ir\/#personlogo\",\"inLanguage\":\"fa-IR\",\"url\":\"https:\/\/secure.gravatar.com\/avatar\/1969d108d4e14d828407b1c82e2f7dab?s=96&d=mm&r=g\",\"contentUrl\":\"https:\/\/secure.gravatar.com\/avatar\/1969d108d4e14d828407b1c82e2f7dab?s=96&d=mm&r=g\",\"caption\":\"somaye\"},\"url\":\"https:\/\/nasimword.ir\/?author=22\"}]}<\/script>\n<!-- \/ Yoast SEO plugin. -->","yoast_head_json":{"title":"Sevgilisiyle ilk kez foto\u011fraf payla\u015ft\u0131! - Nasim Word","robots":{"index":"index","follow":"follow","max-snippet":"max-snippet:-1","max-image-preview":"max-image-preview:large","max-video-preview":"max-video-preview:-1"},"canonical":"https:\/\/nasimword.ir\/?p=43646&lang=tr","og_locale":"fa_IR","og_type":"article","og_title":"Sevgilisiyle ilk kez foto\u011fraf payla\u015ft\u0131! - Nasim Word","og_description":"Oyuncu Sarp Levendo\u011flu, kendisi gibi oyuncu sevgilisi Derya \u015eensoy ile a\u015fklar\u0131n\u0131 g\u00f6zlerden uzak ya\u015famay\u0131 tercih ediyordu. Levendo\u011flu, \u015eensoy ile birlikte foto\u011fraf\u0131n\u0131 ilk kez sosyal medya hesab\u0131ndan payla\u015ft\u0131. Birce Akalay ile bo\u015fand\u0131ktan sonra Derya \u015eensoy ile yeni bir a\u015fka yelken a\u00e7an oyuncu Sarp Levendo\u011flu pek payla\u015f\u0131m yapmayarak a\u015fk\u0131n\u0131 g\u00f6zlerden uzak ya\u015famay\u0131 tercih ediyordu. Levendo\u011flu, kendisi gibi &hellip;","og_url":"https:\/\/nasimword.ir\/?p=43646&lang=tr","og_site_name":"Nasim Word","article_published_time":"2019-08-12T12:24:19+00:00","og_image":[{"width":649,"height":365,"url":"https:\/\/nasimword.ir\/wp-content\/uploads\/2019\/08\/uytrd-gbRX_cover.png","type":"image\/png"}],"twitter_card":"summary","twitter_misc":{"\u0646\u0648\u0634\u062a\u0647\u200c\u0634\u062f\u0647 \u0628\u062f\u0633\u062a":"somaye","\u0632\u0645\u0627\u0646 \u062a\u0642\u0631\u06cc\u0628\u06cc \u0628\u0631\u0627\u06cc \u062e\u0648\u0627\u0646\u062f\u0646":"1 \u062f\u0642\u06cc\u0642\u0647"},"schema":{"@context":"https:\/\/schema.org","@graph":[{"@type":"WebSite","@id":"https:\/\/nasimword.ir\/#website","url":"https:\/\/nasimword.ir\/","name":"Nasim Word","description":"\u067e\u0648\u0631\u062a\u0627\u0644 \u062e\u0628\u0631\u06cc \u0648 \u062a\u062d\u0644\u06cc\u0644\u06cc \u0646\u0633\u06cc\u0645","potentialAction":[{"@type":"SearchAction","target":{"@type":"EntryPoint","urlTemplate":"https:\/\/nasimword.ir\/?s={search_term_string}"},"query-input":"required name=search_term_string"}],"inLanguage":"fa-IR"},{"@type":"ImageObject","@id":"https:\/\/nasimword.ir\/?p=43646&lang=tr#primaryimage","inLanguage":"fa-IR","url":"https:\/\/nasimword.ir\/wp-content\/uploads\/2019\/08\/uytrd-gbRX_cover.png","contentUrl":"https:\/\/nasimword.ir\/wp-content\/uploads\/2019\/08\/uytrd-gbRX_cover.png","width":649,"height":365},{"@type":"WebPage","@id":"https:\/\/nasimword.ir\/?p=43646&lang=tr#webpage","url":"https:\/\/nasimword.ir\/?p=43646&lang=tr","name":"Sevgilisiyle ilk kez foto\u011fraf payla\u015ft\u0131! - Nasim Word","isPartOf":{"@id":"https:\/\/nasimword.ir\/#website"},"primaryImageOfPage":{"@id":"https:\/\/nasimword.ir\/?p=43646&lang=tr#primaryimage"},"datePublished":"2019-08-12T12:24:19+00:00","dateModified":"2019-08-12T12:24:19+00:00","author":{"@id":"https:\/\/nasimword.ir\/#\/schema\/person\/4c5a701cb6f5716f361e924d0581801e"},"breadcrumb":{"@id":"https:\/\/nasimword.ir\/?p=43646&lang=tr#breadcrumb"},"inLanguage":"fa-IR","potentialAction":[{"@type":"ReadAction","target":["https:\/\/nasimword.ir\/?p=43646&lang=tr"]}]},{"@type":"BreadcrumbList","@id":"https:\/\/nasimword.ir\/?p=43646&lang=tr#breadcrumb","itemListElement":[{"@type":"ListItem","position":1,"name":"\u062e\u0627\u0646\u0647","item":"https:\/\/nasimword.ir\/"},{"@type":"ListItem","position":2,"name":"Sevgilisiyle ilk kez foto\u011fraf payla\u015ft\u0131!"}]},{"@type":"Person","@id":"https:\/\/nasimword.ir\/#\/schema\/person\/4c5a701cb6f5716f361e924d0581801e","name":"somaye","image":{"@type":"ImageObject","@id":"https:\/\/nasimword.ir\/#personlogo","inLanguage":"fa-IR","url":"https:\/\/secure.gravatar.com\/avatar\/1969d108d4e14d828407b1c82e2f7dab?s=96&d=mm&r=g","contentUrl":"https:\/\/secure.gravatar.com\/avatar\/1969d108d4e14d828407b1c82e2f7dab?s=96&d=mm&r=g","caption":"somaye"},"url":"https:\/\/nasimword.ir\/?author=22"}]}},"_links":{"self":[{"href":"https:\/\/nasimword.ir\/index.php?rest_route=\/wp\/v2\/posts\/43646"}],"collection":[{"href":"https:\/\/nasimword.ir\/index.php?rest_route=\/wp\/v2\/posts"}],"about":[{"href":"https:\/\/nasimword.ir\/index.php?rest_route=\/wp\/v2\/types\/post"}],"author":[{"embeddable":true,"href":"https:\/\/nasimword.ir\/index.php?rest_route=\/wp\/v2\/users\/22"}],"replies":[{"embeddable":true,"href":"https:\/\/nasimword.ir\/index.php?rest_route=%2Fwp%2Fv2%2Fcomments&post=43646"}],"version-history":[{"count":0,"href":"https:\/\/nasimword.ir\/index.php?rest_route=\/wp\/v2\/posts\/43646\/revisions"}],"wp:featuredmedia":[{"embeddable":true,"href":"https:\/\/nasimword.ir\/index.php?rest_route=\/wp\/v2\/media\/43647"}],"wp:attachment":[{"href":"https:\/\/nasimword.ir\/index.php?rest_route=%2Fwp%2Fv2%2Fmedia&parent=43646"}],"wp:term":[{"taxonomy":"category","embeddable":true,"href":"https:\/\/nasimword.ir\/index.php?rest_route=%2Fwp%2Fv2%2Fcategories&post=43646"},{"taxonomy":"post_tag","embeddable":true,"href":"https:\/\/nasimword.ir\/index.php?rest_route=%2Fwp%2Fv2%2Ftags&post=43646"}],"curies":[{"name":"wp","href":"https:\/\/api.w.org\/{rel}","templated":true}]}}