{"id":44567,"date":"2019-08-28T18:47:05","date_gmt":"2019-08-28T14:17:05","guid":{"rendered":"http:\/\/nasimword.ir\/?p=44567"},"modified":"2019-08-28T18:47:05","modified_gmt":"2019-08-28T14:17:05","slug":"unlu-isimlerin-italya-macerasi","status":"publish","type":"post","link":"https:\/\/nasimword.ir\/?p=44567&lang=tr","title":{"rendered":"\u00dcnl\u00fc isimlerin \u0130talya maceras\u0131"},"content":{"rendered":"<p dir=\"ltr\">\u015eark\u0131c\u0131 Selin Ci\u011ferci, yak\u0131n dostu Demet Akal\u0131n&#8217;\u0131n iste\u011fi \u00fczerine \u0130talya&#8217;da \u00e7i\u011f bal\u0131k yedi.<\/p>\n<p dir=\"ltr\"><img loading=\"lazy\" class=\"alignnone size-full wp-image-44568\" src=\"http:\/\/nasimword.ir\/wp-content\/uploads\/2019\/08\/asdasd-zSjc_cover.jpg\" alt=\"\" width=\"649\" height=\"365\" srcset=\"https:\/\/nasimword.ir\/wp-content\/uploads\/2019\/08\/asdasd-zSjc_cover.jpg 649w, https:\/\/nasimword.ir\/wp-content\/uploads\/2019\/08\/asdasd-zSjc_cover-300x169.jpg 300w, https:\/\/nasimword.ir\/wp-content\/uploads\/2019\/08\/asdasd-zSjc_cover-390x220.jpg 390w\" sizes=\"(max-width: 649px) 100vw, 649px\" \/><\/p>\n<p dir=\"ltr\">\u015eark\u0131c\u0131 Demet Akal\u0131n ve ile sosyal medya fenomeni Selin Ci\u011ferci, tatil i\u00e7in \u0130talya&#8217;ya gitti. Selin Ci\u011ferci, Demet Akal\u0131n&#8217;\u0131n iste\u011fi \u00fczerine &#8220;Asla yemem&#8221; dedi\u011fi \u00e7i\u011f bal\u0131\u011f\u0131 yedi.<\/p>\n<p dir=\"ltr\">G\u00fcn boyu d\u00fcnyaca \u00fcnl\u00fc markalar\u0131n ma\u011fazalar\u0131na giden ve al\u0131\u015fveri\u015f yapan ikili, ak\u015fam da Milano&#8217;daki l\u00fcks bir mekanda yemek yedi. Demet Akal\u0131n&#8217;\u0131 \u00e7ok sevdi\u011fini her f\u0131rsatta dile getiren Ci\u011ferci, dostu i\u00e7in \u00e7i\u011f bal\u0131k bile yedi. Instagram hesab\u0131ndan o anlar\u0131 payla\u015fan Akal\u0131n, &#8220;En g\u00fczel tatil arkada\u015f\u0131m, nereye g\u00f6t\u00fcrsem ne yedirsem asla hay\u0131r demiyor&#8221; dedi. Selin Ci\u011ferci de \u00e7ok sevdi\u011fi arkada\u015f\u0131n\u0131 k\u0131rmayarak hat\u0131r i\u00e7in \u00e7i\u011f bal\u0131k yedi.<\/p>\n<p dir=\"ltr\">DE\u011e\u0130\u015e\u0130M D\u0130KKAT \u00c7EKT\u0130<\/p>\n<p dir=\"ltr\">Demet Akal\u0131n&#8217;\u0131n bronz teni de takip\u00e7ilerinin g\u00f6z\u00fcnden ka\u00e7mad\u0131. Selin Ci\u011ferci ile \u00e7ektirdi\u011fi foto\u011fraftaki p\u00fcr\u00fczs\u00fcz ve ince g\u00f6r\u00fcnen y\u00fcz\u00fc dikkat \u00e7ekti. Y\u00fcz\u00fcndeki de\u011fi\u015fim hakk\u0131nda Instagram hesab\u0131ndan video payla\u015fan Akal\u0131n, &#8220;\u00c7e\u015fme&#8217;de yand\u0131m, Oran\u0131n g\u00fcne\u015fi bile farkl\u0131&#8221; dedi.<\/p>\n<p dir=\"ltr\">\n<p dir=\"ltr\">\n<p dir=\"ltr\">\n","protected":false},"excerpt":{"rendered":"<p>\u015eark\u0131c\u0131 Selin Ci\u011ferci, yak\u0131n dostu Demet Akal\u0131n&#8217;\u0131n iste\u011fi \u00fczerine \u0130talya&#8217;da \u00e7i\u011f bal\u0131k yedi. \u015eark\u0131c\u0131 Demet Akal\u0131n ve ile sosyal medya fenomeni Selin Ci\u011ferci, tatil i\u00e7in \u0130talya&#8217;ya gitti. Selin Ci\u011ferci, Demet Akal\u0131n&#8217;\u0131n iste\u011fi \u00fczerine &#8220;Asla yemem&#8221; dedi\u011fi \u00e7i\u011f bal\u0131\u011f\u0131 yedi. G\u00fcn boyu d\u00fcnyaca \u00fcnl\u00fc markalar\u0131n ma\u011fazalar\u0131na giden ve al\u0131\u015fveri\u015f yapan ikili, ak\u015fam da Milano&#8217;daki l\u00fcks bir &hellip;<\/p>\n","protected":false},"author":22,"featured_media":44568,"comment_status":"open","ping_status":"open","sticky":false,"template":"","format":"standard","meta":[],"categories":[14058,5955,11183],"tags":[],"yoast_head":"<!-- This site is optimized with the Yoast SEO plugin v18.3 - https:\/\/yoast.com\/wordpress\/plugins\/seo\/ -->\n<title>\u00dcnl\u00fc isimlerin \u0130talya maceras\u0131 - Nasim Word<\/title>\n<meta name=\"robots\" content=\"index, follow, max-snippet:-1, max-image-preview:large, max-video-preview:-1\" \/>\n<link rel=\"canonical\" href=\"https:\/\/nasimword.ir\/?p=44567&#038;lang=tr\" \/>\n<meta property=\"og:locale\" content=\"fa_IR\" \/>\n<meta property=\"og:type\" content=\"article\" \/>\n<meta property=\"og:title\" content=\"\u00dcnl\u00fc isimlerin \u0130talya maceras\u0131 - Nasim Word\" \/>\n<meta property=\"og:description\" content=\"\u015eark\u0131c\u0131 Selin Ci\u011ferci, yak\u0131n dostu Demet Akal\u0131n&#8217;\u0131n iste\u011fi \u00fczerine \u0130talya&#8217;da \u00e7i\u011f bal\u0131k yedi. \u015eark\u0131c\u0131 Demet Akal\u0131n ve ile sosyal medya fenomeni Selin Ci\u011ferci, tatil i\u00e7in \u0130talya&#8217;ya gitti. Selin Ci\u011ferci, Demet Akal\u0131n&#8217;\u0131n iste\u011fi \u00fczerine &#8220;Asla yemem&#8221; dedi\u011fi \u00e7i\u011f bal\u0131\u011f\u0131 yedi. G\u00fcn boyu d\u00fcnyaca \u00fcnl\u00fc markalar\u0131n ma\u011fazalar\u0131na giden ve al\u0131\u015fveri\u015f yapan ikili, ak\u015fam da Milano&#8217;daki l\u00fcks bir &hellip;\" \/>\n<meta property=\"og:url\" content=\"https:\/\/nasimword.ir\/?p=44567&amp;lang=tr\" \/>\n<meta property=\"og:site_name\" content=\"Nasim Word\" \/>\n<meta property=\"article:published_time\" content=\"2019-08-28T14:17:05+00:00\" \/>\n<meta property=\"og:image\" content=\"https:\/\/nasimword.ir\/wp-content\/uploads\/2019\/08\/asdasd-zSjc_cover.jpg\" \/>\n\t<meta property=\"og:image:width\" content=\"649\" \/>\n\t<meta property=\"og:image:height\" content=\"365\" \/>\n\t<meta property=\"og:image:type\" content=\"image\/jpeg\" \/>\n<meta name=\"twitter:card\" content=\"summary\" \/>\n<meta name=\"twitter:label1\" content=\"\u0646\u0648\u0634\u062a\u0647\u200c\u0634\u062f\u0647 \u0628\u062f\u0633\u062a\" \/>\n\t<meta name=\"twitter:data1\" content=\"somaye\" \/>\n\t<meta name=\"twitter:label2\" content=\"\u0632\u0645\u0627\u0646 \u062a\u0642\u0631\u06cc\u0628\u06cc \u0628\u0631\u0627\u06cc \u062e\u0648\u0627\u0646\u062f\u0646\" \/>\n\t<meta name=\"twitter:data2\" content=\"1 \u062f\u0642\u06cc\u0642\u0647\" \/>\n<script type=\"application\/ld+json\" class=\"yoast-schema-graph\">{\"@context\":\"https:\/\/schema.org\",\"@graph\":[{\"@type\":\"WebSite\",\"@id\":\"https:\/\/nasimword.ir\/#website\",\"url\":\"https:\/\/nasimword.ir\/\",\"name\":\"Nasim Word\",\"description\":\"\u067e\u0648\u0631\u062a\u0627\u0644 \u062e\u0628\u0631\u06cc \u0648 \u062a\u062d\u0644\u06cc\u0644\u06cc \u0646\u0633\u06cc\u0645\",\"potentialAction\":[{\"@type\":\"SearchAction\",\"target\":{\"@type\":\"EntryPoint\",\"urlTemplate\":\"https:\/\/nasimword.ir\/?s={search_term_string}\"},\"query-input\":\"required name=search_term_string\"}],\"inLanguage\":\"fa-IR\"},{\"@type\":\"ImageObject\",\"@id\":\"https:\/\/nasimword.ir\/?p=44567&lang=tr#primaryimage\",\"inLanguage\":\"fa-IR\",\"url\":\"https:\/\/nasimword.ir\/wp-content\/uploads\/2019\/08\/asdasd-zSjc_cover.jpg\",\"contentUrl\":\"https:\/\/nasimword.ir\/wp-content\/uploads\/2019\/08\/asdasd-zSjc_cover.jpg\",\"width\":649,\"height\":365},{\"@type\":\"WebPage\",\"@id\":\"https:\/\/nasimword.ir\/?p=44567&lang=tr#webpage\",\"url\":\"https:\/\/nasimword.ir\/?p=44567&lang=tr\",\"name\":\"\u00dcnl\u00fc isimlerin \u0130talya maceras\u0131 - Nasim Word\",\"isPartOf\":{\"@id\":\"https:\/\/nasimword.ir\/#website\"},\"primaryImageOfPage\":{\"@id\":\"https:\/\/nasimword.ir\/?p=44567&lang=tr#primaryimage\"},\"datePublished\":\"2019-08-28T14:17:05+00:00\",\"dateModified\":\"2019-08-28T14:17:05+00:00\",\"author\":{\"@id\":\"https:\/\/nasimword.ir\/#\/schema\/person\/4c5a701cb6f5716f361e924d0581801e\"},\"breadcrumb\":{\"@id\":\"https:\/\/nasimword.ir\/?p=44567&lang=tr#breadcrumb\"},\"inLanguage\":\"fa-IR\",\"potentialAction\":[{\"@type\":\"ReadAction\",\"target\":[\"https:\/\/nasimword.ir\/?p=44567&lang=tr\"]}]},{\"@type\":\"BreadcrumbList\",\"@id\":\"https:\/\/nasimword.ir\/?p=44567&lang=tr#breadcrumb\",\"itemListElement\":[{\"@type\":\"ListItem\",\"position\":1,\"name\":\"\u062e\u0627\u0646\u0647\",\"item\":\"https:\/\/nasimword.ir\/\"},{\"@type\":\"ListItem\",\"position\":2,\"name\":\"\u00dcnl\u00fc isimlerin \u0130talya maceras\u0131\"}]},{\"@type\":\"Person\",\"@id\":\"https:\/\/nasimword.ir\/#\/schema\/person\/4c5a701cb6f5716f361e924d0581801e\",\"name\":\"somaye\",\"image\":{\"@type\":\"ImageObject\",\"@id\":\"https:\/\/nasimword.ir\/#personlogo\",\"inLanguage\":\"fa-IR\",\"url\":\"https:\/\/secure.gravatar.com\/avatar\/1969d108d4e14d828407b1c82e2f7dab?s=96&d=mm&r=g\",\"contentUrl\":\"https:\/\/secure.gravatar.com\/avatar\/1969d108d4e14d828407b1c82e2f7dab?s=96&d=mm&r=g\",\"caption\":\"somaye\"},\"url\":\"https:\/\/nasimword.ir\/?author=22\"}]}<\/script>\n<!-- \/ Yoast SEO plugin. -->","yoast_head_json":{"title":"\u00dcnl\u00fc isimlerin \u0130talya maceras\u0131 - Nasim Word","robots":{"index":"index","follow":"follow","max-snippet":"max-snippet:-1","max-image-preview":"max-image-preview:large","max-video-preview":"max-video-preview:-1"},"canonical":"https:\/\/nasimword.ir\/?p=44567&lang=tr","og_locale":"fa_IR","og_type":"article","og_title":"\u00dcnl\u00fc isimlerin \u0130talya maceras\u0131 - Nasim Word","og_description":"\u015eark\u0131c\u0131 Selin Ci\u011ferci, yak\u0131n dostu Demet Akal\u0131n&#8217;\u0131n iste\u011fi \u00fczerine \u0130talya&#8217;da \u00e7i\u011f bal\u0131k yedi. \u015eark\u0131c\u0131 Demet Akal\u0131n ve ile sosyal medya fenomeni Selin Ci\u011ferci, tatil i\u00e7in \u0130talya&#8217;ya gitti. Selin Ci\u011ferci, Demet Akal\u0131n&#8217;\u0131n iste\u011fi \u00fczerine &#8220;Asla yemem&#8221; dedi\u011fi \u00e7i\u011f bal\u0131\u011f\u0131 yedi. G\u00fcn boyu d\u00fcnyaca \u00fcnl\u00fc markalar\u0131n ma\u011fazalar\u0131na giden ve al\u0131\u015fveri\u015f yapan ikili, ak\u015fam da Milano&#8217;daki l\u00fcks bir &hellip;","og_url":"https:\/\/nasimword.ir\/?p=44567&lang=tr","og_site_name":"Nasim Word","article_published_time":"2019-08-28T14:17:05+00:00","og_image":[{"width":649,"height":365,"url":"https:\/\/nasimword.ir\/wp-content\/uploads\/2019\/08\/asdasd-zSjc_cover.jpg","type":"image\/jpeg"}],"twitter_card":"summary","twitter_misc":{"\u0646\u0648\u0634\u062a\u0647\u200c\u0634\u062f\u0647 \u0628\u062f\u0633\u062a":"somaye","\u0632\u0645\u0627\u0646 \u062a\u0642\u0631\u06cc\u0628\u06cc \u0628\u0631\u0627\u06cc \u062e\u0648\u0627\u0646\u062f\u0646":"1 \u062f\u0642\u06cc\u0642\u0647"},"schema":{"@context":"https:\/\/schema.org","@graph":[{"@type":"WebSite","@id":"https:\/\/nasimword.ir\/#website","url":"https:\/\/nasimword.ir\/","name":"Nasim Word","description":"\u067e\u0648\u0631\u062a\u0627\u0644 \u062e\u0628\u0631\u06cc \u0648 \u062a\u062d\u0644\u06cc\u0644\u06cc \u0646\u0633\u06cc\u0645","potentialAction":[{"@type":"SearchAction","target":{"@type":"EntryPoint","urlTemplate":"https:\/\/nasimword.ir\/?s={search_term_string}"},"query-input":"required name=search_term_string"}],"inLanguage":"fa-IR"},{"@type":"ImageObject","@id":"https:\/\/nasimword.ir\/?p=44567&lang=tr#primaryimage","inLanguage":"fa-IR","url":"https:\/\/nasimword.ir\/wp-content\/uploads\/2019\/08\/asdasd-zSjc_cover.jpg","contentUrl":"https:\/\/nasimword.ir\/wp-content\/uploads\/2019\/08\/asdasd-zSjc_cover.jpg","width":649,"height":365},{"@type":"WebPage","@id":"https:\/\/nasimword.ir\/?p=44567&lang=tr#webpage","url":"https:\/\/nasimword.ir\/?p=44567&lang=tr","name":"\u00dcnl\u00fc isimlerin \u0130talya maceras\u0131 - Nasim Word","isPartOf":{"@id":"https:\/\/nasimword.ir\/#website"},"primaryImageOfPage":{"@id":"https:\/\/nasimword.ir\/?p=44567&lang=tr#primaryimage"},"datePublished":"2019-08-28T14:17:05+00:00","dateModified":"2019-08-28T14:17:05+00:00","author":{"@id":"https:\/\/nasimword.ir\/#\/schema\/person\/4c5a701cb6f5716f361e924d0581801e"},"breadcrumb":{"@id":"https:\/\/nasimword.ir\/?p=44567&lang=tr#breadcrumb"},"inLanguage":"fa-IR","potentialAction":[{"@type":"ReadAction","target":["https:\/\/nasimword.ir\/?p=44567&lang=tr"]}]},{"@type":"BreadcrumbList","@id":"https:\/\/nasimword.ir\/?p=44567&lang=tr#breadcrumb","itemListElement":[{"@type":"ListItem","position":1,"name":"\u062e\u0627\u0646\u0647","item":"https:\/\/nasimword.ir\/"},{"@type":"ListItem","position":2,"name":"\u00dcnl\u00fc isimlerin \u0130talya maceras\u0131"}]},{"@type":"Person","@id":"https:\/\/nasimword.ir\/#\/schema\/person\/4c5a701cb6f5716f361e924d0581801e","name":"somaye","image":{"@type":"ImageObject","@id":"https:\/\/nasimword.ir\/#personlogo","inLanguage":"fa-IR","url":"https:\/\/secure.gravatar.com\/avatar\/1969d108d4e14d828407b1c82e2f7dab?s=96&d=mm&r=g","contentUrl":"https:\/\/secure.gravatar.com\/avatar\/1969d108d4e14d828407b1c82e2f7dab?s=96&d=mm&r=g","caption":"somaye"},"url":"https:\/\/nasimword.ir\/?author=22"}]}},"_links":{"self":[{"href":"https:\/\/nasimword.ir\/index.php?rest_route=\/wp\/v2\/posts\/44567"}],"collection":[{"href":"https:\/\/nasimword.ir\/index.php?rest_route=\/wp\/v2\/posts"}],"about":[{"href":"https:\/\/nasimword.ir\/index.php?rest_route=\/wp\/v2\/types\/post"}],"author":[{"embeddable":true,"href":"https:\/\/nasimword.ir\/index.php?rest_route=\/wp\/v2\/users\/22"}],"replies":[{"embeddable":true,"href":"https:\/\/nasimword.ir\/index.php?rest_route=%2Fwp%2Fv2%2Fcomments&post=44567"}],"version-history":[{"count":0,"href":"https:\/\/nasimword.ir\/index.php?rest_route=\/wp\/v2\/posts\/44567\/revisions"}],"wp:featuredmedia":[{"embeddable":true,"href":"https:\/\/nasimword.ir\/index.php?rest_route=\/wp\/v2\/media\/44568"}],"wp:attachment":[{"href":"https:\/\/nasimword.ir\/index.php?rest_route=%2Fwp%2Fv2%2Fmedia&parent=44567"}],"wp:term":[{"taxonomy":"category","embeddable":true,"href":"https:\/\/nasimword.ir\/index.php?rest_route=%2Fwp%2Fv2%2Fcategories&post=44567"},{"taxonomy":"post_tag","embeddable":true,"href":"https:\/\/nasimword.ir\/index.php?rest_route=%2Fwp%2Fv2%2Ftags&post=44567"}],"curies":[{"name":"wp","href":"https:\/\/api.w.org\/{rel}","templated":true}]}}