{"id":45024,"date":"2019-09-06T15:58:31","date_gmt":"2019-09-06T11:28:31","guid":{"rendered":"http:\/\/nasimword.ir\/?p=45024"},"modified":"2019-09-06T15:58:31","modified_gmt":"2019-09-06T11:28:31","slug":"murat-bozdan-o-ses-turkiye-jurisine-gonderme","status":"publish","type":"post","link":"https:\/\/nasimword.ir\/?p=45024&lang=tr","title":{"rendered":"Murat Boz&#8217;dan O Ses T\u00fcrkiye j\u00fcrisine g\u00f6nderme!"},"content":{"rendered":"<p dir=\"ltr\">O Ses T\u00fcrkiye j\u00fcrisinin de\u011fi\u015fmez \u00fcyelerinden \u015fark\u0131c\u0131 Murat Boz, sosyal medya hesab\u0131ndan yapt\u0131\u011f\u0131 payla\u015f\u0131mla birlikte j\u00fcri \u00fcyeli\u011fi yapt\u0131\u011f\u0131 Beyaz\u0131t \u00d6zt\u00fcrk, Seda Sayan ve Hadise&#8217;ye g\u00f6zda\u011f\u0131 verdi.<\/p>\n<p dir=\"ltr\"><img loading=\"lazy\" class=\"alignnone size-full wp-image-45025\" src=\"http:\/\/nasimword.ir\/wp-content\/uploads\/2019\/09\/5d1af3a4ae298b20f8bd1bc0-4zkt_cover.jpg\" alt=\"\" width=\"649\" height=\"365\" srcset=\"https:\/\/nasimword.ir\/wp-content\/uploads\/2019\/09\/5d1af3a4ae298b20f8bd1bc0-4zkt_cover.jpg 649w, https:\/\/nasimword.ir\/wp-content\/uploads\/2019\/09\/5d1af3a4ae298b20f8bd1bc0-4zkt_cover-300x169.jpg 300w, https:\/\/nasimword.ir\/wp-content\/uploads\/2019\/09\/5d1af3a4ae298b20f8bd1bc0-4zkt_cover-390x220.jpg 390w\" sizes=\"(max-width: 649px) 100vw, 649px\" \/><\/p>\n<p dir=\"ltr\">Uzun bir s\u00fcredir O Ses T\u00fcrkiye\u2019nin de\u011fi\u015fmez j\u00fcri \u00fcyelerinden olan Murat Boz, program\u0131n yeni sezonu ba\u015flamadan \u00f6nce yapt\u0131\u011f\u0131 payla\u015f\u0131mla j\u00fcri \u00fcyeli\u011fini payla\u015ft\u0131\u011f\u0131 ekip arkada\u015flar\u0131na esprili bir mesaj g\u00f6nderdi. Yar\u0131\u015fman\u0131n finaline ta\u015f\u0131d\u0131\u011f\u0131 isimlerle j\u00fcriler aras\u0131nda \u00f6ne \u00e7\u0131kan Murat Boz, bu seneki performans\u0131ndan \u00f6ylesine emin ki instagram hesab\u0131ndan \u015fu sat\u0131rlar\u0131 payla\u015ft\u0131:<\/p>\n<p dir=\"ltr\">\u201cYeni Sezon haz\u0131rl\u0131klar\u0131m\u0131z ba\u015flad\u0131. J\u00fcri arkada\u015flar\u0131m\u0131n ikincilik i\u00e7in verecekleri amans\u0131z m\u00fccadeleyi izlemek keyifli olacak. @osesturkiye @sedasayan @beyazitozturk26 @hadise #birincibelliikincikim #yenisezon #osest\u00fcrkiye\u201d<\/p>\n<p dir=\"ltr\">\n<p dir=\"ltr\">\n","protected":false},"excerpt":{"rendered":"<p>O Ses T\u00fcrkiye j\u00fcrisinin de\u011fi\u015fmez \u00fcyelerinden \u015fark\u0131c\u0131 Murat Boz, sosyal medya hesab\u0131ndan yapt\u0131\u011f\u0131 payla\u015f\u0131mla birlikte j\u00fcri \u00fcyeli\u011fi yapt\u0131\u011f\u0131 Beyaz\u0131t \u00d6zt\u00fcrk, Seda Sayan ve Hadise&#8217;ye g\u00f6zda\u011f\u0131 verdi. Uzun bir s\u00fcredir O Ses T\u00fcrkiye\u2019nin de\u011fi\u015fmez j\u00fcri \u00fcyelerinden olan Murat Boz, program\u0131n yeni sezonu ba\u015flamadan \u00f6nce yapt\u0131\u011f\u0131 payla\u015f\u0131mla j\u00fcri \u00fcyeli\u011fini payla\u015ft\u0131\u011f\u0131 ekip arkada\u015flar\u0131na esprili bir mesaj g\u00f6nderdi. Yar\u0131\u015fman\u0131n &hellip;<\/p>\n","protected":false},"author":22,"featured_media":45025,"comment_status":"open","ping_status":"open","sticky":false,"template":"","format":"standard","meta":[],"categories":[14058,5955,11183],"tags":[],"yoast_head":"<!-- This site is optimized with the Yoast SEO plugin v18.3 - https:\/\/yoast.com\/wordpress\/plugins\/seo\/ -->\n<title>Murat Boz&#039;dan O Ses T\u00fcrkiye j\u00fcrisine g\u00f6nderme! - Nasim Word<\/title>\n<meta name=\"robots\" content=\"index, follow, max-snippet:-1, max-image-preview:large, max-video-preview:-1\" \/>\n<link rel=\"canonical\" href=\"https:\/\/nasimword.ir\/?p=45024&#038;lang=tr\" \/>\n<meta property=\"og:locale\" content=\"fa_IR\" \/>\n<meta property=\"og:type\" content=\"article\" \/>\n<meta property=\"og:title\" content=\"Murat Boz&#039;dan O Ses T\u00fcrkiye j\u00fcrisine g\u00f6nderme! - Nasim Word\" \/>\n<meta property=\"og:description\" content=\"O Ses T\u00fcrkiye j\u00fcrisinin de\u011fi\u015fmez \u00fcyelerinden \u015fark\u0131c\u0131 Murat Boz, sosyal medya hesab\u0131ndan yapt\u0131\u011f\u0131 payla\u015f\u0131mla birlikte j\u00fcri \u00fcyeli\u011fi yapt\u0131\u011f\u0131 Beyaz\u0131t \u00d6zt\u00fcrk, Seda Sayan ve Hadise&#8217;ye g\u00f6zda\u011f\u0131 verdi. Uzun bir s\u00fcredir O Ses T\u00fcrkiye\u2019nin de\u011fi\u015fmez j\u00fcri \u00fcyelerinden olan Murat Boz, program\u0131n yeni sezonu ba\u015flamadan \u00f6nce yapt\u0131\u011f\u0131 payla\u015f\u0131mla j\u00fcri \u00fcyeli\u011fini payla\u015ft\u0131\u011f\u0131 ekip arkada\u015flar\u0131na esprili bir mesaj g\u00f6nderdi. Yar\u0131\u015fman\u0131n &hellip;\" \/>\n<meta property=\"og:url\" content=\"https:\/\/nasimword.ir\/?p=45024&amp;lang=tr\" \/>\n<meta property=\"og:site_name\" content=\"Nasim Word\" \/>\n<meta property=\"article:published_time\" content=\"2019-09-06T11:28:31+00:00\" \/>\n<meta property=\"og:image\" content=\"https:\/\/nasimword.ir\/wp-content\/uploads\/2019\/09\/5d1af3a4ae298b20f8bd1bc0-4zkt_cover.jpg\" \/>\n\t<meta property=\"og:image:width\" content=\"649\" \/>\n\t<meta property=\"og:image:height\" content=\"365\" \/>\n\t<meta property=\"og:image:type\" content=\"image\/jpeg\" \/>\n<meta name=\"twitter:card\" content=\"summary\" \/>\n<meta name=\"twitter:label1\" content=\"\u0646\u0648\u0634\u062a\u0647\u200c\u0634\u062f\u0647 \u0628\u062f\u0633\u062a\" \/>\n\t<meta name=\"twitter:data1\" content=\"somaye\" \/>\n\t<meta name=\"twitter:label2\" content=\"\u0632\u0645\u0627\u0646 \u062a\u0642\u0631\u06cc\u0628\u06cc \u0628\u0631\u0627\u06cc \u062e\u0648\u0627\u0646\u062f\u0646\" \/>\n\t<meta name=\"twitter:data2\" content=\"1 \u062f\u0642\u06cc\u0642\u0647\" \/>\n<script type=\"application\/ld+json\" class=\"yoast-schema-graph\">{\"@context\":\"https:\/\/schema.org\",\"@graph\":[{\"@type\":\"WebSite\",\"@id\":\"https:\/\/nasimword.ir\/#website\",\"url\":\"https:\/\/nasimword.ir\/\",\"name\":\"Nasim Word\",\"description\":\"\u067e\u0648\u0631\u062a\u0627\u0644 \u062e\u0628\u0631\u06cc \u0648 \u062a\u062d\u0644\u06cc\u0644\u06cc \u0646\u0633\u06cc\u0645\",\"potentialAction\":[{\"@type\":\"SearchAction\",\"target\":{\"@type\":\"EntryPoint\",\"urlTemplate\":\"https:\/\/nasimword.ir\/?s={search_term_string}\"},\"query-input\":\"required name=search_term_string\"}],\"inLanguage\":\"fa-IR\"},{\"@type\":\"ImageObject\",\"@id\":\"https:\/\/nasimword.ir\/?p=45024&lang=tr#primaryimage\",\"inLanguage\":\"fa-IR\",\"url\":\"https:\/\/nasimword.ir\/wp-content\/uploads\/2019\/09\/5d1af3a4ae298b20f8bd1bc0-4zkt_cover.jpg\",\"contentUrl\":\"https:\/\/nasimword.ir\/wp-content\/uploads\/2019\/09\/5d1af3a4ae298b20f8bd1bc0-4zkt_cover.jpg\",\"width\":649,\"height\":365},{\"@type\":\"WebPage\",\"@id\":\"https:\/\/nasimword.ir\/?p=45024&lang=tr#webpage\",\"url\":\"https:\/\/nasimword.ir\/?p=45024&lang=tr\",\"name\":\"Murat Boz'dan O Ses T\u00fcrkiye j\u00fcrisine g\u00f6nderme! - Nasim Word\",\"isPartOf\":{\"@id\":\"https:\/\/nasimword.ir\/#website\"},\"primaryImageOfPage\":{\"@id\":\"https:\/\/nasimword.ir\/?p=45024&lang=tr#primaryimage\"},\"datePublished\":\"2019-09-06T11:28:31+00:00\",\"dateModified\":\"2019-09-06T11:28:31+00:00\",\"author\":{\"@id\":\"https:\/\/nasimword.ir\/#\/schema\/person\/4c5a701cb6f5716f361e924d0581801e\"},\"breadcrumb\":{\"@id\":\"https:\/\/nasimword.ir\/?p=45024&lang=tr#breadcrumb\"},\"inLanguage\":\"fa-IR\",\"potentialAction\":[{\"@type\":\"ReadAction\",\"target\":[\"https:\/\/nasimword.ir\/?p=45024&lang=tr\"]}]},{\"@type\":\"BreadcrumbList\",\"@id\":\"https:\/\/nasimword.ir\/?p=45024&lang=tr#breadcrumb\",\"itemListElement\":[{\"@type\":\"ListItem\",\"position\":1,\"name\":\"\u062e\u0627\u0646\u0647\",\"item\":\"https:\/\/nasimword.ir\/\"},{\"@type\":\"ListItem\",\"position\":2,\"name\":\"Murat Boz&#8217;dan O Ses T\u00fcrkiye j\u00fcrisine g\u00f6nderme!\"}]},{\"@type\":\"Person\",\"@id\":\"https:\/\/nasimword.ir\/#\/schema\/person\/4c5a701cb6f5716f361e924d0581801e\",\"name\":\"somaye\",\"image\":{\"@type\":\"ImageObject\",\"@id\":\"https:\/\/nasimword.ir\/#personlogo\",\"inLanguage\":\"fa-IR\",\"url\":\"https:\/\/secure.gravatar.com\/avatar\/1969d108d4e14d828407b1c82e2f7dab?s=96&d=mm&r=g\",\"contentUrl\":\"https:\/\/secure.gravatar.com\/avatar\/1969d108d4e14d828407b1c82e2f7dab?s=96&d=mm&r=g\",\"caption\":\"somaye\"},\"url\":\"https:\/\/nasimword.ir\/?author=22\"}]}<\/script>\n<!-- \/ Yoast SEO plugin. -->","yoast_head_json":{"title":"Murat Boz'dan O Ses T\u00fcrkiye j\u00fcrisine g\u00f6nderme! - Nasim Word","robots":{"index":"index","follow":"follow","max-snippet":"max-snippet:-1","max-image-preview":"max-image-preview:large","max-video-preview":"max-video-preview:-1"},"canonical":"https:\/\/nasimword.ir\/?p=45024&lang=tr","og_locale":"fa_IR","og_type":"article","og_title":"Murat Boz'dan O Ses T\u00fcrkiye j\u00fcrisine g\u00f6nderme! - Nasim Word","og_description":"O Ses T\u00fcrkiye j\u00fcrisinin de\u011fi\u015fmez \u00fcyelerinden \u015fark\u0131c\u0131 Murat Boz, sosyal medya hesab\u0131ndan yapt\u0131\u011f\u0131 payla\u015f\u0131mla birlikte j\u00fcri \u00fcyeli\u011fi yapt\u0131\u011f\u0131 Beyaz\u0131t \u00d6zt\u00fcrk, Seda Sayan ve Hadise&#8217;ye g\u00f6zda\u011f\u0131 verdi. Uzun bir s\u00fcredir O Ses T\u00fcrkiye\u2019nin de\u011fi\u015fmez j\u00fcri \u00fcyelerinden olan Murat Boz, program\u0131n yeni sezonu ba\u015flamadan \u00f6nce yapt\u0131\u011f\u0131 payla\u015f\u0131mla j\u00fcri \u00fcyeli\u011fini payla\u015ft\u0131\u011f\u0131 ekip arkada\u015flar\u0131na esprili bir mesaj g\u00f6nderdi. Yar\u0131\u015fman\u0131n &hellip;","og_url":"https:\/\/nasimword.ir\/?p=45024&lang=tr","og_site_name":"Nasim Word","article_published_time":"2019-09-06T11:28:31+00:00","og_image":[{"width":649,"height":365,"url":"https:\/\/nasimword.ir\/wp-content\/uploads\/2019\/09\/5d1af3a4ae298b20f8bd1bc0-4zkt_cover.jpg","type":"image\/jpeg"}],"twitter_card":"summary","twitter_misc":{"\u0646\u0648\u0634\u062a\u0647\u200c\u0634\u062f\u0647 \u0628\u062f\u0633\u062a":"somaye","\u0632\u0645\u0627\u0646 \u062a\u0642\u0631\u06cc\u0628\u06cc \u0628\u0631\u0627\u06cc \u062e\u0648\u0627\u0646\u062f\u0646":"1 \u062f\u0642\u06cc\u0642\u0647"},"schema":{"@context":"https:\/\/schema.org","@graph":[{"@type":"WebSite","@id":"https:\/\/nasimword.ir\/#website","url":"https:\/\/nasimword.ir\/","name":"Nasim Word","description":"\u067e\u0648\u0631\u062a\u0627\u0644 \u062e\u0628\u0631\u06cc \u0648 \u062a\u062d\u0644\u06cc\u0644\u06cc \u0646\u0633\u06cc\u0645","potentialAction":[{"@type":"SearchAction","target":{"@type":"EntryPoint","urlTemplate":"https:\/\/nasimword.ir\/?s={search_term_string}"},"query-input":"required name=search_term_string"}],"inLanguage":"fa-IR"},{"@type":"ImageObject","@id":"https:\/\/nasimword.ir\/?p=45024&lang=tr#primaryimage","inLanguage":"fa-IR","url":"https:\/\/nasimword.ir\/wp-content\/uploads\/2019\/09\/5d1af3a4ae298b20f8bd1bc0-4zkt_cover.jpg","contentUrl":"https:\/\/nasimword.ir\/wp-content\/uploads\/2019\/09\/5d1af3a4ae298b20f8bd1bc0-4zkt_cover.jpg","width":649,"height":365},{"@type":"WebPage","@id":"https:\/\/nasimword.ir\/?p=45024&lang=tr#webpage","url":"https:\/\/nasimword.ir\/?p=45024&lang=tr","name":"Murat Boz'dan O Ses T\u00fcrkiye j\u00fcrisine g\u00f6nderme! - Nasim Word","isPartOf":{"@id":"https:\/\/nasimword.ir\/#website"},"primaryImageOfPage":{"@id":"https:\/\/nasimword.ir\/?p=45024&lang=tr#primaryimage"},"datePublished":"2019-09-06T11:28:31+00:00","dateModified":"2019-09-06T11:28:31+00:00","author":{"@id":"https:\/\/nasimword.ir\/#\/schema\/person\/4c5a701cb6f5716f361e924d0581801e"},"breadcrumb":{"@id":"https:\/\/nasimword.ir\/?p=45024&lang=tr#breadcrumb"},"inLanguage":"fa-IR","potentialAction":[{"@type":"ReadAction","target":["https:\/\/nasimword.ir\/?p=45024&lang=tr"]}]},{"@type":"BreadcrumbList","@id":"https:\/\/nasimword.ir\/?p=45024&lang=tr#breadcrumb","itemListElement":[{"@type":"ListItem","position":1,"name":"\u062e\u0627\u0646\u0647","item":"https:\/\/nasimword.ir\/"},{"@type":"ListItem","position":2,"name":"Murat Boz&#8217;dan O Ses T\u00fcrkiye j\u00fcrisine g\u00f6nderme!"}]},{"@type":"Person","@id":"https:\/\/nasimword.ir\/#\/schema\/person\/4c5a701cb6f5716f361e924d0581801e","name":"somaye","image":{"@type":"ImageObject","@id":"https:\/\/nasimword.ir\/#personlogo","inLanguage":"fa-IR","url":"https:\/\/secure.gravatar.com\/avatar\/1969d108d4e14d828407b1c82e2f7dab?s=96&d=mm&r=g","contentUrl":"https:\/\/secure.gravatar.com\/avatar\/1969d108d4e14d828407b1c82e2f7dab?s=96&d=mm&r=g","caption":"somaye"},"url":"https:\/\/nasimword.ir\/?author=22"}]}},"_links":{"self":[{"href":"https:\/\/nasimword.ir\/index.php?rest_route=\/wp\/v2\/posts\/45024"}],"collection":[{"href":"https:\/\/nasimword.ir\/index.php?rest_route=\/wp\/v2\/posts"}],"about":[{"href":"https:\/\/nasimword.ir\/index.php?rest_route=\/wp\/v2\/types\/post"}],"author":[{"embeddable":true,"href":"https:\/\/nasimword.ir\/index.php?rest_route=\/wp\/v2\/users\/22"}],"replies":[{"embeddable":true,"href":"https:\/\/nasimword.ir\/index.php?rest_route=%2Fwp%2Fv2%2Fcomments&post=45024"}],"version-history":[{"count":0,"href":"https:\/\/nasimword.ir\/index.php?rest_route=\/wp\/v2\/posts\/45024\/revisions"}],"wp:featuredmedia":[{"embeddable":true,"href":"https:\/\/nasimword.ir\/index.php?rest_route=\/wp\/v2\/media\/45025"}],"wp:attachment":[{"href":"https:\/\/nasimword.ir\/index.php?rest_route=%2Fwp%2Fv2%2Fmedia&parent=45024"}],"wp:term":[{"taxonomy":"category","embeddable":true,"href":"https:\/\/nasimword.ir\/index.php?rest_route=%2Fwp%2Fv2%2Fcategories&post=45024"},{"taxonomy":"post_tag","embeddable":true,"href":"https:\/\/nasimword.ir\/index.php?rest_route=%2Fwp%2Fv2%2Ftags&post=45024"}],"curies":[{"name":"wp","href":"https:\/\/api.w.org\/{rel}","templated":true}]}}