{"id":45401,"date":"2019-09-14T14:40:41","date_gmt":"2019-09-14T10:10:41","guid":{"rendered":"http:\/\/nasimword.ir\/?p=45401"},"modified":"2019-09-14T14:40:41","modified_gmt":"2019-09-14T10:10:41","slug":"belcim-bilginden-cagri","status":"publish","type":"post","link":"https:\/\/nasimword.ir\/?p=45401&lang=tr","title":{"rendered":"Bel\u00e7im Bilgin&#8217;den \u00e7a\u011fr\u0131"},"content":{"rendered":"<p dir=\"ltr\">BEL\u00c7\u0130M Bilgin, Greenpeace\u2019in \u201cOkyanuslar\u0131 Koru\u201d kampanyas\u0131 i\u00e7in kamera kar\u015f\u0131s\u0131na ge\u00e7ti.<\/p>\n<p dir=\"ltr\"><img loading=\"lazy\" class=\"alignnone size-full wp-image-45402\" src=\"http:\/\/nasimword.ir\/wp-content\/uploads\/2019\/09\/421620.jpg\" alt=\"\" width=\"880\" height=\"440\" srcset=\"https:\/\/nasimword.ir\/wp-content\/uploads\/2019\/09\/421620.jpg 880w, https:\/\/nasimword.ir\/wp-content\/uploads\/2019\/09\/421620-300x150.jpg 300w, https:\/\/nasimword.ir\/wp-content\/uploads\/2019\/09\/421620-768x384.jpg 768w\" sizes=\"(max-width: 880px) 100vw, 880px\" \/><\/p>\n<p dir=\"ltr\">Birle\u015fmi\u015f Milletler\u2019de g\u00fc\u00e7l\u00fc bir K\u00fcresel Okyanus Anla\u015fmas\u0131 imzalanmas\u0131 i\u00e7in devletlere \u00e7a\u011fr\u0131da bulunma ama\u00e7l\u0131 imza kampanyas\u0131na destek veren \u00fcnl\u00fc oyuncu \u201cOkyanuslar\u0131n gelece\u011fi i\u00e7in okyanus koruma alanlar\u0131n\u0131n olu\u015fturulmas\u0131 \u015fart. Bunun i\u00e7in \u015fimdi harekete ge\u00e7meliyiz. Yoksa gelecek nesiller i\u00e7in \u00e7ok ge\u00e7 olabilir\u201d dedi. Bilgin\u2019in yer ald\u0131\u011f\u0131 video ile imza kampanyas\u0131 ba\u015flat\u0131ld\u0131.<\/p>\n","protected":false},"excerpt":{"rendered":"<p>BEL\u00c7\u0130M Bilgin, Greenpeace\u2019in \u201cOkyanuslar\u0131 Koru\u201d kampanyas\u0131 i\u00e7in kamera kar\u015f\u0131s\u0131na ge\u00e7ti. Birle\u015fmi\u015f Milletler\u2019de g\u00fc\u00e7l\u00fc bir K\u00fcresel Okyanus Anla\u015fmas\u0131 imzalanmas\u0131 i\u00e7in devletlere \u00e7a\u011fr\u0131da bulunma ama\u00e7l\u0131 imza kampanyas\u0131na destek veren \u00fcnl\u00fc oyuncu \u201cOkyanuslar\u0131n gelece\u011fi i\u00e7in okyanus koruma alanlar\u0131n\u0131n olu\u015fturulmas\u0131 \u015fart. Bunun i\u00e7in \u015fimdi harekete ge\u00e7meliyiz. Yoksa gelecek nesiller i\u00e7in \u00e7ok ge\u00e7 olabilir\u201d dedi. Bilgin\u2019in yer ald\u0131\u011f\u0131 video ile &hellip;<\/p>\n","protected":false},"author":22,"featured_media":45402,"comment_status":"open","ping_status":"open","sticky":false,"template":"","format":"standard","meta":[],"categories":[14058,5955,11183],"tags":[],"yoast_head":"<!-- This site is optimized with the Yoast SEO plugin v18.3 - https:\/\/yoast.com\/wordpress\/plugins\/seo\/ -->\n<title>Bel\u00e7im Bilgin&#039;den \u00e7a\u011fr\u0131 - Nasim Word<\/title>\n<meta name=\"robots\" content=\"index, follow, max-snippet:-1, max-image-preview:large, max-video-preview:-1\" \/>\n<link rel=\"canonical\" href=\"https:\/\/nasimword.ir\/?p=45401&#038;lang=tr\" \/>\n<meta property=\"og:locale\" content=\"fa_IR\" \/>\n<meta property=\"og:type\" content=\"article\" \/>\n<meta property=\"og:title\" content=\"Bel\u00e7im Bilgin&#039;den \u00e7a\u011fr\u0131 - Nasim Word\" \/>\n<meta property=\"og:description\" content=\"BEL\u00c7\u0130M Bilgin, Greenpeace\u2019in \u201cOkyanuslar\u0131 Koru\u201d kampanyas\u0131 i\u00e7in kamera kar\u015f\u0131s\u0131na ge\u00e7ti. Birle\u015fmi\u015f Milletler\u2019de g\u00fc\u00e7l\u00fc bir K\u00fcresel Okyanus Anla\u015fmas\u0131 imzalanmas\u0131 i\u00e7in devletlere \u00e7a\u011fr\u0131da bulunma ama\u00e7l\u0131 imza kampanyas\u0131na destek veren \u00fcnl\u00fc oyuncu \u201cOkyanuslar\u0131n gelece\u011fi i\u00e7in okyanus koruma alanlar\u0131n\u0131n olu\u015fturulmas\u0131 \u015fart. Bunun i\u00e7in \u015fimdi harekete ge\u00e7meliyiz. Yoksa gelecek nesiller i\u00e7in \u00e7ok ge\u00e7 olabilir\u201d dedi. Bilgin\u2019in yer ald\u0131\u011f\u0131 video ile &hellip;\" \/>\n<meta property=\"og:url\" content=\"https:\/\/nasimword.ir\/?p=45401&amp;lang=tr\" \/>\n<meta property=\"og:site_name\" content=\"Nasim Word\" \/>\n<meta property=\"article:published_time\" content=\"2019-09-14T10:10:41+00:00\" \/>\n<meta property=\"og:image\" content=\"https:\/\/nasimword.ir\/wp-content\/uploads\/2019\/09\/421620.jpg\" \/>\n\t<meta property=\"og:image:width\" content=\"880\" \/>\n\t<meta property=\"og:image:height\" content=\"440\" \/>\n\t<meta property=\"og:image:type\" content=\"image\/jpeg\" \/>\n<meta name=\"twitter:card\" content=\"summary\" \/>\n<meta name=\"twitter:label1\" content=\"\u0646\u0648\u0634\u062a\u0647\u200c\u0634\u062f\u0647 \u0628\u062f\u0633\u062a\" \/>\n\t<meta name=\"twitter:data1\" content=\"somaye\" \/>\n<script type=\"application\/ld+json\" class=\"yoast-schema-graph\">{\"@context\":\"https:\/\/schema.org\",\"@graph\":[{\"@type\":\"WebSite\",\"@id\":\"https:\/\/nasimword.ir\/#website\",\"url\":\"https:\/\/nasimword.ir\/\",\"name\":\"Nasim Word\",\"description\":\"\u067e\u0648\u0631\u062a\u0627\u0644 \u062e\u0628\u0631\u06cc \u0648 \u062a\u062d\u0644\u06cc\u0644\u06cc \u0646\u0633\u06cc\u0645\",\"potentialAction\":[{\"@type\":\"SearchAction\",\"target\":{\"@type\":\"EntryPoint\",\"urlTemplate\":\"https:\/\/nasimword.ir\/?s={search_term_string}\"},\"query-input\":\"required name=search_term_string\"}],\"inLanguage\":\"fa-IR\"},{\"@type\":\"ImageObject\",\"@id\":\"https:\/\/nasimword.ir\/?p=45401&lang=tr#primaryimage\",\"inLanguage\":\"fa-IR\",\"url\":\"https:\/\/nasimword.ir\/wp-content\/uploads\/2019\/09\/421620.jpg\",\"contentUrl\":\"https:\/\/nasimword.ir\/wp-content\/uploads\/2019\/09\/421620.jpg\",\"width\":880,\"height\":440},{\"@type\":\"WebPage\",\"@id\":\"https:\/\/nasimword.ir\/?p=45401&lang=tr#webpage\",\"url\":\"https:\/\/nasimword.ir\/?p=45401&lang=tr\",\"name\":\"Bel\u00e7im Bilgin'den \u00e7a\u011fr\u0131 - Nasim Word\",\"isPartOf\":{\"@id\":\"https:\/\/nasimword.ir\/#website\"},\"primaryImageOfPage\":{\"@id\":\"https:\/\/nasimword.ir\/?p=45401&lang=tr#primaryimage\"},\"datePublished\":\"2019-09-14T10:10:41+00:00\",\"dateModified\":\"2019-09-14T10:10:41+00:00\",\"author\":{\"@id\":\"https:\/\/nasimword.ir\/#\/schema\/person\/4c5a701cb6f5716f361e924d0581801e\"},\"breadcrumb\":{\"@id\":\"https:\/\/nasimword.ir\/?p=45401&lang=tr#breadcrumb\"},\"inLanguage\":\"fa-IR\",\"potentialAction\":[{\"@type\":\"ReadAction\",\"target\":[\"https:\/\/nasimword.ir\/?p=45401&lang=tr\"]}]},{\"@type\":\"BreadcrumbList\",\"@id\":\"https:\/\/nasimword.ir\/?p=45401&lang=tr#breadcrumb\",\"itemListElement\":[{\"@type\":\"ListItem\",\"position\":1,\"name\":\"\u062e\u0627\u0646\u0647\",\"item\":\"https:\/\/nasimword.ir\/\"},{\"@type\":\"ListItem\",\"position\":2,\"name\":\"Bel\u00e7im Bilgin&#8217;den \u00e7a\u011fr\u0131\"}]},{\"@type\":\"Person\",\"@id\":\"https:\/\/nasimword.ir\/#\/schema\/person\/4c5a701cb6f5716f361e924d0581801e\",\"name\":\"somaye\",\"image\":{\"@type\":\"ImageObject\",\"@id\":\"https:\/\/nasimword.ir\/#personlogo\",\"inLanguage\":\"fa-IR\",\"url\":\"https:\/\/secure.gravatar.com\/avatar\/1969d108d4e14d828407b1c82e2f7dab?s=96&d=mm&r=g\",\"contentUrl\":\"https:\/\/secure.gravatar.com\/avatar\/1969d108d4e14d828407b1c82e2f7dab?s=96&d=mm&r=g\",\"caption\":\"somaye\"},\"url\":\"https:\/\/nasimword.ir\/?author=22\"}]}<\/script>\n<!-- \/ Yoast SEO plugin. -->","yoast_head_json":{"title":"Bel\u00e7im Bilgin'den \u00e7a\u011fr\u0131 - Nasim Word","robots":{"index":"index","follow":"follow","max-snippet":"max-snippet:-1","max-image-preview":"max-image-preview:large","max-video-preview":"max-video-preview:-1"},"canonical":"https:\/\/nasimword.ir\/?p=45401&lang=tr","og_locale":"fa_IR","og_type":"article","og_title":"Bel\u00e7im Bilgin'den \u00e7a\u011fr\u0131 - Nasim Word","og_description":"BEL\u00c7\u0130M Bilgin, Greenpeace\u2019in \u201cOkyanuslar\u0131 Koru\u201d kampanyas\u0131 i\u00e7in kamera kar\u015f\u0131s\u0131na ge\u00e7ti. Birle\u015fmi\u015f Milletler\u2019de g\u00fc\u00e7l\u00fc bir K\u00fcresel Okyanus Anla\u015fmas\u0131 imzalanmas\u0131 i\u00e7in devletlere \u00e7a\u011fr\u0131da bulunma ama\u00e7l\u0131 imza kampanyas\u0131na destek veren \u00fcnl\u00fc oyuncu \u201cOkyanuslar\u0131n gelece\u011fi i\u00e7in okyanus koruma alanlar\u0131n\u0131n olu\u015fturulmas\u0131 \u015fart. Bunun i\u00e7in \u015fimdi harekete ge\u00e7meliyiz. Yoksa gelecek nesiller i\u00e7in \u00e7ok ge\u00e7 olabilir\u201d dedi. Bilgin\u2019in yer ald\u0131\u011f\u0131 video ile &hellip;","og_url":"https:\/\/nasimword.ir\/?p=45401&lang=tr","og_site_name":"Nasim Word","article_published_time":"2019-09-14T10:10:41+00:00","og_image":[{"width":880,"height":440,"url":"https:\/\/nasimword.ir\/wp-content\/uploads\/2019\/09\/421620.jpg","type":"image\/jpeg"}],"twitter_card":"summary","twitter_misc":{"\u0646\u0648\u0634\u062a\u0647\u200c\u0634\u062f\u0647 \u0628\u062f\u0633\u062a":"somaye"},"schema":{"@context":"https:\/\/schema.org","@graph":[{"@type":"WebSite","@id":"https:\/\/nasimword.ir\/#website","url":"https:\/\/nasimword.ir\/","name":"Nasim Word","description":"\u067e\u0648\u0631\u062a\u0627\u0644 \u062e\u0628\u0631\u06cc \u0648 \u062a\u062d\u0644\u06cc\u0644\u06cc \u0646\u0633\u06cc\u0645","potentialAction":[{"@type":"SearchAction","target":{"@type":"EntryPoint","urlTemplate":"https:\/\/nasimword.ir\/?s={search_term_string}"},"query-input":"required name=search_term_string"}],"inLanguage":"fa-IR"},{"@type":"ImageObject","@id":"https:\/\/nasimword.ir\/?p=45401&lang=tr#primaryimage","inLanguage":"fa-IR","url":"https:\/\/nasimword.ir\/wp-content\/uploads\/2019\/09\/421620.jpg","contentUrl":"https:\/\/nasimword.ir\/wp-content\/uploads\/2019\/09\/421620.jpg","width":880,"height":440},{"@type":"WebPage","@id":"https:\/\/nasimword.ir\/?p=45401&lang=tr#webpage","url":"https:\/\/nasimword.ir\/?p=45401&lang=tr","name":"Bel\u00e7im Bilgin'den \u00e7a\u011fr\u0131 - Nasim Word","isPartOf":{"@id":"https:\/\/nasimword.ir\/#website"},"primaryImageOfPage":{"@id":"https:\/\/nasimword.ir\/?p=45401&lang=tr#primaryimage"},"datePublished":"2019-09-14T10:10:41+00:00","dateModified":"2019-09-14T10:10:41+00:00","author":{"@id":"https:\/\/nasimword.ir\/#\/schema\/person\/4c5a701cb6f5716f361e924d0581801e"},"breadcrumb":{"@id":"https:\/\/nasimword.ir\/?p=45401&lang=tr#breadcrumb"},"inLanguage":"fa-IR","potentialAction":[{"@type":"ReadAction","target":["https:\/\/nasimword.ir\/?p=45401&lang=tr"]}]},{"@type":"BreadcrumbList","@id":"https:\/\/nasimword.ir\/?p=45401&lang=tr#breadcrumb","itemListElement":[{"@type":"ListItem","position":1,"name":"\u062e\u0627\u0646\u0647","item":"https:\/\/nasimword.ir\/"},{"@type":"ListItem","position":2,"name":"Bel\u00e7im Bilgin&#8217;den \u00e7a\u011fr\u0131"}]},{"@type":"Person","@id":"https:\/\/nasimword.ir\/#\/schema\/person\/4c5a701cb6f5716f361e924d0581801e","name":"somaye","image":{"@type":"ImageObject","@id":"https:\/\/nasimword.ir\/#personlogo","inLanguage":"fa-IR","url":"https:\/\/secure.gravatar.com\/avatar\/1969d108d4e14d828407b1c82e2f7dab?s=96&d=mm&r=g","contentUrl":"https:\/\/secure.gravatar.com\/avatar\/1969d108d4e14d828407b1c82e2f7dab?s=96&d=mm&r=g","caption":"somaye"},"url":"https:\/\/nasimword.ir\/?author=22"}]}},"_links":{"self":[{"href":"https:\/\/nasimword.ir\/index.php?rest_route=\/wp\/v2\/posts\/45401"}],"collection":[{"href":"https:\/\/nasimword.ir\/index.php?rest_route=\/wp\/v2\/posts"}],"about":[{"href":"https:\/\/nasimword.ir\/index.php?rest_route=\/wp\/v2\/types\/post"}],"author":[{"embeddable":true,"href":"https:\/\/nasimword.ir\/index.php?rest_route=\/wp\/v2\/users\/22"}],"replies":[{"embeddable":true,"href":"https:\/\/nasimword.ir\/index.php?rest_route=%2Fwp%2Fv2%2Fcomments&post=45401"}],"version-history":[{"count":0,"href":"https:\/\/nasimword.ir\/index.php?rest_route=\/wp\/v2\/posts\/45401\/revisions"}],"wp:featuredmedia":[{"embeddable":true,"href":"https:\/\/nasimword.ir\/index.php?rest_route=\/wp\/v2\/media\/45402"}],"wp:attachment":[{"href":"https:\/\/nasimword.ir\/index.php?rest_route=%2Fwp%2Fv2%2Fmedia&parent=45401"}],"wp:term":[{"taxonomy":"category","embeddable":true,"href":"https:\/\/nasimword.ir\/index.php?rest_route=%2Fwp%2Fv2%2Fcategories&post=45401"},{"taxonomy":"post_tag","embeddable":true,"href":"https:\/\/nasimword.ir\/index.php?rest_route=%2Fwp%2Fv2%2Ftags&post=45401"}],"curies":[{"name":"wp","href":"https:\/\/api.w.org\/{rel}","templated":true}]}}