{"id":45508,"date":"2019-09-16T22:25:34","date_gmt":"2019-09-16T17:55:34","guid":{"rendered":"http:\/\/nasimword.ir\/?p=45508"},"modified":"2019-09-16T22:25:34","modified_gmt":"2019-09-16T17:55:34","slug":"birbirlerinden-bir-an-olsun-ayrilmiyorlar","status":"publish","type":"post","link":"https:\/\/nasimword.ir\/?p=45508&lang=tr","title":{"rendered":"Birbirlerinden bir an olsun ayr\u0131lm\u0131yorlar!"},"content":{"rendered":"<p dir=\"ltr\">Aralar\u0131nda so\u011fuk r\u00fczgarlar esti\u011fi iddia edilen Demet \u00d6zdemir ile Can Yaman, tatil d\u00f6n\u00fc\u015f\u00fc hayranlar\u0131 taraf\u0131ndan g\u00f6rn\u00fct\u00fclendi.<\/p>\n<p dir=\"ltr\"><img loading=\"lazy\" class=\"alignnone size-full wp-image-45509\" src=\"http:\/\/nasimword.ir\/wp-content\/uploads\/2019\/09\/ttt-6899-a7qA_cover.jpg\" alt=\"\" width=\"649\" height=\"315\" srcset=\"https:\/\/nasimword.ir\/wp-content\/uploads\/2019\/09\/ttt-6899-a7qA_cover.jpg 649w, https:\/\/nasimword.ir\/wp-content\/uploads\/2019\/09\/ttt-6899-a7qA_cover-300x146.jpg 300w\" sizes=\"(max-width: 649px) 100vw, 649px\" \/><\/p>\n<p dir=\"ltr\">Star TV&#8217;de yay\u0131nlanan Erkenci Ku\u015f dizisinde y\u0131ld\u0131zlar\u0131 parlayan Demet \u00d6zdemir ve Can Yaman&#8217;\u0131n, sette ba\u015flayan arkada\u015fl\u0131klar\u0131 a\u015fka ta\u015f\u0131nm\u0131\u015f, fakat dizinin bitmesine yak\u0131n ikilinin aras\u0131nda so\u011fuk r\u00fczgarlar esmi\u015fti. Ayr\u0131ld\u0131klar\u0131 konu\u015fulan ikilinin, yeni foto\u011fraflar\u0131 sosyal medyaya d\u00fc\u015ft\u00fc.<\/p>\n<p dir=\"ltr\">TAT\u0130L D\u00d6N\u00dc\u015e\u00dc G\u00d6R\u00dcNT\u00dcLEND\u0130LER<\/p>\n<p dir=\"ltr\">Haklar\u0131nda \u00e7\u0131kan a\u015fk haberlerini &#8216;Biz arkada\u015f\u0131z&#8217; diye s\u00fcrekli yalanlayan Yaman ve \u00d6zdemir \u00e7ifti, yaz sezonunu birlikte kapatt\u0131. A\u015f\u0131klar\u0131n, tatil d\u00f6n\u00fc\u015f\u00fc birlikte foto\u011fraflar\u0131 ortaya \u00e7\u0131kt\u0131. \u0130kiliyi, hayranlar\u0131 g\u00f6r\u00fcnt\u00fcledi.<\/p>\n<p dir=\"ltr\">\n<div class=\"row\" dir=\"ltr\">\n<div class=\"col\"><\/div>\n<\/div>\n","protected":false},"excerpt":{"rendered":"<p>Aralar\u0131nda so\u011fuk r\u00fczgarlar esti\u011fi iddia edilen Demet \u00d6zdemir ile Can Yaman, tatil d\u00f6n\u00fc\u015f\u00fc hayranlar\u0131 taraf\u0131ndan g\u00f6rn\u00fct\u00fclendi. Star TV&#8217;de yay\u0131nlanan Erkenci Ku\u015f dizisinde y\u0131ld\u0131zlar\u0131 parlayan Demet \u00d6zdemir ve Can Yaman&#8217;\u0131n, sette ba\u015flayan arkada\u015fl\u0131klar\u0131 a\u015fka ta\u015f\u0131nm\u0131\u015f, fakat dizinin bitmesine yak\u0131n ikilinin aras\u0131nda so\u011fuk r\u00fczgarlar esmi\u015fti. Ayr\u0131ld\u0131klar\u0131 konu\u015fulan ikilinin, yeni foto\u011fraflar\u0131 sosyal medyaya d\u00fc\u015ft\u00fc. TAT\u0130L D\u00d6N\u00dc\u015e\u00dc G\u00d6R\u00dcNT\u00dcLEND\u0130LER Haklar\u0131nda &hellip;<\/p>\n","protected":false},"author":22,"featured_media":45510,"comment_status":"open","ping_status":"open","sticky":false,"template":"","format":"standard","meta":[],"categories":[14058,5955,11183],"tags":[],"yoast_head":"<!-- This site is optimized with the Yoast SEO plugin v18.3 - https:\/\/yoast.com\/wordpress\/plugins\/seo\/ -->\n<title>Birbirlerinden bir an olsun ayr\u0131lm\u0131yorlar! - Nasim Word<\/title>\n<meta name=\"robots\" content=\"index, follow, max-snippet:-1, max-image-preview:large, max-video-preview:-1\" \/>\n<link rel=\"canonical\" href=\"https:\/\/nasimword.ir\/?p=45508&#038;lang=tr\" \/>\n<meta property=\"og:locale\" content=\"fa_IR\" \/>\n<meta property=\"og:type\" content=\"article\" \/>\n<meta property=\"og:title\" content=\"Birbirlerinden bir an olsun ayr\u0131lm\u0131yorlar! - Nasim Word\" \/>\n<meta property=\"og:description\" content=\"Aralar\u0131nda so\u011fuk r\u00fczgarlar esti\u011fi iddia edilen Demet \u00d6zdemir ile Can Yaman, tatil d\u00f6n\u00fc\u015f\u00fc hayranlar\u0131 taraf\u0131ndan g\u00f6rn\u00fct\u00fclendi. Star TV&#8217;de yay\u0131nlanan Erkenci Ku\u015f dizisinde y\u0131ld\u0131zlar\u0131 parlayan Demet \u00d6zdemir ve Can Yaman&#8217;\u0131n, sette ba\u015flayan arkada\u015fl\u0131klar\u0131 a\u015fka ta\u015f\u0131nm\u0131\u015f, fakat dizinin bitmesine yak\u0131n ikilinin aras\u0131nda so\u011fuk r\u00fczgarlar esmi\u015fti. Ayr\u0131ld\u0131klar\u0131 konu\u015fulan ikilinin, yeni foto\u011fraflar\u0131 sosyal medyaya d\u00fc\u015ft\u00fc. TAT\u0130L D\u00d6N\u00dc\u015e\u00dc G\u00d6R\u00dcNT\u00dcLEND\u0130LER Haklar\u0131nda &hellip;\" \/>\n<meta property=\"og:url\" content=\"https:\/\/nasimword.ir\/?p=45508&amp;lang=tr\" \/>\n<meta property=\"og:site_name\" content=\"Nasim Word\" \/>\n<meta property=\"article:published_time\" content=\"2019-09-16T17:55:34+00:00\" \/>\n<meta property=\"og:image\" content=\"https:\/\/nasimword.ir\/wp-content\/uploads\/2019\/09\/170820191303162334918-1.jpg\" \/>\n\t<meta property=\"og:image:width\" content=\"970\" \/>\n\t<meta property=\"og:image:height\" content=\"545\" \/>\n\t<meta property=\"og:image:type\" content=\"image\/jpeg\" \/>\n<meta name=\"twitter:card\" content=\"summary\" \/>\n<meta name=\"twitter:label1\" content=\"\u0646\u0648\u0634\u062a\u0647\u200c\u0634\u062f\u0647 \u0628\u062f\u0633\u062a\" \/>\n\t<meta name=\"twitter:data1\" content=\"somaye\" \/>\n\t<meta name=\"twitter:label2\" content=\"\u0632\u0645\u0627\u0646 \u062a\u0642\u0631\u06cc\u0628\u06cc \u0628\u0631\u0627\u06cc \u062e\u0648\u0627\u0646\u062f\u0646\" \/>\n\t<meta name=\"twitter:data2\" content=\"1 \u062f\u0642\u06cc\u0642\u0647\" \/>\n<script type=\"application\/ld+json\" class=\"yoast-schema-graph\">{\"@context\":\"https:\/\/schema.org\",\"@graph\":[{\"@type\":\"WebSite\",\"@id\":\"https:\/\/nasimword.ir\/#website\",\"url\":\"https:\/\/nasimword.ir\/\",\"name\":\"Nasim Word\",\"description\":\"\u067e\u0648\u0631\u062a\u0627\u0644 \u062e\u0628\u0631\u06cc \u0648 \u062a\u062d\u0644\u06cc\u0644\u06cc \u0646\u0633\u06cc\u0645\",\"potentialAction\":[{\"@type\":\"SearchAction\",\"target\":{\"@type\":\"EntryPoint\",\"urlTemplate\":\"https:\/\/nasimword.ir\/?s={search_term_string}\"},\"query-input\":\"required name=search_term_string\"}],\"inLanguage\":\"fa-IR\"},{\"@type\":\"ImageObject\",\"@id\":\"https:\/\/nasimword.ir\/?p=45508&lang=tr#primaryimage\",\"inLanguage\":\"fa-IR\",\"url\":\"https:\/\/nasimword.ir\/wp-content\/uploads\/2019\/09\/170820191303162334918-1.jpg\",\"contentUrl\":\"https:\/\/nasimword.ir\/wp-content\/uploads\/2019\/09\/170820191303162334918-1.jpg\",\"width\":970,\"height\":545},{\"@type\":\"WebPage\",\"@id\":\"https:\/\/nasimword.ir\/?p=45508&lang=tr#webpage\",\"url\":\"https:\/\/nasimword.ir\/?p=45508&lang=tr\",\"name\":\"Birbirlerinden bir an olsun ayr\u0131lm\u0131yorlar! - Nasim Word\",\"isPartOf\":{\"@id\":\"https:\/\/nasimword.ir\/#website\"},\"primaryImageOfPage\":{\"@id\":\"https:\/\/nasimword.ir\/?p=45508&lang=tr#primaryimage\"},\"datePublished\":\"2019-09-16T17:55:34+00:00\",\"dateModified\":\"2019-09-16T17:55:34+00:00\",\"author\":{\"@id\":\"https:\/\/nasimword.ir\/#\/schema\/person\/4c5a701cb6f5716f361e924d0581801e\"},\"breadcrumb\":{\"@id\":\"https:\/\/nasimword.ir\/?p=45508&lang=tr#breadcrumb\"},\"inLanguage\":\"fa-IR\",\"potentialAction\":[{\"@type\":\"ReadAction\",\"target\":[\"https:\/\/nasimword.ir\/?p=45508&lang=tr\"]}]},{\"@type\":\"BreadcrumbList\",\"@id\":\"https:\/\/nasimword.ir\/?p=45508&lang=tr#breadcrumb\",\"itemListElement\":[{\"@type\":\"ListItem\",\"position\":1,\"name\":\"\u062e\u0627\u0646\u0647\",\"item\":\"https:\/\/nasimword.ir\/\"},{\"@type\":\"ListItem\",\"position\":2,\"name\":\"Birbirlerinden bir an olsun ayr\u0131lm\u0131yorlar!\"}]},{\"@type\":\"Person\",\"@id\":\"https:\/\/nasimword.ir\/#\/schema\/person\/4c5a701cb6f5716f361e924d0581801e\",\"name\":\"somaye\",\"image\":{\"@type\":\"ImageObject\",\"@id\":\"https:\/\/nasimword.ir\/#personlogo\",\"inLanguage\":\"fa-IR\",\"url\":\"https:\/\/secure.gravatar.com\/avatar\/1969d108d4e14d828407b1c82e2f7dab?s=96&d=mm&r=g\",\"contentUrl\":\"https:\/\/secure.gravatar.com\/avatar\/1969d108d4e14d828407b1c82e2f7dab?s=96&d=mm&r=g\",\"caption\":\"somaye\"},\"url\":\"https:\/\/nasimword.ir\/?author=22\"}]}<\/script>\n<!-- \/ Yoast SEO plugin. -->","yoast_head_json":{"title":"Birbirlerinden bir an olsun ayr\u0131lm\u0131yorlar! - Nasim Word","robots":{"index":"index","follow":"follow","max-snippet":"max-snippet:-1","max-image-preview":"max-image-preview:large","max-video-preview":"max-video-preview:-1"},"canonical":"https:\/\/nasimword.ir\/?p=45508&lang=tr","og_locale":"fa_IR","og_type":"article","og_title":"Birbirlerinden bir an olsun ayr\u0131lm\u0131yorlar! - Nasim Word","og_description":"Aralar\u0131nda so\u011fuk r\u00fczgarlar esti\u011fi iddia edilen Demet \u00d6zdemir ile Can Yaman, tatil d\u00f6n\u00fc\u015f\u00fc hayranlar\u0131 taraf\u0131ndan g\u00f6rn\u00fct\u00fclendi. Star TV&#8217;de yay\u0131nlanan Erkenci Ku\u015f dizisinde y\u0131ld\u0131zlar\u0131 parlayan Demet \u00d6zdemir ve Can Yaman&#8217;\u0131n, sette ba\u015flayan arkada\u015fl\u0131klar\u0131 a\u015fka ta\u015f\u0131nm\u0131\u015f, fakat dizinin bitmesine yak\u0131n ikilinin aras\u0131nda so\u011fuk r\u00fczgarlar esmi\u015fti. Ayr\u0131ld\u0131klar\u0131 konu\u015fulan ikilinin, yeni foto\u011fraflar\u0131 sosyal medyaya d\u00fc\u015ft\u00fc. TAT\u0130L D\u00d6N\u00dc\u015e\u00dc G\u00d6R\u00dcNT\u00dcLEND\u0130LER Haklar\u0131nda &hellip;","og_url":"https:\/\/nasimword.ir\/?p=45508&lang=tr","og_site_name":"Nasim Word","article_published_time":"2019-09-16T17:55:34+00:00","og_image":[{"width":970,"height":545,"url":"https:\/\/nasimword.ir\/wp-content\/uploads\/2019\/09\/170820191303162334918-1.jpg","type":"image\/jpeg"}],"twitter_card":"summary","twitter_misc":{"\u0646\u0648\u0634\u062a\u0647\u200c\u0634\u062f\u0647 \u0628\u062f\u0633\u062a":"somaye","\u0632\u0645\u0627\u0646 \u062a\u0642\u0631\u06cc\u0628\u06cc \u0628\u0631\u0627\u06cc \u062e\u0648\u0627\u0646\u062f\u0646":"1 \u062f\u0642\u06cc\u0642\u0647"},"schema":{"@context":"https:\/\/schema.org","@graph":[{"@type":"WebSite","@id":"https:\/\/nasimword.ir\/#website","url":"https:\/\/nasimword.ir\/","name":"Nasim Word","description":"\u067e\u0648\u0631\u062a\u0627\u0644 \u062e\u0628\u0631\u06cc \u0648 \u062a\u062d\u0644\u06cc\u0644\u06cc \u0646\u0633\u06cc\u0645","potentialAction":[{"@type":"SearchAction","target":{"@type":"EntryPoint","urlTemplate":"https:\/\/nasimword.ir\/?s={search_term_string}"},"query-input":"required name=search_term_string"}],"inLanguage":"fa-IR"},{"@type":"ImageObject","@id":"https:\/\/nasimword.ir\/?p=45508&lang=tr#primaryimage","inLanguage":"fa-IR","url":"https:\/\/nasimword.ir\/wp-content\/uploads\/2019\/09\/170820191303162334918-1.jpg","contentUrl":"https:\/\/nasimword.ir\/wp-content\/uploads\/2019\/09\/170820191303162334918-1.jpg","width":970,"height":545},{"@type":"WebPage","@id":"https:\/\/nasimword.ir\/?p=45508&lang=tr#webpage","url":"https:\/\/nasimword.ir\/?p=45508&lang=tr","name":"Birbirlerinden bir an olsun ayr\u0131lm\u0131yorlar! - Nasim Word","isPartOf":{"@id":"https:\/\/nasimword.ir\/#website"},"primaryImageOfPage":{"@id":"https:\/\/nasimword.ir\/?p=45508&lang=tr#primaryimage"},"datePublished":"2019-09-16T17:55:34+00:00","dateModified":"2019-09-16T17:55:34+00:00","author":{"@id":"https:\/\/nasimword.ir\/#\/schema\/person\/4c5a701cb6f5716f361e924d0581801e"},"breadcrumb":{"@id":"https:\/\/nasimword.ir\/?p=45508&lang=tr#breadcrumb"},"inLanguage":"fa-IR","potentialAction":[{"@type":"ReadAction","target":["https:\/\/nasimword.ir\/?p=45508&lang=tr"]}]},{"@type":"BreadcrumbList","@id":"https:\/\/nasimword.ir\/?p=45508&lang=tr#breadcrumb","itemListElement":[{"@type":"ListItem","position":1,"name":"\u062e\u0627\u0646\u0647","item":"https:\/\/nasimword.ir\/"},{"@type":"ListItem","position":2,"name":"Birbirlerinden bir an olsun ayr\u0131lm\u0131yorlar!"}]},{"@type":"Person","@id":"https:\/\/nasimword.ir\/#\/schema\/person\/4c5a701cb6f5716f361e924d0581801e","name":"somaye","image":{"@type":"ImageObject","@id":"https:\/\/nasimword.ir\/#personlogo","inLanguage":"fa-IR","url":"https:\/\/secure.gravatar.com\/avatar\/1969d108d4e14d828407b1c82e2f7dab?s=96&d=mm&r=g","contentUrl":"https:\/\/secure.gravatar.com\/avatar\/1969d108d4e14d828407b1c82e2f7dab?s=96&d=mm&r=g","caption":"somaye"},"url":"https:\/\/nasimword.ir\/?author=22"}]}},"_links":{"self":[{"href":"https:\/\/nasimword.ir\/index.php?rest_route=\/wp\/v2\/posts\/45508"}],"collection":[{"href":"https:\/\/nasimword.ir\/index.php?rest_route=\/wp\/v2\/posts"}],"about":[{"href":"https:\/\/nasimword.ir\/index.php?rest_route=\/wp\/v2\/types\/post"}],"author":[{"embeddable":true,"href":"https:\/\/nasimword.ir\/index.php?rest_route=\/wp\/v2\/users\/22"}],"replies":[{"embeddable":true,"href":"https:\/\/nasimword.ir\/index.php?rest_route=%2Fwp%2Fv2%2Fcomments&post=45508"}],"version-history":[{"count":0,"href":"https:\/\/nasimword.ir\/index.php?rest_route=\/wp\/v2\/posts\/45508\/revisions"}],"wp:featuredmedia":[{"embeddable":true,"href":"https:\/\/nasimword.ir\/index.php?rest_route=\/wp\/v2\/media\/45510"}],"wp:attachment":[{"href":"https:\/\/nasimword.ir\/index.php?rest_route=%2Fwp%2Fv2%2Fmedia&parent=45508"}],"wp:term":[{"taxonomy":"category","embeddable":true,"href":"https:\/\/nasimword.ir\/index.php?rest_route=%2Fwp%2Fv2%2Fcategories&post=45508"},{"taxonomy":"post_tag","embeddable":true,"href":"https:\/\/nasimword.ir\/index.php?rest_route=%2Fwp%2Fv2%2Ftags&post=45508"}],"curies":[{"name":"wp","href":"https:\/\/api.w.org\/{rel}","templated":true}]}}