{"id":47000,"date":"2019-10-17T16:19:44","date_gmt":"2019-10-17T12:49:44","guid":{"rendered":"http:\/\/nasimword.ir\/?p=47000"},"modified":"2019-10-17T16:19:44","modified_gmt":"2019-10-17T12:49:44","slug":"berguzar-korelden-aciklama-geldi","status":"publish","type":"post","link":"https:\/\/nasimword.ir\/?p=47000&lang=tr","title":{"rendered":"Berg\u00fczar Korel&#8217;den a\u00e7\u0131klama geldi!"},"content":{"rendered":"<p dir=\"ltr\">Ge\u00e7ti\u011fimiz hafta ablas\u0131 Zeynep Korel&#8217;in a\u00e7\u0131klamalar\u0131 ile magazin g\u00fcndeminde yer alan Berg\u00fczar Korel&#8217;den ilk a\u00e7\u0131klama geldi.<\/p>\n<p dir=\"ltr\"><img loading=\"lazy\" class=\"alignnone size-full wp-image-47002\" src=\"http:\/\/nasimword.ir\/wp-content\/uploads\/2019\/10\/347694.jpg\" alt=\"\" width=\"517\" height=\"320\" srcset=\"https:\/\/nasimword.ir\/wp-content\/uploads\/2019\/10\/347694.jpg 517w, https:\/\/nasimword.ir\/wp-content\/uploads\/2019\/10\/347694-300x186.jpg 300w\" sizes=\"(max-width: 517px) 100vw, 517px\" \/><\/p>\n<p dir=\"ltr\">\u0130kinci kez anne olmaya haz\u0131rlanan Berg\u00fczar Korel, e\u015fi Halit Ergen\u00e7 ile birlikte doktor kontrol\u00fc i\u00e7in Ni\u015fantas\u0131&#8217;ndayd\u0131. Korel muayenehane \u00e7\u0131k\u0131\u015f\u0131 gazetecilerin sorular\u0131n\u0131 yan\u0131tlad\u0131.<br \/>\nGe\u00e7ti\u011fimiz g\u00fcnlerde \u201cAmerika\u2019da evlere temizli\u011fe gidiyorum, kalan zaman\u0131mda k\u00f6pek gezdiriyorum\u201d a\u00e7\u0131klamas\u0131 yapan ablas\u0131 Zeynep Korel hakk\u0131nda ilk kez konu\u015ftu.<\/p>\n<p dir=\"ltr\"><img loading=\"lazy\" class=\"alignnone size-full wp-image-47001\" src=\"http:\/\/nasimword.ir\/wp-content\/uploads\/2019\/10\/5da69f677152d81f1875f5f5-9TE5.jpg\" alt=\"\" width=\"590\" height=\"689\" srcset=\"https:\/\/nasimword.ir\/wp-content\/uploads\/2019\/10\/5da69f677152d81f1875f5f5-9TE5.jpg 590w, https:\/\/nasimword.ir\/wp-content\/uploads\/2019\/10\/5da69f677152d81f1875f5f5-9TE5-257x300.jpg 257w\" sizes=\"(max-width: 590px) 100vw, 590px\" \/><\/p>\n<p dir=\"ltr\">Korel ablas\u0131 i\u00e7in \u201cBiz b\u00fct\u00fcn aile fertlerimizin se\u00e7imlerine, hayatlar\u0131na sayg\u0131 duyduk. Kendisi payla\u015ft\u0131, onun tercihidir. Sayg\u0131 duyuyoruz.\u201d dedi<\/p>\n<p dir=\"ltr\">\n","protected":false},"excerpt":{"rendered":"<p>Ge\u00e7ti\u011fimiz hafta ablas\u0131 Zeynep Korel&#8217;in a\u00e7\u0131klamalar\u0131 ile magazin g\u00fcndeminde yer alan Berg\u00fczar Korel&#8217;den ilk a\u00e7\u0131klama geldi. \u0130kinci kez anne olmaya haz\u0131rlanan Berg\u00fczar Korel, e\u015fi Halit Ergen\u00e7 ile birlikte doktor kontrol\u00fc i\u00e7in Ni\u015fantas\u0131&#8217;ndayd\u0131. Korel muayenehane \u00e7\u0131k\u0131\u015f\u0131 gazetecilerin sorular\u0131n\u0131 yan\u0131tlad\u0131. Ge\u00e7ti\u011fimiz g\u00fcnlerde \u201cAmerika\u2019da evlere temizli\u011fe gidiyorum, kalan zaman\u0131mda k\u00f6pek gezdiriyorum\u201d a\u00e7\u0131klamas\u0131 yapan ablas\u0131 Zeynep Korel hakk\u0131nda ilk &hellip;<\/p>\n","protected":false},"author":22,"featured_media":47002,"comment_status":"open","ping_status":"open","sticky":false,"template":"","format":"standard","meta":[],"categories":[14058,5955,11183],"tags":[],"yoast_head":"<!-- This site is optimized with the Yoast SEO plugin v18.3 - https:\/\/yoast.com\/wordpress\/plugins\/seo\/ -->\n<title>Berg\u00fczar Korel&#039;den a\u00e7\u0131klama geldi! - Nasim Word<\/title>\n<meta name=\"robots\" content=\"index, follow, max-snippet:-1, max-image-preview:large, max-video-preview:-1\" \/>\n<link rel=\"canonical\" href=\"https:\/\/nasimword.ir\/?p=47000&#038;lang=tr\" \/>\n<meta property=\"og:locale\" content=\"fa_IR\" \/>\n<meta property=\"og:type\" content=\"article\" \/>\n<meta property=\"og:title\" content=\"Berg\u00fczar Korel&#039;den a\u00e7\u0131klama geldi! - Nasim Word\" \/>\n<meta property=\"og:description\" content=\"Ge\u00e7ti\u011fimiz hafta ablas\u0131 Zeynep Korel&#8217;in a\u00e7\u0131klamalar\u0131 ile magazin g\u00fcndeminde yer alan Berg\u00fczar Korel&#8217;den ilk a\u00e7\u0131klama geldi. \u0130kinci kez anne olmaya haz\u0131rlanan Berg\u00fczar Korel, e\u015fi Halit Ergen\u00e7 ile birlikte doktor kontrol\u00fc i\u00e7in Ni\u015fantas\u0131&#8217;ndayd\u0131. Korel muayenehane \u00e7\u0131k\u0131\u015f\u0131 gazetecilerin sorular\u0131n\u0131 yan\u0131tlad\u0131. Ge\u00e7ti\u011fimiz g\u00fcnlerde \u201cAmerika\u2019da evlere temizli\u011fe gidiyorum, kalan zaman\u0131mda k\u00f6pek gezdiriyorum\u201d a\u00e7\u0131klamas\u0131 yapan ablas\u0131 Zeynep Korel hakk\u0131nda ilk &hellip;\" \/>\n<meta property=\"og:url\" content=\"https:\/\/nasimword.ir\/?p=47000&amp;lang=tr\" \/>\n<meta property=\"og:site_name\" content=\"Nasim Word\" \/>\n<meta property=\"article:published_time\" content=\"2019-10-17T12:49:44+00:00\" \/>\n<meta property=\"og:image\" content=\"https:\/\/nasimword.ir\/wp-content\/uploads\/2019\/10\/347694.jpg\" \/>\n\t<meta property=\"og:image:width\" content=\"517\" \/>\n\t<meta property=\"og:image:height\" content=\"320\" \/>\n\t<meta property=\"og:image:type\" content=\"image\/jpeg\" \/>\n<meta name=\"twitter:card\" content=\"summary\" \/>\n<meta name=\"twitter:label1\" content=\"\u0646\u0648\u0634\u062a\u0647\u200c\u0634\u062f\u0647 \u0628\u062f\u0633\u062a\" \/>\n\t<meta name=\"twitter:data1\" content=\"somaye\" \/>\n\t<meta name=\"twitter:label2\" content=\"\u0632\u0645\u0627\u0646 \u062a\u0642\u0631\u06cc\u0628\u06cc \u0628\u0631\u0627\u06cc \u062e\u0648\u0627\u0646\u062f\u0646\" \/>\n\t<meta name=\"twitter:data2\" content=\"1 \u062f\u0642\u06cc\u0642\u0647\" \/>\n<script type=\"application\/ld+json\" class=\"yoast-schema-graph\">{\"@context\":\"https:\/\/schema.org\",\"@graph\":[{\"@type\":\"WebSite\",\"@id\":\"https:\/\/nasimword.ir\/#website\",\"url\":\"https:\/\/nasimword.ir\/\",\"name\":\"Nasim Word\",\"description\":\"\u067e\u0648\u0631\u062a\u0627\u0644 \u062e\u0628\u0631\u06cc \u0648 \u062a\u062d\u0644\u06cc\u0644\u06cc \u0646\u0633\u06cc\u0645\",\"potentialAction\":[{\"@type\":\"SearchAction\",\"target\":{\"@type\":\"EntryPoint\",\"urlTemplate\":\"https:\/\/nasimword.ir\/?s={search_term_string}\"},\"query-input\":\"required name=search_term_string\"}],\"inLanguage\":\"fa-IR\"},{\"@type\":\"ImageObject\",\"@id\":\"https:\/\/nasimword.ir\/?p=47000&lang=tr#primaryimage\",\"inLanguage\":\"fa-IR\",\"url\":\"https:\/\/nasimword.ir\/wp-content\/uploads\/2019\/10\/347694.jpg\",\"contentUrl\":\"https:\/\/nasimword.ir\/wp-content\/uploads\/2019\/10\/347694.jpg\",\"width\":517,\"height\":320},{\"@type\":\"WebPage\",\"@id\":\"https:\/\/nasimword.ir\/?p=47000&lang=tr#webpage\",\"url\":\"https:\/\/nasimword.ir\/?p=47000&lang=tr\",\"name\":\"Berg\u00fczar Korel'den a\u00e7\u0131klama geldi! - Nasim Word\",\"isPartOf\":{\"@id\":\"https:\/\/nasimword.ir\/#website\"},\"primaryImageOfPage\":{\"@id\":\"https:\/\/nasimword.ir\/?p=47000&lang=tr#primaryimage\"},\"datePublished\":\"2019-10-17T12:49:44+00:00\",\"dateModified\":\"2019-10-17T12:49:44+00:00\",\"author\":{\"@id\":\"https:\/\/nasimword.ir\/#\/schema\/person\/4c5a701cb6f5716f361e924d0581801e\"},\"breadcrumb\":{\"@id\":\"https:\/\/nasimword.ir\/?p=47000&lang=tr#breadcrumb\"},\"inLanguage\":\"fa-IR\",\"potentialAction\":[{\"@type\":\"ReadAction\",\"target\":[\"https:\/\/nasimword.ir\/?p=47000&lang=tr\"]}]},{\"@type\":\"BreadcrumbList\",\"@id\":\"https:\/\/nasimword.ir\/?p=47000&lang=tr#breadcrumb\",\"itemListElement\":[{\"@type\":\"ListItem\",\"position\":1,\"name\":\"\u062e\u0627\u0646\u0647\",\"item\":\"https:\/\/nasimword.ir\/\"},{\"@type\":\"ListItem\",\"position\":2,\"name\":\"Berg\u00fczar Korel&#8217;den a\u00e7\u0131klama geldi!\"}]},{\"@type\":\"Person\",\"@id\":\"https:\/\/nasimword.ir\/#\/schema\/person\/4c5a701cb6f5716f361e924d0581801e\",\"name\":\"somaye\",\"image\":{\"@type\":\"ImageObject\",\"@id\":\"https:\/\/nasimword.ir\/#personlogo\",\"inLanguage\":\"fa-IR\",\"url\":\"https:\/\/secure.gravatar.com\/avatar\/1969d108d4e14d828407b1c82e2f7dab?s=96&d=mm&r=g\",\"contentUrl\":\"https:\/\/secure.gravatar.com\/avatar\/1969d108d4e14d828407b1c82e2f7dab?s=96&d=mm&r=g\",\"caption\":\"somaye\"},\"url\":\"https:\/\/nasimword.ir\/?author=22\"}]}<\/script>\n<!-- \/ Yoast SEO plugin. -->","yoast_head_json":{"title":"Berg\u00fczar Korel'den a\u00e7\u0131klama geldi! - Nasim Word","robots":{"index":"index","follow":"follow","max-snippet":"max-snippet:-1","max-image-preview":"max-image-preview:large","max-video-preview":"max-video-preview:-1"},"canonical":"https:\/\/nasimword.ir\/?p=47000&lang=tr","og_locale":"fa_IR","og_type":"article","og_title":"Berg\u00fczar Korel'den a\u00e7\u0131klama geldi! - Nasim Word","og_description":"Ge\u00e7ti\u011fimiz hafta ablas\u0131 Zeynep Korel&#8217;in a\u00e7\u0131klamalar\u0131 ile magazin g\u00fcndeminde yer alan Berg\u00fczar Korel&#8217;den ilk a\u00e7\u0131klama geldi. \u0130kinci kez anne olmaya haz\u0131rlanan Berg\u00fczar Korel, e\u015fi Halit Ergen\u00e7 ile birlikte doktor kontrol\u00fc i\u00e7in Ni\u015fantas\u0131&#8217;ndayd\u0131. Korel muayenehane \u00e7\u0131k\u0131\u015f\u0131 gazetecilerin sorular\u0131n\u0131 yan\u0131tlad\u0131. Ge\u00e7ti\u011fimiz g\u00fcnlerde \u201cAmerika\u2019da evlere temizli\u011fe gidiyorum, kalan zaman\u0131mda k\u00f6pek gezdiriyorum\u201d a\u00e7\u0131klamas\u0131 yapan ablas\u0131 Zeynep Korel hakk\u0131nda ilk &hellip;","og_url":"https:\/\/nasimword.ir\/?p=47000&lang=tr","og_site_name":"Nasim Word","article_published_time":"2019-10-17T12:49:44+00:00","og_image":[{"width":517,"height":320,"url":"https:\/\/nasimword.ir\/wp-content\/uploads\/2019\/10\/347694.jpg","type":"image\/jpeg"}],"twitter_card":"summary","twitter_misc":{"\u0646\u0648\u0634\u062a\u0647\u200c\u0634\u062f\u0647 \u0628\u062f\u0633\u062a":"somaye","\u0632\u0645\u0627\u0646 \u062a\u0642\u0631\u06cc\u0628\u06cc \u0628\u0631\u0627\u06cc \u062e\u0648\u0627\u0646\u062f\u0646":"1 \u062f\u0642\u06cc\u0642\u0647"},"schema":{"@context":"https:\/\/schema.org","@graph":[{"@type":"WebSite","@id":"https:\/\/nasimword.ir\/#website","url":"https:\/\/nasimword.ir\/","name":"Nasim Word","description":"\u067e\u0648\u0631\u062a\u0627\u0644 \u062e\u0628\u0631\u06cc \u0648 \u062a\u062d\u0644\u06cc\u0644\u06cc \u0646\u0633\u06cc\u0645","potentialAction":[{"@type":"SearchAction","target":{"@type":"EntryPoint","urlTemplate":"https:\/\/nasimword.ir\/?s={search_term_string}"},"query-input":"required name=search_term_string"}],"inLanguage":"fa-IR"},{"@type":"ImageObject","@id":"https:\/\/nasimword.ir\/?p=47000&lang=tr#primaryimage","inLanguage":"fa-IR","url":"https:\/\/nasimword.ir\/wp-content\/uploads\/2019\/10\/347694.jpg","contentUrl":"https:\/\/nasimword.ir\/wp-content\/uploads\/2019\/10\/347694.jpg","width":517,"height":320},{"@type":"WebPage","@id":"https:\/\/nasimword.ir\/?p=47000&lang=tr#webpage","url":"https:\/\/nasimword.ir\/?p=47000&lang=tr","name":"Berg\u00fczar Korel'den a\u00e7\u0131klama geldi! - Nasim Word","isPartOf":{"@id":"https:\/\/nasimword.ir\/#website"},"primaryImageOfPage":{"@id":"https:\/\/nasimword.ir\/?p=47000&lang=tr#primaryimage"},"datePublished":"2019-10-17T12:49:44+00:00","dateModified":"2019-10-17T12:49:44+00:00","author":{"@id":"https:\/\/nasimword.ir\/#\/schema\/person\/4c5a701cb6f5716f361e924d0581801e"},"breadcrumb":{"@id":"https:\/\/nasimword.ir\/?p=47000&lang=tr#breadcrumb"},"inLanguage":"fa-IR","potentialAction":[{"@type":"ReadAction","target":["https:\/\/nasimword.ir\/?p=47000&lang=tr"]}]},{"@type":"BreadcrumbList","@id":"https:\/\/nasimword.ir\/?p=47000&lang=tr#breadcrumb","itemListElement":[{"@type":"ListItem","position":1,"name":"\u062e\u0627\u0646\u0647","item":"https:\/\/nasimword.ir\/"},{"@type":"ListItem","position":2,"name":"Berg\u00fczar Korel&#8217;den a\u00e7\u0131klama geldi!"}]},{"@type":"Person","@id":"https:\/\/nasimword.ir\/#\/schema\/person\/4c5a701cb6f5716f361e924d0581801e","name":"somaye","image":{"@type":"ImageObject","@id":"https:\/\/nasimword.ir\/#personlogo","inLanguage":"fa-IR","url":"https:\/\/secure.gravatar.com\/avatar\/1969d108d4e14d828407b1c82e2f7dab?s=96&d=mm&r=g","contentUrl":"https:\/\/secure.gravatar.com\/avatar\/1969d108d4e14d828407b1c82e2f7dab?s=96&d=mm&r=g","caption":"somaye"},"url":"https:\/\/nasimword.ir\/?author=22"}]}},"_links":{"self":[{"href":"https:\/\/nasimword.ir\/index.php?rest_route=\/wp\/v2\/posts\/47000"}],"collection":[{"href":"https:\/\/nasimword.ir\/index.php?rest_route=\/wp\/v2\/posts"}],"about":[{"href":"https:\/\/nasimword.ir\/index.php?rest_route=\/wp\/v2\/types\/post"}],"author":[{"embeddable":true,"href":"https:\/\/nasimword.ir\/index.php?rest_route=\/wp\/v2\/users\/22"}],"replies":[{"embeddable":true,"href":"https:\/\/nasimword.ir\/index.php?rest_route=%2Fwp%2Fv2%2Fcomments&post=47000"}],"version-history":[{"count":0,"href":"https:\/\/nasimword.ir\/index.php?rest_route=\/wp\/v2\/posts\/47000\/revisions"}],"wp:featuredmedia":[{"embeddable":true,"href":"https:\/\/nasimword.ir\/index.php?rest_route=\/wp\/v2\/media\/47002"}],"wp:attachment":[{"href":"https:\/\/nasimword.ir\/index.php?rest_route=%2Fwp%2Fv2%2Fmedia&parent=47000"}],"wp:term":[{"taxonomy":"category","embeddable":true,"href":"https:\/\/nasimword.ir\/index.php?rest_route=%2Fwp%2Fv2%2Fcategories&post=47000"},{"taxonomy":"post_tag","embeddable":true,"href":"https:\/\/nasimword.ir\/index.php?rest_route=%2Fwp%2Fv2%2Ftags&post=47000"}],"curies":[{"name":"wp","href":"https:\/\/api.w.org\/{rel}","templated":true}]}}