{"id":51176,"date":"2019-12-19T15:39:54","date_gmt":"2019-12-19T12:09:54","guid":{"rendered":"http:\/\/nasimword.ir\/?p=51176"},"modified":"2019-12-19T15:39:54","modified_gmt":"2019-12-19T12:09:54","slug":"beren-saat-ile-ilgili-gercek-ortaya-cikti","status":"publish","type":"post","link":"https:\/\/nasimword.ir\/?p=51176&lang=tr","title":{"rendered":"Beren Saat ile ilgili ger\u00e7ek ortaya \u00e7\u0131kt\u0131!"},"content":{"rendered":"<p dir=\"ltr\">Yazar \u00d6zay \u015eendir, bug\u00fcnk\u00fc yaz\u0131s\u0131nda Beren Saat&#8217;in g\u00fcnlerdir sosyal medyada konu\u015fulan foto\u011fraf\u0131n\u0131 kaleme ald\u0131.<\/p>\n<p dir=\"ltr\"><img loading=\"lazy\" class=\"alignnone size-full wp-image-51177\" src=\"http:\/\/nasimword.ir\/wp-content\/uploads\/2019\/12\/AAAABWGCj3q9PpWWqOQe_TFpnH49758jO-T1LgFkb9EUMWdRvWAePyaE3pdO92bfzRjxVIoNUvEjerU_hX871ch-p9uHp8O9.jpg\" alt=\"\" width=\"1280\" height=\"618\" srcset=\"https:\/\/nasimword.ir\/wp-content\/uploads\/2019\/12\/AAAABWGCj3q9PpWWqOQe_TFpnH49758jO-T1LgFkb9EUMWdRvWAePyaE3pdO92bfzRjxVIoNUvEjerU_hX871ch-p9uHp8O9.jpg 1280w, https:\/\/nasimword.ir\/wp-content\/uploads\/2019\/12\/AAAABWGCj3q9PpWWqOQe_TFpnH49758jO-T1LgFkb9EUMWdRvWAePyaE3pdO92bfzRjxVIoNUvEjerU_hX871ch-p9uHp8O9-300x145.jpg 300w, https:\/\/nasimword.ir\/wp-content\/uploads\/2019\/12\/AAAABWGCj3q9PpWWqOQe_TFpnH49758jO-T1LgFkb9EUMWdRvWAePyaE3pdO92bfzRjxVIoNUvEjerU_hX871ch-p9uHp8O9-768x371.jpg 768w, https:\/\/nasimword.ir\/wp-content\/uploads\/2019\/12\/AAAABWGCj3q9PpWWqOQe_TFpnH49758jO-T1LgFkb9EUMWdRvWAePyaE3pdO92bfzRjxVIoNUvEjerU_hX871ch-p9uHp8O9-1024x494.jpg 1024w\" sizes=\"(max-width: 1280px) 100vw, 1280px\" \/><\/p>\n<p dir=\"ltr\">Oyuncu Beren Saat\u2019in ba\u015frol\u00fcnde yer ald\u0131\u011f\u0131 Netflix yap\u0131m\u0131 Atiye dizisi i\u00e7in verdi\u011fi poz konu\u015fulmaya devam ediyor.<\/p>\n<p dir=\"ltr\">Milliyet yazar\u0131 \u00d6zay \u015eendir, bug\u00fcnk\u00fc yaz\u0131s\u0131nda Beren Saat\u2019in, Atiye dizisi i\u00e7in verdi\u011fi, sosyal medyada \u00e7ok konu\u015fulan foto\u011fraf hakk\u0131nda yazd\u0131. Instagram hesab\u0131ndan Atiye dizisi i\u00e7in eyaz elbisesinin eteklerini a\u00e7arak yerde yat\u0131p poz veren Saat\u2019in, i\u00e7 \u00e7ama\u015f\u0131rs\u0131z oldu\u011fu iddia edilmi\u015fti.<\/p>\n<p dir=\"ltr\">\u00d6zay \u015eendir, \u201cBeren Ama De\u011fil\u201d ba\u015fl\u0131kl\u0131 yaz\u0131s\u0131nda, sosyal medyada konu\u015fulan o foto\u011fraf hakk\u0131nda, \u201c\u00d6nce \u2018neleri merak ediyoruz ve neden bu kadar bacak aras\u0131 tak\u0131nt\u0131l\u0131y\u0131z?\u2019 diye d\u00fc\u015f\u00fcnd\u00fcm. Sonra oyuncunun yetenek eksikli\u011fini beden sergileyerek gidermeye \u00e7al\u0131\u015fanlardan olmad\u0131\u011f\u0131n\u0131 da unutmu\u015fuz diye hay\u0131fland\u0131m\u201d dedi.<\/p>\n<p dir=\"ltr\"><img loading=\"lazy\" class=\"alignnone size-full wp-image-51178\" src=\"http:\/\/nasimword.ir\/wp-content\/uploads\/2019\/12\/atiye_fragman-800x480.jpg\" alt=\"\" width=\"800\" height=\"480\" srcset=\"https:\/\/nasimword.ir\/wp-content\/uploads\/2019\/12\/atiye_fragman-800x480.jpg 800w, https:\/\/nasimword.ir\/wp-content\/uploads\/2019\/12\/atiye_fragman-800x480-300x180.jpg 300w, https:\/\/nasimword.ir\/wp-content\/uploads\/2019\/12\/atiye_fragman-800x480-768x461.jpg 768w\" sizes=\"(max-width: 800px) 100vw, 800px\" \/><\/p>\n<p dir=\"ltr\">&#8220;Bir s\u00fcr\u00fc insan merak etmi\u015f, Beren Saat\u2019in sosyal medyada payla\u015ft\u0131\u011f\u0131 bu foto\u011fraf \u00e7ekilirken alt\u0131nda \u00e7ama\u015f\u0131r var m\u0131yd\u0131, yok muydu diye&#8230;<\/p>\n<p dir=\"ltr\">\u00d6nce \u2018neleri merak ediyoruz ve neden bu kadar bacak aras\u0131 tak\u0131nt\u0131l\u0131y\u0131z?\u2019 diye d\u00fc\u015f\u00fcnd\u00fcm. Sonra oyuncunun yetenek eksikli\u011fini beden sergileyerek gidermeye \u00e7al\u0131\u015fanlardan olmad\u0131\u011f\u0131n\u0131 da unutmu\u015fuz diye hay\u0131fland\u0131m. Foto\u011frafta g\u00f6rd\u00fc\u011f\u00fcm\u00fcz kad\u0131n da asl\u0131nda Saat ama de\u011fil. Netflix\u2019te 27 Aral\u0131k\u2019ta g\u00f6sterime girecek \u2018Atiye\u2019 dizisi i\u00e7in yap\u0131lm\u0131\u015f r\u00f6portaj s\u0131ras\u0131nda \u00e7ekilmi\u015f bir kare o. Sayfaya koydu\u011fum foto\u011fraflara bakacak olursan\u0131z, zaten iki karede de ayn\u0131 elbise var \u00fczerinde.<\/p>\n<p dir=\"ltr\">BBC\u2019nin aral\u0131kta izlenmesi tavsiyesinde bulundu\u011fu 10 yap\u0131mdan birisi \u2018Atiye\u2019 ve senaryodan d\u0131\u015far\u0131 s\u0131zanlara bakacak olursak, G\u00f6beklitepe bulunan bir sembol\u00fcn ruhunda f\u0131rt\u0131nalar yaratt\u0131\u011f\u0131 bir ressam\u0131 oynayacak Saat&#8230; O y\u00fczden sosyal medya hesaplar\u0131nda g\u00f6rd\u00fc\u011f\u00fcm\u00fcz her foto\u011fraf\u0131n \u00fczerine atlamamak ve fahri \u00e7ama\u015f\u0131r m\u00fcfetti\u015fi rol\u00fcne b\u00fcr\u00fcnmemek laz\u0131m.&#8221;<\/p>\n<p dir=\"ltr\">\n<p dir=\"ltr\">\n","protected":false},"excerpt":{"rendered":"<p>Yazar \u00d6zay \u015eendir, bug\u00fcnk\u00fc yaz\u0131s\u0131nda Beren Saat&#8217;in g\u00fcnlerdir sosyal medyada konu\u015fulan foto\u011fraf\u0131n\u0131 kaleme ald\u0131. Oyuncu Beren Saat\u2019in ba\u015frol\u00fcnde yer ald\u0131\u011f\u0131 Netflix yap\u0131m\u0131 Atiye dizisi i\u00e7in verdi\u011fi poz konu\u015fulmaya devam ediyor. Milliyet yazar\u0131 \u00d6zay \u015eendir, bug\u00fcnk\u00fc yaz\u0131s\u0131nda Beren Saat\u2019in, Atiye dizisi i\u00e7in verdi\u011fi, sosyal medyada \u00e7ok konu\u015fulan foto\u011fraf hakk\u0131nda yazd\u0131. Instagram hesab\u0131ndan Atiye dizisi i\u00e7in eyaz &hellip;<\/p>\n","protected":false},"author":22,"featured_media":51177,"comment_status":"open","ping_status":"open","sticky":false,"template":"","format":"standard","meta":[],"categories":[11175,14058],"tags":[],"yoast_head":"<!-- This site is optimized with the Yoast SEO plugin v18.3 - https:\/\/yoast.com\/wordpress\/plugins\/seo\/ -->\n<title>Beren Saat ile ilgili ger\u00e7ek ortaya \u00e7\u0131kt\u0131! - Nasim Word<\/title>\n<meta name=\"robots\" content=\"index, follow, max-snippet:-1, max-image-preview:large, max-video-preview:-1\" \/>\n<link rel=\"canonical\" href=\"https:\/\/nasimword.ir\/?p=51176&#038;lang=tr\" \/>\n<meta property=\"og:locale\" content=\"fa_IR\" \/>\n<meta property=\"og:type\" content=\"article\" \/>\n<meta property=\"og:title\" content=\"Beren Saat ile ilgili ger\u00e7ek ortaya \u00e7\u0131kt\u0131! - Nasim Word\" \/>\n<meta property=\"og:description\" content=\"Yazar \u00d6zay \u015eendir, bug\u00fcnk\u00fc yaz\u0131s\u0131nda Beren Saat&#8217;in g\u00fcnlerdir sosyal medyada konu\u015fulan foto\u011fraf\u0131n\u0131 kaleme ald\u0131. Oyuncu Beren Saat\u2019in ba\u015frol\u00fcnde yer ald\u0131\u011f\u0131 Netflix yap\u0131m\u0131 Atiye dizisi i\u00e7in verdi\u011fi poz konu\u015fulmaya devam ediyor. Milliyet yazar\u0131 \u00d6zay \u015eendir, bug\u00fcnk\u00fc yaz\u0131s\u0131nda Beren Saat\u2019in, Atiye dizisi i\u00e7in verdi\u011fi, sosyal medyada \u00e7ok konu\u015fulan foto\u011fraf hakk\u0131nda yazd\u0131. Instagram hesab\u0131ndan Atiye dizisi i\u00e7in eyaz &hellip;\" \/>\n<meta property=\"og:url\" content=\"https:\/\/nasimword.ir\/?p=51176&amp;lang=tr\" \/>\n<meta property=\"og:site_name\" content=\"Nasim Word\" \/>\n<meta property=\"article:published_time\" content=\"2019-12-19T12:09:54+00:00\" \/>\n<meta property=\"og:image\" content=\"https:\/\/nasimword.ir\/wp-content\/uploads\/2019\/12\/AAAABWGCj3q9PpWWqOQe_TFpnH49758jO-T1LgFkb9EUMWdRvWAePyaE3pdO92bfzRjxVIoNUvEjerU_hX871ch-p9uHp8O9.jpg\" \/>\n\t<meta property=\"og:image:width\" content=\"1280\" \/>\n\t<meta property=\"og:image:height\" content=\"618\" \/>\n\t<meta property=\"og:image:type\" content=\"image\/jpeg\" \/>\n<meta name=\"twitter:card\" content=\"summary\" \/>\n<meta name=\"twitter:label1\" content=\"\u0646\u0648\u0634\u062a\u0647\u200c\u0634\u062f\u0647 \u0628\u062f\u0633\u062a\" \/>\n\t<meta name=\"twitter:data1\" content=\"somaye\" \/>\n\t<meta name=\"twitter:label2\" content=\"\u0632\u0645\u0627\u0646 \u062a\u0642\u0631\u06cc\u0628\u06cc \u0628\u0631\u0627\u06cc \u062e\u0648\u0627\u0646\u062f\u0646\" \/>\n\t<meta name=\"twitter:data2\" content=\"2 \u062f\u0642\u06cc\u0642\u0647\" \/>\n<script type=\"application\/ld+json\" class=\"yoast-schema-graph\">{\"@context\":\"https:\/\/schema.org\",\"@graph\":[{\"@type\":\"WebSite\",\"@id\":\"https:\/\/nasimword.ir\/#website\",\"url\":\"https:\/\/nasimword.ir\/\",\"name\":\"Nasim Word\",\"description\":\"\u067e\u0648\u0631\u062a\u0627\u0644 \u062e\u0628\u0631\u06cc \u0648 \u062a\u062d\u0644\u06cc\u0644\u06cc \u0646\u0633\u06cc\u0645\",\"potentialAction\":[{\"@type\":\"SearchAction\",\"target\":{\"@type\":\"EntryPoint\",\"urlTemplate\":\"https:\/\/nasimword.ir\/?s={search_term_string}\"},\"query-input\":\"required name=search_term_string\"}],\"inLanguage\":\"fa-IR\"},{\"@type\":\"ImageObject\",\"@id\":\"https:\/\/nasimword.ir\/?p=51176&lang=tr#primaryimage\",\"inLanguage\":\"fa-IR\",\"url\":\"https:\/\/nasimword.ir\/wp-content\/uploads\/2019\/12\/AAAABWGCj3q9PpWWqOQe_TFpnH49758jO-T1LgFkb9EUMWdRvWAePyaE3pdO92bfzRjxVIoNUvEjerU_hX871ch-p9uHp8O9.jpg\",\"contentUrl\":\"https:\/\/nasimword.ir\/wp-content\/uploads\/2019\/12\/AAAABWGCj3q9PpWWqOQe_TFpnH49758jO-T1LgFkb9EUMWdRvWAePyaE3pdO92bfzRjxVIoNUvEjerU_hX871ch-p9uHp8O9.jpg\",\"width\":1280,\"height\":618},{\"@type\":\"WebPage\",\"@id\":\"https:\/\/nasimword.ir\/?p=51176&lang=tr#webpage\",\"url\":\"https:\/\/nasimword.ir\/?p=51176&lang=tr\",\"name\":\"Beren Saat ile ilgili ger\u00e7ek ortaya \u00e7\u0131kt\u0131! - Nasim Word\",\"isPartOf\":{\"@id\":\"https:\/\/nasimword.ir\/#website\"},\"primaryImageOfPage\":{\"@id\":\"https:\/\/nasimword.ir\/?p=51176&lang=tr#primaryimage\"},\"datePublished\":\"2019-12-19T12:09:54+00:00\",\"dateModified\":\"2019-12-19T12:09:54+00:00\",\"author\":{\"@id\":\"https:\/\/nasimword.ir\/#\/schema\/person\/4c5a701cb6f5716f361e924d0581801e\"},\"breadcrumb\":{\"@id\":\"https:\/\/nasimword.ir\/?p=51176&lang=tr#breadcrumb\"},\"inLanguage\":\"fa-IR\",\"potentialAction\":[{\"@type\":\"ReadAction\",\"target\":[\"https:\/\/nasimword.ir\/?p=51176&lang=tr\"]}]},{\"@type\":\"BreadcrumbList\",\"@id\":\"https:\/\/nasimword.ir\/?p=51176&lang=tr#breadcrumb\",\"itemListElement\":[{\"@type\":\"ListItem\",\"position\":1,\"name\":\"\u062e\u0627\u0646\u0647\",\"item\":\"https:\/\/nasimword.ir\/\"},{\"@type\":\"ListItem\",\"position\":2,\"name\":\"Beren Saat ile ilgili ger\u00e7ek ortaya \u00e7\u0131kt\u0131!\"}]},{\"@type\":\"Person\",\"@id\":\"https:\/\/nasimword.ir\/#\/schema\/person\/4c5a701cb6f5716f361e924d0581801e\",\"name\":\"somaye\",\"image\":{\"@type\":\"ImageObject\",\"@id\":\"https:\/\/nasimword.ir\/#personlogo\",\"inLanguage\":\"fa-IR\",\"url\":\"https:\/\/secure.gravatar.com\/avatar\/1969d108d4e14d828407b1c82e2f7dab?s=96&d=mm&r=g\",\"contentUrl\":\"https:\/\/secure.gravatar.com\/avatar\/1969d108d4e14d828407b1c82e2f7dab?s=96&d=mm&r=g\",\"caption\":\"somaye\"},\"url\":\"https:\/\/nasimword.ir\/?author=22\"}]}<\/script>\n<!-- \/ Yoast SEO plugin. -->","yoast_head_json":{"title":"Beren Saat ile ilgili ger\u00e7ek ortaya \u00e7\u0131kt\u0131! - Nasim Word","robots":{"index":"index","follow":"follow","max-snippet":"max-snippet:-1","max-image-preview":"max-image-preview:large","max-video-preview":"max-video-preview:-1"},"canonical":"https:\/\/nasimword.ir\/?p=51176&lang=tr","og_locale":"fa_IR","og_type":"article","og_title":"Beren Saat ile ilgili ger\u00e7ek ortaya \u00e7\u0131kt\u0131! - Nasim Word","og_description":"Yazar \u00d6zay \u015eendir, bug\u00fcnk\u00fc yaz\u0131s\u0131nda Beren Saat&#8217;in g\u00fcnlerdir sosyal medyada konu\u015fulan foto\u011fraf\u0131n\u0131 kaleme ald\u0131. Oyuncu Beren Saat\u2019in ba\u015frol\u00fcnde yer ald\u0131\u011f\u0131 Netflix yap\u0131m\u0131 Atiye dizisi i\u00e7in verdi\u011fi poz konu\u015fulmaya devam ediyor. Milliyet yazar\u0131 \u00d6zay \u015eendir, bug\u00fcnk\u00fc yaz\u0131s\u0131nda Beren Saat\u2019in, Atiye dizisi i\u00e7in verdi\u011fi, sosyal medyada \u00e7ok konu\u015fulan foto\u011fraf hakk\u0131nda yazd\u0131. Instagram hesab\u0131ndan Atiye dizisi i\u00e7in eyaz &hellip;","og_url":"https:\/\/nasimword.ir\/?p=51176&lang=tr","og_site_name":"Nasim Word","article_published_time":"2019-12-19T12:09:54+00:00","og_image":[{"width":1280,"height":618,"url":"https:\/\/nasimword.ir\/wp-content\/uploads\/2019\/12\/AAAABWGCj3q9PpWWqOQe_TFpnH49758jO-T1LgFkb9EUMWdRvWAePyaE3pdO92bfzRjxVIoNUvEjerU_hX871ch-p9uHp8O9.jpg","type":"image\/jpeg"}],"twitter_card":"summary","twitter_misc":{"\u0646\u0648\u0634\u062a\u0647\u200c\u0634\u062f\u0647 \u0628\u062f\u0633\u062a":"somaye","\u0632\u0645\u0627\u0646 \u062a\u0642\u0631\u06cc\u0628\u06cc \u0628\u0631\u0627\u06cc \u062e\u0648\u0627\u0646\u062f\u0646":"2 \u062f\u0642\u06cc\u0642\u0647"},"schema":{"@context":"https:\/\/schema.org","@graph":[{"@type":"WebSite","@id":"https:\/\/nasimword.ir\/#website","url":"https:\/\/nasimword.ir\/","name":"Nasim Word","description":"\u067e\u0648\u0631\u062a\u0627\u0644 \u062e\u0628\u0631\u06cc \u0648 \u062a\u062d\u0644\u06cc\u0644\u06cc \u0646\u0633\u06cc\u0645","potentialAction":[{"@type":"SearchAction","target":{"@type":"EntryPoint","urlTemplate":"https:\/\/nasimword.ir\/?s={search_term_string}"},"query-input":"required name=search_term_string"}],"inLanguage":"fa-IR"},{"@type":"ImageObject","@id":"https:\/\/nasimword.ir\/?p=51176&lang=tr#primaryimage","inLanguage":"fa-IR","url":"https:\/\/nasimword.ir\/wp-content\/uploads\/2019\/12\/AAAABWGCj3q9PpWWqOQe_TFpnH49758jO-T1LgFkb9EUMWdRvWAePyaE3pdO92bfzRjxVIoNUvEjerU_hX871ch-p9uHp8O9.jpg","contentUrl":"https:\/\/nasimword.ir\/wp-content\/uploads\/2019\/12\/AAAABWGCj3q9PpWWqOQe_TFpnH49758jO-T1LgFkb9EUMWdRvWAePyaE3pdO92bfzRjxVIoNUvEjerU_hX871ch-p9uHp8O9.jpg","width":1280,"height":618},{"@type":"WebPage","@id":"https:\/\/nasimword.ir\/?p=51176&lang=tr#webpage","url":"https:\/\/nasimword.ir\/?p=51176&lang=tr","name":"Beren Saat ile ilgili ger\u00e7ek ortaya \u00e7\u0131kt\u0131! - Nasim Word","isPartOf":{"@id":"https:\/\/nasimword.ir\/#website"},"primaryImageOfPage":{"@id":"https:\/\/nasimword.ir\/?p=51176&lang=tr#primaryimage"},"datePublished":"2019-12-19T12:09:54+00:00","dateModified":"2019-12-19T12:09:54+00:00","author":{"@id":"https:\/\/nasimword.ir\/#\/schema\/person\/4c5a701cb6f5716f361e924d0581801e"},"breadcrumb":{"@id":"https:\/\/nasimword.ir\/?p=51176&lang=tr#breadcrumb"},"inLanguage":"fa-IR","potentialAction":[{"@type":"ReadAction","target":["https:\/\/nasimword.ir\/?p=51176&lang=tr"]}]},{"@type":"BreadcrumbList","@id":"https:\/\/nasimword.ir\/?p=51176&lang=tr#breadcrumb","itemListElement":[{"@type":"ListItem","position":1,"name":"\u062e\u0627\u0646\u0647","item":"https:\/\/nasimword.ir\/"},{"@type":"ListItem","position":2,"name":"Beren Saat ile ilgili ger\u00e7ek ortaya \u00e7\u0131kt\u0131!"}]},{"@type":"Person","@id":"https:\/\/nasimword.ir\/#\/schema\/person\/4c5a701cb6f5716f361e924d0581801e","name":"somaye","image":{"@type":"ImageObject","@id":"https:\/\/nasimword.ir\/#personlogo","inLanguage":"fa-IR","url":"https:\/\/secure.gravatar.com\/avatar\/1969d108d4e14d828407b1c82e2f7dab?s=96&d=mm&r=g","contentUrl":"https:\/\/secure.gravatar.com\/avatar\/1969d108d4e14d828407b1c82e2f7dab?s=96&d=mm&r=g","caption":"somaye"},"url":"https:\/\/nasimword.ir\/?author=22"}]}},"_links":{"self":[{"href":"https:\/\/nasimword.ir\/index.php?rest_route=\/wp\/v2\/posts\/51176"}],"collection":[{"href":"https:\/\/nasimword.ir\/index.php?rest_route=\/wp\/v2\/posts"}],"about":[{"href":"https:\/\/nasimword.ir\/index.php?rest_route=\/wp\/v2\/types\/post"}],"author":[{"embeddable":true,"href":"https:\/\/nasimword.ir\/index.php?rest_route=\/wp\/v2\/users\/22"}],"replies":[{"embeddable":true,"href":"https:\/\/nasimword.ir\/index.php?rest_route=%2Fwp%2Fv2%2Fcomments&post=51176"}],"version-history":[{"count":0,"href":"https:\/\/nasimword.ir\/index.php?rest_route=\/wp\/v2\/posts\/51176\/revisions"}],"wp:featuredmedia":[{"embeddable":true,"href":"https:\/\/nasimword.ir\/index.php?rest_route=\/wp\/v2\/media\/51177"}],"wp:attachment":[{"href":"https:\/\/nasimword.ir\/index.php?rest_route=%2Fwp%2Fv2%2Fmedia&parent=51176"}],"wp:term":[{"taxonomy":"category","embeddable":true,"href":"https:\/\/nasimword.ir\/index.php?rest_route=%2Fwp%2Fv2%2Fcategories&post=51176"},{"taxonomy":"post_tag","embeddable":true,"href":"https:\/\/nasimword.ir\/index.php?rest_route=%2Fwp%2Fv2%2Ftags&post=51176"}],"curies":[{"name":"wp","href":"https:\/\/api.w.org\/{rel}","templated":true}]}}