{"id":51722,"date":"2019-12-28T15:40:45","date_gmt":"2019-12-28T12:10:45","guid":{"rendered":"http:\/\/nasimword.ir\/?p=51722"},"modified":"2019-12-28T15:40:45","modified_gmt":"2019-12-28T12:10:45","slug":"aynen-aynen-3-sezon-ne-zaman-baslayacak-blutv-yeni-sezon-tarihi-belli-oldu","status":"publish","type":"post","link":"https:\/\/nasimword.ir\/?p=51722&lang=tr","title":{"rendered":"Aynen Aynen 3. sezon ne zaman ba\u015flayacak? BluTV yeni sezon tarihi belli oldu!"},"content":{"rendered":"<p dir=\"ltr\">Kad\u0131n ve erkek ili\u015fkilerini esprili bir dille ele alan ve izleyicilerine kahkaha dolu anlar ya\u015fatan Aynen Aynen dizisinin 3. sezonu ne zaman ba\u015flayacak sorusu en \u00e7ok merak edilenler aras\u0131nda. i\u015fte, BluTV&#8217;de yay\u0131nlanan Aynen Aynen dizisinin yeni sezon tarihi belli oldu.<\/p>\n<p dir=\"ltr\"><a href=\"http:\/\/nasimword.ir\/wp-content\/uploads\/2019\/12\/aynen-aynen-3-sezon-ne-zaman-baslayacak-blutv-yeni-sezon-tarihi-belli-oldu.jpg\"><img loading=\"lazy\" class=\"alignnone size-full wp-image-51723\" src=\"http:\/\/nasimword.ir\/wp-content\/uploads\/2019\/12\/aynen-aynen-3-sezon-ne-zaman-baslayacak-blutv-yeni-sezon-tarihi-belli-oldu.jpg\" alt=\"\" width=\"790\" height=\"435\" srcset=\"https:\/\/nasimword.ir\/wp-content\/uploads\/2019\/12\/aynen-aynen-3-sezon-ne-zaman-baslayacak-blutv-yeni-sezon-tarihi-belli-oldu.jpg 790w, https:\/\/nasimword.ir\/wp-content\/uploads\/2019\/12\/aynen-aynen-3-sezon-ne-zaman-baslayacak-blutv-yeni-sezon-tarihi-belli-oldu-300x165.jpg 300w, https:\/\/nasimword.ir\/wp-content\/uploads\/2019\/12\/aynen-aynen-3-sezon-ne-zaman-baslayacak-blutv-yeni-sezon-tarihi-belli-oldu-768x423.jpg 768w\" sizes=\"(max-width: 790px) 100vw, 790px\" \/><\/a><\/p>\n<p dir=\"ltr\">\u0130lk sezonu Youtube\u2019da yay\u0131nlanan \u201cAynen Aynen\u201d dizisi 2.sezonunda Blutv\u2019ye transfer olmu\u015ftu. Nil ve Emir karakterleri \u00fczerinden kad\u0131n erkek ili\u015fkisini e\u011flenceli bir dille ekranlara getiren dizinin 3.sezonunun yay\u0131nlanmas\u0131na ise g\u00fcnler kald\u0131.<\/p>\n<p dir=\"ltr\">Yap\u0131mc\u0131l\u0131\u011f\u0131n\u0131 Games Medya\u2019n\u0131n \u00fcstlendi\u011fi, senaryosunu Alper Erze\u2019nin kaleme ald\u0131\u011f\u0131, y\u00f6netmenli\u011fini ise Yunus Ozan Korkut\u2019un yapt\u0131\u011f\u0131 dizinin ba\u015frollerinde Uraz Kayg\u0131laro\u011flu ve Nilperi \u015eahinkaya rol al\u0131yor. \u0130kilinin g\u00fcn\u00fcm\u00fcz kad\u0131n-erkek ili\u015fkilerinden esinlenerek aralar\u0131nda kurulan ileti\u015fim ise olduk\u00e7a ilgi \u00e7ekici. Her ili\u015fkinin ge\u00e7ti\u011fi evreleri ve bu evrelerin nas\u0131l boyut de\u011fi\u015ftirebilece\u011fini esprili bir dille izleyiciye aktaran dizi k\u0131sa b\u00f6l\u00fcmleri ile izleyiciyi s\u0131kmadan verece\u011fi mesaj\u0131 iletebiliyor.<\/p>\n<p dir=\"ltr\">\u0130ntenet \u00fczerinden \u00f6zg\u00fcn ve \u00f6zg\u00fcr i\u00e7erikleri izleyiciler ile bulu\u015fturan Blutv \u201cAynen Aynen\u201d 3.sezonun 16 Ocak\u2019ta izleyiciler ile bulu\u015faca\u011f\u0131n\u0131 duyurdu. Yine kahkaha dolu bir sezon ile izleyici kar\u015f\u0131s\u0131na \u00e7\u0131kacak dizide bizleri nelerin bekledi\u011fi ise merak konusu.<\/p>\n","protected":false},"excerpt":{"rendered":"<p>Kad\u0131n ve erkek ili\u015fkilerini esprili bir dille ele alan ve izleyicilerine kahkaha dolu anlar ya\u015fatan Aynen Aynen dizisinin 3. sezonu ne zaman ba\u015flayacak sorusu en \u00e7ok merak edilenler aras\u0131nda. i\u015fte, BluTV&#8217;de yay\u0131nlanan Aynen Aynen dizisinin yeni sezon tarihi belli oldu. \u0130lk sezonu Youtube\u2019da yay\u0131nlanan \u201cAynen Aynen\u201d dizisi 2.sezonunda Blutv\u2019ye transfer olmu\u015ftu. Nil ve Emir karakterleri &hellip;<\/p>\n","protected":false},"author":22,"featured_media":51723,"comment_status":"open","ping_status":"open","sticky":false,"template":"","format":"standard","meta":[],"categories":[11175,14058],"tags":[],"yoast_head":"<!-- This site is optimized with the Yoast SEO plugin v18.3 - https:\/\/yoast.com\/wordpress\/plugins\/seo\/ -->\n<title>Aynen Aynen 3. sezon ne zaman ba\u015flayacak? BluTV yeni sezon tarihi belli oldu! - Nasim Word<\/title>\n<meta name=\"robots\" content=\"index, follow, max-snippet:-1, max-image-preview:large, max-video-preview:-1\" \/>\n<link rel=\"canonical\" href=\"https:\/\/nasimword.ir\/?p=51722&#038;lang=tr\" \/>\n<meta property=\"og:locale\" content=\"fa_IR\" \/>\n<meta property=\"og:type\" content=\"article\" \/>\n<meta property=\"og:title\" content=\"Aynen Aynen 3. sezon ne zaman ba\u015flayacak? BluTV yeni sezon tarihi belli oldu! - Nasim Word\" \/>\n<meta property=\"og:description\" content=\"Kad\u0131n ve erkek ili\u015fkilerini esprili bir dille ele alan ve izleyicilerine kahkaha dolu anlar ya\u015fatan Aynen Aynen dizisinin 3. sezonu ne zaman ba\u015flayacak sorusu en \u00e7ok merak edilenler aras\u0131nda. i\u015fte, BluTV&#8217;de yay\u0131nlanan Aynen Aynen dizisinin yeni sezon tarihi belli oldu. \u0130lk sezonu Youtube\u2019da yay\u0131nlanan \u201cAynen Aynen\u201d dizisi 2.sezonunda Blutv\u2019ye transfer olmu\u015ftu. Nil ve Emir karakterleri &hellip;\" \/>\n<meta property=\"og:url\" content=\"https:\/\/nasimword.ir\/?p=51722&amp;lang=tr\" \/>\n<meta property=\"og:site_name\" content=\"Nasim Word\" \/>\n<meta property=\"article:published_time\" content=\"2019-12-28T12:10:45+00:00\" \/>\n<meta property=\"og:image\" content=\"https:\/\/nasimword.ir\/wp-content\/uploads\/2019\/12\/aynen-aynen-3-sezon-ne-zaman-baslayacak-blutv-yeni-sezon-tarihi-belli-oldu.jpg\" \/>\n\t<meta property=\"og:image:width\" content=\"790\" \/>\n\t<meta property=\"og:image:height\" content=\"435\" \/>\n\t<meta property=\"og:image:type\" content=\"image\/jpeg\" \/>\n<meta name=\"twitter:card\" content=\"summary\" \/>\n<meta name=\"twitter:label1\" content=\"\u0646\u0648\u0634\u062a\u0647\u200c\u0634\u062f\u0647 \u0628\u062f\u0633\u062a\" \/>\n\t<meta name=\"twitter:data1\" content=\"somaye\" \/>\n\t<meta name=\"twitter:label2\" content=\"\u0632\u0645\u0627\u0646 \u062a\u0642\u0631\u06cc\u0628\u06cc \u0628\u0631\u0627\u06cc \u062e\u0648\u0627\u0646\u062f\u0646\" \/>\n\t<meta name=\"twitter:data2\" content=\"1 \u062f\u0642\u06cc\u0642\u0647\" \/>\n<script type=\"application\/ld+json\" class=\"yoast-schema-graph\">{\"@context\":\"https:\/\/schema.org\",\"@graph\":[{\"@type\":\"WebSite\",\"@id\":\"https:\/\/nasimword.ir\/#website\",\"url\":\"https:\/\/nasimword.ir\/\",\"name\":\"Nasim Word\",\"description\":\"\u067e\u0648\u0631\u062a\u0627\u0644 \u062e\u0628\u0631\u06cc \u0648 \u062a\u062d\u0644\u06cc\u0644\u06cc \u0646\u0633\u06cc\u0645\",\"potentialAction\":[{\"@type\":\"SearchAction\",\"target\":{\"@type\":\"EntryPoint\",\"urlTemplate\":\"https:\/\/nasimword.ir\/?s={search_term_string}\"},\"query-input\":\"required name=search_term_string\"}],\"inLanguage\":\"fa-IR\"},{\"@type\":\"ImageObject\",\"@id\":\"https:\/\/nasimword.ir\/?p=51722&lang=tr#primaryimage\",\"inLanguage\":\"fa-IR\",\"url\":\"https:\/\/nasimword.ir\/wp-content\/uploads\/2019\/12\/aynen-aynen-3-sezon-ne-zaman-baslayacak-blutv-yeni-sezon-tarihi-belli-oldu.jpg\",\"contentUrl\":\"https:\/\/nasimword.ir\/wp-content\/uploads\/2019\/12\/aynen-aynen-3-sezon-ne-zaman-baslayacak-blutv-yeni-sezon-tarihi-belli-oldu.jpg\",\"width\":790,\"height\":435},{\"@type\":\"WebPage\",\"@id\":\"https:\/\/nasimword.ir\/?p=51722&lang=tr#webpage\",\"url\":\"https:\/\/nasimword.ir\/?p=51722&lang=tr\",\"name\":\"Aynen Aynen 3. sezon ne zaman ba\u015flayacak? BluTV yeni sezon tarihi belli oldu! - Nasim Word\",\"isPartOf\":{\"@id\":\"https:\/\/nasimword.ir\/#website\"},\"primaryImageOfPage\":{\"@id\":\"https:\/\/nasimword.ir\/?p=51722&lang=tr#primaryimage\"},\"datePublished\":\"2019-12-28T12:10:45+00:00\",\"dateModified\":\"2019-12-28T12:10:45+00:00\",\"author\":{\"@id\":\"https:\/\/nasimword.ir\/#\/schema\/person\/4c5a701cb6f5716f361e924d0581801e\"},\"breadcrumb\":{\"@id\":\"https:\/\/nasimword.ir\/?p=51722&lang=tr#breadcrumb\"},\"inLanguage\":\"fa-IR\",\"potentialAction\":[{\"@type\":\"ReadAction\",\"target\":[\"https:\/\/nasimword.ir\/?p=51722&lang=tr\"]}]},{\"@type\":\"BreadcrumbList\",\"@id\":\"https:\/\/nasimword.ir\/?p=51722&lang=tr#breadcrumb\",\"itemListElement\":[{\"@type\":\"ListItem\",\"position\":1,\"name\":\"\u062e\u0627\u0646\u0647\",\"item\":\"https:\/\/nasimword.ir\/\"},{\"@type\":\"ListItem\",\"position\":2,\"name\":\"Aynen Aynen 3. sezon ne zaman ba\u015flayacak? BluTV yeni sezon tarihi belli oldu!\"}]},{\"@type\":\"Person\",\"@id\":\"https:\/\/nasimword.ir\/#\/schema\/person\/4c5a701cb6f5716f361e924d0581801e\",\"name\":\"somaye\",\"image\":{\"@type\":\"ImageObject\",\"@id\":\"https:\/\/nasimword.ir\/#personlogo\",\"inLanguage\":\"fa-IR\",\"url\":\"https:\/\/secure.gravatar.com\/avatar\/1969d108d4e14d828407b1c82e2f7dab?s=96&d=mm&r=g\",\"contentUrl\":\"https:\/\/secure.gravatar.com\/avatar\/1969d108d4e14d828407b1c82e2f7dab?s=96&d=mm&r=g\",\"caption\":\"somaye\"},\"url\":\"https:\/\/nasimword.ir\/?author=22\"}]}<\/script>\n<!-- \/ Yoast SEO plugin. -->","yoast_head_json":{"title":"Aynen Aynen 3. sezon ne zaman ba\u015flayacak? BluTV yeni sezon tarihi belli oldu! - Nasim Word","robots":{"index":"index","follow":"follow","max-snippet":"max-snippet:-1","max-image-preview":"max-image-preview:large","max-video-preview":"max-video-preview:-1"},"canonical":"https:\/\/nasimword.ir\/?p=51722&lang=tr","og_locale":"fa_IR","og_type":"article","og_title":"Aynen Aynen 3. sezon ne zaman ba\u015flayacak? BluTV yeni sezon tarihi belli oldu! - Nasim Word","og_description":"Kad\u0131n ve erkek ili\u015fkilerini esprili bir dille ele alan ve izleyicilerine kahkaha dolu anlar ya\u015fatan Aynen Aynen dizisinin 3. sezonu ne zaman ba\u015flayacak sorusu en \u00e7ok merak edilenler aras\u0131nda. i\u015fte, BluTV&#8217;de yay\u0131nlanan Aynen Aynen dizisinin yeni sezon tarihi belli oldu. \u0130lk sezonu Youtube\u2019da yay\u0131nlanan \u201cAynen Aynen\u201d dizisi 2.sezonunda Blutv\u2019ye transfer olmu\u015ftu. Nil ve Emir karakterleri &hellip;","og_url":"https:\/\/nasimword.ir\/?p=51722&lang=tr","og_site_name":"Nasim Word","article_published_time":"2019-12-28T12:10:45+00:00","og_image":[{"width":790,"height":435,"url":"https:\/\/nasimword.ir\/wp-content\/uploads\/2019\/12\/aynen-aynen-3-sezon-ne-zaman-baslayacak-blutv-yeni-sezon-tarihi-belli-oldu.jpg","type":"image\/jpeg"}],"twitter_card":"summary","twitter_misc":{"\u0646\u0648\u0634\u062a\u0647\u200c\u0634\u062f\u0647 \u0628\u062f\u0633\u062a":"somaye","\u0632\u0645\u0627\u0646 \u062a\u0642\u0631\u06cc\u0628\u06cc \u0628\u0631\u0627\u06cc \u062e\u0648\u0627\u0646\u062f\u0646":"1 \u062f\u0642\u06cc\u0642\u0647"},"schema":{"@context":"https:\/\/schema.org","@graph":[{"@type":"WebSite","@id":"https:\/\/nasimword.ir\/#website","url":"https:\/\/nasimword.ir\/","name":"Nasim Word","description":"\u067e\u0648\u0631\u062a\u0627\u0644 \u062e\u0628\u0631\u06cc \u0648 \u062a\u062d\u0644\u06cc\u0644\u06cc \u0646\u0633\u06cc\u0645","potentialAction":[{"@type":"SearchAction","target":{"@type":"EntryPoint","urlTemplate":"https:\/\/nasimword.ir\/?s={search_term_string}"},"query-input":"required name=search_term_string"}],"inLanguage":"fa-IR"},{"@type":"ImageObject","@id":"https:\/\/nasimword.ir\/?p=51722&lang=tr#primaryimage","inLanguage":"fa-IR","url":"https:\/\/nasimword.ir\/wp-content\/uploads\/2019\/12\/aynen-aynen-3-sezon-ne-zaman-baslayacak-blutv-yeni-sezon-tarihi-belli-oldu.jpg","contentUrl":"https:\/\/nasimword.ir\/wp-content\/uploads\/2019\/12\/aynen-aynen-3-sezon-ne-zaman-baslayacak-blutv-yeni-sezon-tarihi-belli-oldu.jpg","width":790,"height":435},{"@type":"WebPage","@id":"https:\/\/nasimword.ir\/?p=51722&lang=tr#webpage","url":"https:\/\/nasimword.ir\/?p=51722&lang=tr","name":"Aynen Aynen 3. sezon ne zaman ba\u015flayacak? BluTV yeni sezon tarihi belli oldu! - Nasim Word","isPartOf":{"@id":"https:\/\/nasimword.ir\/#website"},"primaryImageOfPage":{"@id":"https:\/\/nasimword.ir\/?p=51722&lang=tr#primaryimage"},"datePublished":"2019-12-28T12:10:45+00:00","dateModified":"2019-12-28T12:10:45+00:00","author":{"@id":"https:\/\/nasimword.ir\/#\/schema\/person\/4c5a701cb6f5716f361e924d0581801e"},"breadcrumb":{"@id":"https:\/\/nasimword.ir\/?p=51722&lang=tr#breadcrumb"},"inLanguage":"fa-IR","potentialAction":[{"@type":"ReadAction","target":["https:\/\/nasimword.ir\/?p=51722&lang=tr"]}]},{"@type":"BreadcrumbList","@id":"https:\/\/nasimword.ir\/?p=51722&lang=tr#breadcrumb","itemListElement":[{"@type":"ListItem","position":1,"name":"\u062e\u0627\u0646\u0647","item":"https:\/\/nasimword.ir\/"},{"@type":"ListItem","position":2,"name":"Aynen Aynen 3. sezon ne zaman ba\u015flayacak? BluTV yeni sezon tarihi belli oldu!"}]},{"@type":"Person","@id":"https:\/\/nasimword.ir\/#\/schema\/person\/4c5a701cb6f5716f361e924d0581801e","name":"somaye","image":{"@type":"ImageObject","@id":"https:\/\/nasimword.ir\/#personlogo","inLanguage":"fa-IR","url":"https:\/\/secure.gravatar.com\/avatar\/1969d108d4e14d828407b1c82e2f7dab?s=96&d=mm&r=g","contentUrl":"https:\/\/secure.gravatar.com\/avatar\/1969d108d4e14d828407b1c82e2f7dab?s=96&d=mm&r=g","caption":"somaye"},"url":"https:\/\/nasimword.ir\/?author=22"}]}},"_links":{"self":[{"href":"https:\/\/nasimword.ir\/index.php?rest_route=\/wp\/v2\/posts\/51722"}],"collection":[{"href":"https:\/\/nasimword.ir\/index.php?rest_route=\/wp\/v2\/posts"}],"about":[{"href":"https:\/\/nasimword.ir\/index.php?rest_route=\/wp\/v2\/types\/post"}],"author":[{"embeddable":true,"href":"https:\/\/nasimword.ir\/index.php?rest_route=\/wp\/v2\/users\/22"}],"replies":[{"embeddable":true,"href":"https:\/\/nasimword.ir\/index.php?rest_route=%2Fwp%2Fv2%2Fcomments&post=51722"}],"version-history":[{"count":0,"href":"https:\/\/nasimword.ir\/index.php?rest_route=\/wp\/v2\/posts\/51722\/revisions"}],"wp:featuredmedia":[{"embeddable":true,"href":"https:\/\/nasimword.ir\/index.php?rest_route=\/wp\/v2\/media\/51723"}],"wp:attachment":[{"href":"https:\/\/nasimword.ir\/index.php?rest_route=%2Fwp%2Fv2%2Fmedia&parent=51722"}],"wp:term":[{"taxonomy":"category","embeddable":true,"href":"https:\/\/nasimword.ir\/index.php?rest_route=%2Fwp%2Fv2%2Fcategories&post=51722"},{"taxonomy":"post_tag","embeddable":true,"href":"https:\/\/nasimword.ir\/index.php?rest_route=%2Fwp%2Fv2%2Ftags&post=51722"}],"curies":[{"name":"wp","href":"https:\/\/api.w.org\/{rel}","templated":true}]}}