{"id":51921,"date":"2019-12-31T16:24:54","date_gmt":"2019-12-31T12:54:54","guid":{"rendered":"http:\/\/nasimword.ir\/?p=51921"},"modified":"2019-12-31T16:24:54","modified_gmt":"2019-12-31T12:54:54","slug":"berguzar-korel-bebege-isim-bulamadik","status":"publish","type":"post","link":"https:\/\/nasimword.ir\/?p=51921&lang=tr","title":{"rendered":"Berg\u00fczar Korel: Bebe\u011fe isim bulamad\u0131k!"},"content":{"rendered":"<p dir=\"ltr\">Ekranlar\u0131n ba\u015far\u0131l\u0131 iki oyuncusu Halit Ergen\u00e7 ve Berg\u00fczar Korel \u00e7ifti \u00f6nceki g\u00fcn Zorlu Al\u0131\u015fveri\u015f Merkezi\u2019nde g\u00f6r\u00fcnt\u00fclendi.<\/p>\n<p dir=\"ltr\"><a href=\"http:\/\/nasimword.ir\/wp-content\/uploads\/2019\/12\/3880_480x270.jpg\"><img loading=\"lazy\" class=\"alignnone size-full wp-image-51925\" src=\"http:\/\/nasimword.ir\/wp-content\/uploads\/2019\/12\/3880_480x270.jpg\" alt=\"\" width=\"480\" height=\"270\" srcset=\"https:\/\/nasimword.ir\/wp-content\/uploads\/2019\/12\/3880_480x270.jpg 480w, https:\/\/nasimword.ir\/wp-content\/uploads\/2019\/12\/3880_480x270-300x169.jpg 300w, https:\/\/nasimword.ir\/wp-content\/uploads\/2019\/12\/3880_480x270-390x220.jpg 390w\" sizes=\"(max-width: 480px) 100vw, 480px\" \/><\/a><\/p>\n<p dir=\"ltr\">El ele ma\u011fazalar\u0131 dola\u015fan \u00e7ift, bebek al\u0131\u015fveri\u015fi yapt\u0131.<\/p>\n<p dir=\"ltr\">\u0130kinci kez anne olmaya haz\u0131rlanan Berg\u00fczar Korel, &#8216;Bebe\u011fin ismi ne olacak?&#8217; sorusuna &#8216;\u0130nan\u0131n hen\u00fcz bir isim bulamad\u0131k. Hatta bug\u00fcn bile konusu ge\u00e7ti. Ama \u015fu anda karar ald\u0131\u011f\u0131m\u0131z bir isim yok.&#8217; yan\u0131t\u0131n\u0131 verdi.<\/p>\n<p dir=\"ltr\"><a href=\"http:\/\/nasimword.ir\/wp-content\/uploads\/2019\/12\/5e0af8740f25441618c0b234.jpg\"><img loading=\"lazy\" class=\"alignnone size-full wp-image-51923\" src=\"http:\/\/nasimword.ir\/wp-content\/uploads\/2019\/12\/5e0af8740f25441618c0b234.jpg\" alt=\"\" width=\"770\" height=\"1001\" srcset=\"https:\/\/nasimword.ir\/wp-content\/uploads\/2019\/12\/5e0af8740f25441618c0b234.jpg 770w, https:\/\/nasimword.ir\/wp-content\/uploads\/2019\/12\/5e0af8740f25441618c0b234-231x300.jpg 231w, https:\/\/nasimword.ir\/wp-content\/uploads\/2019\/12\/5e0af8740f25441618c0b234-768x998.jpg 768w\" sizes=\"(max-width: 770px) 100vw, 770px\" \/><\/a><\/p>\n","protected":false},"excerpt":{"rendered":"<p>Ekranlar\u0131n ba\u015far\u0131l\u0131 iki oyuncusu Halit Ergen\u00e7 ve Berg\u00fczar Korel \u00e7ifti \u00f6nceki g\u00fcn Zorlu Al\u0131\u015fveri\u015f Merkezi\u2019nde g\u00f6r\u00fcnt\u00fclendi. El ele ma\u011fazalar\u0131 dola\u015fan \u00e7ift, bebek al\u0131\u015fveri\u015fi yapt\u0131. \u0130kinci kez anne olmaya haz\u0131rlanan Berg\u00fczar Korel, &#8216;Bebe\u011fin ismi ne olacak?&#8217; sorusuna &#8216;\u0130nan\u0131n hen\u00fcz bir isim bulamad\u0131k. Hatta bug\u00fcn bile konusu ge\u00e7ti. Ama \u015fu anda karar ald\u0131\u011f\u0131m\u0131z bir isim yok.&#8217; yan\u0131t\u0131n\u0131 &hellip;<\/p>\n","protected":false},"author":22,"featured_media":51925,"comment_status":"open","ping_status":"open","sticky":false,"template":"","format":"standard","meta":[],"categories":[14058,5955,11183],"tags":[],"yoast_head":"<!-- This site is optimized with the Yoast SEO plugin v18.3 - https:\/\/yoast.com\/wordpress\/plugins\/seo\/ -->\n<title>Berg\u00fczar Korel: Bebe\u011fe isim bulamad\u0131k! - Nasim Word<\/title>\n<meta name=\"robots\" content=\"index, follow, max-snippet:-1, max-image-preview:large, max-video-preview:-1\" \/>\n<link rel=\"canonical\" href=\"https:\/\/nasimword.ir\/?p=51921&#038;lang=tr\" \/>\n<meta property=\"og:locale\" content=\"fa_IR\" \/>\n<meta property=\"og:type\" content=\"article\" \/>\n<meta property=\"og:title\" content=\"Berg\u00fczar Korel: Bebe\u011fe isim bulamad\u0131k! - Nasim Word\" \/>\n<meta property=\"og:description\" content=\"Ekranlar\u0131n ba\u015far\u0131l\u0131 iki oyuncusu Halit Ergen\u00e7 ve Berg\u00fczar Korel \u00e7ifti \u00f6nceki g\u00fcn Zorlu Al\u0131\u015fveri\u015f Merkezi\u2019nde g\u00f6r\u00fcnt\u00fclendi. El ele ma\u011fazalar\u0131 dola\u015fan \u00e7ift, bebek al\u0131\u015fveri\u015fi yapt\u0131. \u0130kinci kez anne olmaya haz\u0131rlanan Berg\u00fczar Korel, &#8216;Bebe\u011fin ismi ne olacak?&#8217; sorusuna &#8216;\u0130nan\u0131n hen\u00fcz bir isim bulamad\u0131k. Hatta bug\u00fcn bile konusu ge\u00e7ti. Ama \u015fu anda karar ald\u0131\u011f\u0131m\u0131z bir isim yok.&#8217; yan\u0131t\u0131n\u0131 &hellip;\" \/>\n<meta property=\"og:url\" content=\"https:\/\/nasimword.ir\/?p=51921&amp;lang=tr\" \/>\n<meta property=\"og:site_name\" content=\"Nasim Word\" \/>\n<meta property=\"article:published_time\" content=\"2019-12-31T12:54:54+00:00\" \/>\n<meta property=\"og:image\" content=\"https:\/\/nasimword.ir\/wp-content\/uploads\/2019\/12\/3880_480x270.jpg\" \/>\n\t<meta property=\"og:image:width\" content=\"480\" \/>\n\t<meta property=\"og:image:height\" content=\"270\" \/>\n\t<meta property=\"og:image:type\" content=\"image\/jpeg\" \/>\n<meta name=\"twitter:card\" content=\"summary\" \/>\n<meta name=\"twitter:label1\" content=\"\u0646\u0648\u0634\u062a\u0647\u200c\u0634\u062f\u0647 \u0628\u062f\u0633\u062a\" \/>\n\t<meta name=\"twitter:data1\" content=\"somaye\" \/>\n<script type=\"application\/ld+json\" class=\"yoast-schema-graph\">{\"@context\":\"https:\/\/schema.org\",\"@graph\":[{\"@type\":\"WebSite\",\"@id\":\"https:\/\/nasimword.ir\/#website\",\"url\":\"https:\/\/nasimword.ir\/\",\"name\":\"Nasim Word\",\"description\":\"\u067e\u0648\u0631\u062a\u0627\u0644 \u062e\u0628\u0631\u06cc \u0648 \u062a\u062d\u0644\u06cc\u0644\u06cc \u0646\u0633\u06cc\u0645\",\"potentialAction\":[{\"@type\":\"SearchAction\",\"target\":{\"@type\":\"EntryPoint\",\"urlTemplate\":\"https:\/\/nasimword.ir\/?s={search_term_string}\"},\"query-input\":\"required name=search_term_string\"}],\"inLanguage\":\"fa-IR\"},{\"@type\":\"ImageObject\",\"@id\":\"https:\/\/nasimword.ir\/?p=51921&lang=tr#primaryimage\",\"inLanguage\":\"fa-IR\",\"url\":\"https:\/\/nasimword.ir\/wp-content\/uploads\/2019\/12\/3880_480x270.jpg\",\"contentUrl\":\"https:\/\/nasimword.ir\/wp-content\/uploads\/2019\/12\/3880_480x270.jpg\",\"width\":480,\"height\":270},{\"@type\":\"WebPage\",\"@id\":\"https:\/\/nasimword.ir\/?p=51921&lang=tr#webpage\",\"url\":\"https:\/\/nasimword.ir\/?p=51921&lang=tr\",\"name\":\"Berg\u00fczar Korel: Bebe\u011fe isim bulamad\u0131k! - Nasim Word\",\"isPartOf\":{\"@id\":\"https:\/\/nasimword.ir\/#website\"},\"primaryImageOfPage\":{\"@id\":\"https:\/\/nasimword.ir\/?p=51921&lang=tr#primaryimage\"},\"datePublished\":\"2019-12-31T12:54:54+00:00\",\"dateModified\":\"2019-12-31T12:54:54+00:00\",\"author\":{\"@id\":\"https:\/\/nasimword.ir\/#\/schema\/person\/4c5a701cb6f5716f361e924d0581801e\"},\"breadcrumb\":{\"@id\":\"https:\/\/nasimword.ir\/?p=51921&lang=tr#breadcrumb\"},\"inLanguage\":\"fa-IR\",\"potentialAction\":[{\"@type\":\"ReadAction\",\"target\":[\"https:\/\/nasimword.ir\/?p=51921&lang=tr\"]}]},{\"@type\":\"BreadcrumbList\",\"@id\":\"https:\/\/nasimword.ir\/?p=51921&lang=tr#breadcrumb\",\"itemListElement\":[{\"@type\":\"ListItem\",\"position\":1,\"name\":\"\u062e\u0627\u0646\u0647\",\"item\":\"https:\/\/nasimword.ir\/\"},{\"@type\":\"ListItem\",\"position\":2,\"name\":\"Berg\u00fczar Korel: Bebe\u011fe isim bulamad\u0131k!\"}]},{\"@type\":\"Person\",\"@id\":\"https:\/\/nasimword.ir\/#\/schema\/person\/4c5a701cb6f5716f361e924d0581801e\",\"name\":\"somaye\",\"image\":{\"@type\":\"ImageObject\",\"@id\":\"https:\/\/nasimword.ir\/#personlogo\",\"inLanguage\":\"fa-IR\",\"url\":\"https:\/\/secure.gravatar.com\/avatar\/1969d108d4e14d828407b1c82e2f7dab?s=96&d=mm&r=g\",\"contentUrl\":\"https:\/\/secure.gravatar.com\/avatar\/1969d108d4e14d828407b1c82e2f7dab?s=96&d=mm&r=g\",\"caption\":\"somaye\"},\"url\":\"https:\/\/nasimword.ir\/?author=22\"}]}<\/script>\n<!-- \/ Yoast SEO plugin. -->","yoast_head_json":{"title":"Berg\u00fczar Korel: Bebe\u011fe isim bulamad\u0131k! - Nasim Word","robots":{"index":"index","follow":"follow","max-snippet":"max-snippet:-1","max-image-preview":"max-image-preview:large","max-video-preview":"max-video-preview:-1"},"canonical":"https:\/\/nasimword.ir\/?p=51921&lang=tr","og_locale":"fa_IR","og_type":"article","og_title":"Berg\u00fczar Korel: Bebe\u011fe isim bulamad\u0131k! - Nasim Word","og_description":"Ekranlar\u0131n ba\u015far\u0131l\u0131 iki oyuncusu Halit Ergen\u00e7 ve Berg\u00fczar Korel \u00e7ifti \u00f6nceki g\u00fcn Zorlu Al\u0131\u015fveri\u015f Merkezi\u2019nde g\u00f6r\u00fcnt\u00fclendi. El ele ma\u011fazalar\u0131 dola\u015fan \u00e7ift, bebek al\u0131\u015fveri\u015fi yapt\u0131. \u0130kinci kez anne olmaya haz\u0131rlanan Berg\u00fczar Korel, &#8216;Bebe\u011fin ismi ne olacak?&#8217; sorusuna &#8216;\u0130nan\u0131n hen\u00fcz bir isim bulamad\u0131k. Hatta bug\u00fcn bile konusu ge\u00e7ti. Ama \u015fu anda karar ald\u0131\u011f\u0131m\u0131z bir isim yok.&#8217; yan\u0131t\u0131n\u0131 &hellip;","og_url":"https:\/\/nasimword.ir\/?p=51921&lang=tr","og_site_name":"Nasim Word","article_published_time":"2019-12-31T12:54:54+00:00","og_image":[{"width":480,"height":270,"url":"https:\/\/nasimword.ir\/wp-content\/uploads\/2019\/12\/3880_480x270.jpg","type":"image\/jpeg"}],"twitter_card":"summary","twitter_misc":{"\u0646\u0648\u0634\u062a\u0647\u200c\u0634\u062f\u0647 \u0628\u062f\u0633\u062a":"somaye"},"schema":{"@context":"https:\/\/schema.org","@graph":[{"@type":"WebSite","@id":"https:\/\/nasimword.ir\/#website","url":"https:\/\/nasimword.ir\/","name":"Nasim Word","description":"\u067e\u0648\u0631\u062a\u0627\u0644 \u062e\u0628\u0631\u06cc \u0648 \u062a\u062d\u0644\u06cc\u0644\u06cc \u0646\u0633\u06cc\u0645","potentialAction":[{"@type":"SearchAction","target":{"@type":"EntryPoint","urlTemplate":"https:\/\/nasimword.ir\/?s={search_term_string}"},"query-input":"required name=search_term_string"}],"inLanguage":"fa-IR"},{"@type":"ImageObject","@id":"https:\/\/nasimword.ir\/?p=51921&lang=tr#primaryimage","inLanguage":"fa-IR","url":"https:\/\/nasimword.ir\/wp-content\/uploads\/2019\/12\/3880_480x270.jpg","contentUrl":"https:\/\/nasimword.ir\/wp-content\/uploads\/2019\/12\/3880_480x270.jpg","width":480,"height":270},{"@type":"WebPage","@id":"https:\/\/nasimword.ir\/?p=51921&lang=tr#webpage","url":"https:\/\/nasimword.ir\/?p=51921&lang=tr","name":"Berg\u00fczar Korel: Bebe\u011fe isim bulamad\u0131k! - Nasim Word","isPartOf":{"@id":"https:\/\/nasimword.ir\/#website"},"primaryImageOfPage":{"@id":"https:\/\/nasimword.ir\/?p=51921&lang=tr#primaryimage"},"datePublished":"2019-12-31T12:54:54+00:00","dateModified":"2019-12-31T12:54:54+00:00","author":{"@id":"https:\/\/nasimword.ir\/#\/schema\/person\/4c5a701cb6f5716f361e924d0581801e"},"breadcrumb":{"@id":"https:\/\/nasimword.ir\/?p=51921&lang=tr#breadcrumb"},"inLanguage":"fa-IR","potentialAction":[{"@type":"ReadAction","target":["https:\/\/nasimword.ir\/?p=51921&lang=tr"]}]},{"@type":"BreadcrumbList","@id":"https:\/\/nasimword.ir\/?p=51921&lang=tr#breadcrumb","itemListElement":[{"@type":"ListItem","position":1,"name":"\u062e\u0627\u0646\u0647","item":"https:\/\/nasimword.ir\/"},{"@type":"ListItem","position":2,"name":"Berg\u00fczar Korel: Bebe\u011fe isim bulamad\u0131k!"}]},{"@type":"Person","@id":"https:\/\/nasimword.ir\/#\/schema\/person\/4c5a701cb6f5716f361e924d0581801e","name":"somaye","image":{"@type":"ImageObject","@id":"https:\/\/nasimword.ir\/#personlogo","inLanguage":"fa-IR","url":"https:\/\/secure.gravatar.com\/avatar\/1969d108d4e14d828407b1c82e2f7dab?s=96&d=mm&r=g","contentUrl":"https:\/\/secure.gravatar.com\/avatar\/1969d108d4e14d828407b1c82e2f7dab?s=96&d=mm&r=g","caption":"somaye"},"url":"https:\/\/nasimword.ir\/?author=22"}]}},"_links":{"self":[{"href":"https:\/\/nasimword.ir\/index.php?rest_route=\/wp\/v2\/posts\/51921"}],"collection":[{"href":"https:\/\/nasimword.ir\/index.php?rest_route=\/wp\/v2\/posts"}],"about":[{"href":"https:\/\/nasimword.ir\/index.php?rest_route=\/wp\/v2\/types\/post"}],"author":[{"embeddable":true,"href":"https:\/\/nasimword.ir\/index.php?rest_route=\/wp\/v2\/users\/22"}],"replies":[{"embeddable":true,"href":"https:\/\/nasimword.ir\/index.php?rest_route=%2Fwp%2Fv2%2Fcomments&post=51921"}],"version-history":[{"count":0,"href":"https:\/\/nasimword.ir\/index.php?rest_route=\/wp\/v2\/posts\/51921\/revisions"}],"wp:featuredmedia":[{"embeddable":true,"href":"https:\/\/nasimword.ir\/index.php?rest_route=\/wp\/v2\/media\/51925"}],"wp:attachment":[{"href":"https:\/\/nasimword.ir\/index.php?rest_route=%2Fwp%2Fv2%2Fmedia&parent=51921"}],"wp:term":[{"taxonomy":"category","embeddable":true,"href":"https:\/\/nasimword.ir\/index.php?rest_route=%2Fwp%2Fv2%2Fcategories&post=51921"},{"taxonomy":"post_tag","embeddable":true,"href":"https:\/\/nasimword.ir\/index.php?rest_route=%2Fwp%2Fv2%2Ftags&post=51921"}],"curies":[{"name":"wp","href":"https:\/\/api.w.org\/{rel}","templated":true}]}}