{"id":52377,"date":"2020-01-08T23:47:51","date_gmt":"2020-01-08T20:17:51","guid":{"rendered":"http:\/\/nasimword.ir\/?p=52377"},"modified":"2020-01-08T23:47:51","modified_gmt":"2020-01-08T20:17:51","slug":"ibo-show-yeniden-mi-baslayacak-ibrahim-tatlisesten-mujde","status":"publish","type":"post","link":"https:\/\/nasimword.ir\/?p=52377&lang=tr","title":{"rendered":"\u0130bo Show yeniden mi ba\u015flayacak? \u0130brahim Tatl\u0131ses&#8217;ten m\u00fcjde!"},"content":{"rendered":"<p dir=\"ltr\">Uzun s\u00fcredir ge\u00e7irdi\u011fi rahats\u0131zl\u0131k nedeniyle ekranlardan uzak kalan \u0130brahim Tatl\u0131ses&#8217;ten m\u00fcjde geldi. Bas\u0131n mensuplar\u0131na a\u00e7\u0131klama yapan Tatl\u0131ses, \u0130bo Show yeniden mi ba\u015flayacak sorular\u0131n\u0131 yan\u0131tlad\u0131.<\/p>\n<p dir=\"ltr\"><a href=\"http:\/\/nasimword.ir\/wp-content\/uploads\/2020\/01\/ibo-show-yeniden-mi-baslayacak-ibrahim-tatlisesten-mujde.jpg\"><img loading=\"lazy\" class=\"alignnone size-full wp-image-52378\" src=\"http:\/\/nasimword.ir\/wp-content\/uploads\/2020\/01\/ibo-show-yeniden-mi-baslayacak-ibrahim-tatlisesten-mujde.jpg\" alt=\"\" width=\"780\" height=\"439\" srcset=\"https:\/\/nasimword.ir\/wp-content\/uploads\/2020\/01\/ibo-show-yeniden-mi-baslayacak-ibrahim-tatlisesten-mujde.jpg 780w, https:\/\/nasimword.ir\/wp-content\/uploads\/2020\/01\/ibo-show-yeniden-mi-baslayacak-ibrahim-tatlisesten-mujde-300x169.jpg 300w, https:\/\/nasimword.ir\/wp-content\/uploads\/2020\/01\/ibo-show-yeniden-mi-baslayacak-ibrahim-tatlisesten-mujde-768x432.jpg 768w, https:\/\/nasimword.ir\/wp-content\/uploads\/2020\/01\/ibo-show-yeniden-mi-baslayacak-ibrahim-tatlisesten-mujde-390x220.jpg 390w\" sizes=\"(max-width: 780px) 100vw, 780px\" \/><\/a><\/p>\n<p dir=\"ltr\">Bir d\u00f6neme damga vuran ve uzun y\u0131llar yay\u0131nlanan \u0130bo Show, yeniden izleyicilerle bulu\u015fmaya haz\u0131rlan\u0131yor. \u0130brahim Tatl\u0131ses, \u0130zmir\u2019de o\u011flu Ahmet Tatl\u0131\u2019n\u0131n i\u015fyeri a\u00e7\u0131l\u0131\u015f\u0131nda m\u00fcjdeyi verdi. Tatl\u0131ses\u2019in rahats\u0131zl\u0131\u011f\u0131 nedeniyle nas\u0131l program yapaca\u011f\u0131n\u0131 merak eden hayranlar\u0131 i\u00e7in \u00fcnl\u00fc sanat\u00e7\u0131 a\u00e7\u0131klama yapt\u0131. Program\u0131n yeniden ba\u015flamas\u0131 i\u00e7in \u00e7ok talep oldu\u011funu ifade eden Tatl\u0131ses, \u2018\u2019Bu m\u00fcjdeyi art\u0131k verebilirim. \u0130bo Show yak\u0131nda ba\u015flayabilir. Herkes \u00e7ok istiyor, otursan yeter diyorlar. Ben de buna inand\u0131m ve oturmayaca\u011f\u0131m, \u015fark\u0131da s\u00f6yleyece\u011fim. \u00c7\u00fcnk\u00fc fel\u00e7 sadece elimde ve aya\u011f\u0131mda, sesimde fel\u00e7 yok\u2019\u2019 dedi.<\/p>\n","protected":false},"excerpt":{"rendered":"<p>Uzun s\u00fcredir ge\u00e7irdi\u011fi rahats\u0131zl\u0131k nedeniyle ekranlardan uzak kalan \u0130brahim Tatl\u0131ses&#8217;ten m\u00fcjde geldi. Bas\u0131n mensuplar\u0131na a\u00e7\u0131klama yapan Tatl\u0131ses, \u0130bo Show yeniden mi ba\u015flayacak sorular\u0131n\u0131 yan\u0131tlad\u0131. Bir d\u00f6neme damga vuran ve uzun y\u0131llar yay\u0131nlanan \u0130bo Show, yeniden izleyicilerle bulu\u015fmaya haz\u0131rlan\u0131yor. \u0130brahim Tatl\u0131ses, \u0130zmir\u2019de o\u011flu Ahmet Tatl\u0131\u2019n\u0131n i\u015fyeri a\u00e7\u0131l\u0131\u015f\u0131nda m\u00fcjdeyi verdi. Tatl\u0131ses\u2019in rahats\u0131zl\u0131\u011f\u0131 nedeniyle nas\u0131l program yapaca\u011f\u0131n\u0131 merak &hellip;<\/p>\n","protected":false},"author":22,"featured_media":52378,"comment_status":"open","ping_status":"open","sticky":false,"template":"","format":"standard","meta":[],"categories":[14058,5955,11183],"tags":[],"yoast_head":"<!-- This site is optimized with the Yoast SEO plugin v18.3 - https:\/\/yoast.com\/wordpress\/plugins\/seo\/ -->\n<title>\u0130bo Show yeniden mi ba\u015flayacak? \u0130brahim Tatl\u0131ses&#039;ten m\u00fcjde! - Nasim Word<\/title>\n<meta name=\"robots\" content=\"index, follow, max-snippet:-1, max-image-preview:large, max-video-preview:-1\" \/>\n<link rel=\"canonical\" href=\"https:\/\/nasimword.ir\/?p=52377&#038;lang=tr\" \/>\n<meta property=\"og:locale\" content=\"fa_IR\" \/>\n<meta property=\"og:type\" content=\"article\" \/>\n<meta property=\"og:title\" content=\"\u0130bo Show yeniden mi ba\u015flayacak? \u0130brahim Tatl\u0131ses&#039;ten m\u00fcjde! - Nasim Word\" \/>\n<meta property=\"og:description\" content=\"Uzun s\u00fcredir ge\u00e7irdi\u011fi rahats\u0131zl\u0131k nedeniyle ekranlardan uzak kalan \u0130brahim Tatl\u0131ses&#8217;ten m\u00fcjde geldi. Bas\u0131n mensuplar\u0131na a\u00e7\u0131klama yapan Tatl\u0131ses, \u0130bo Show yeniden mi ba\u015flayacak sorular\u0131n\u0131 yan\u0131tlad\u0131. Bir d\u00f6neme damga vuran ve uzun y\u0131llar yay\u0131nlanan \u0130bo Show, yeniden izleyicilerle bulu\u015fmaya haz\u0131rlan\u0131yor. \u0130brahim Tatl\u0131ses, \u0130zmir\u2019de o\u011flu Ahmet Tatl\u0131\u2019n\u0131n i\u015fyeri a\u00e7\u0131l\u0131\u015f\u0131nda m\u00fcjdeyi verdi. Tatl\u0131ses\u2019in rahats\u0131zl\u0131\u011f\u0131 nedeniyle nas\u0131l program yapaca\u011f\u0131n\u0131 merak &hellip;\" \/>\n<meta property=\"og:url\" content=\"https:\/\/nasimword.ir\/?p=52377&amp;lang=tr\" \/>\n<meta property=\"og:site_name\" content=\"Nasim Word\" \/>\n<meta property=\"article:published_time\" content=\"2020-01-08T20:17:51+00:00\" \/>\n<meta property=\"og:image\" content=\"https:\/\/nasimword.ir\/wp-content\/uploads\/2020\/01\/ibo-show-yeniden-mi-baslayacak-ibrahim-tatlisesten-mujde.jpg\" \/>\n\t<meta property=\"og:image:width\" content=\"780\" \/>\n\t<meta property=\"og:image:height\" content=\"439\" \/>\n\t<meta property=\"og:image:type\" content=\"image\/jpeg\" \/>\n<meta name=\"twitter:card\" content=\"summary\" \/>\n<meta name=\"twitter:label1\" content=\"\u0646\u0648\u0634\u062a\u0647\u200c\u0634\u062f\u0647 \u0628\u062f\u0633\u062a\" \/>\n\t<meta name=\"twitter:data1\" content=\"somaye\" \/>\n\t<meta name=\"twitter:label2\" content=\"\u0632\u0645\u0627\u0646 \u062a\u0642\u0631\u06cc\u0628\u06cc \u0628\u0631\u0627\u06cc \u062e\u0648\u0627\u0646\u062f\u0646\" \/>\n\t<meta name=\"twitter:data2\" content=\"1 \u062f\u0642\u06cc\u0642\u0647\" \/>\n<script type=\"application\/ld+json\" class=\"yoast-schema-graph\">{\"@context\":\"https:\/\/schema.org\",\"@graph\":[{\"@type\":\"WebSite\",\"@id\":\"https:\/\/nasimword.ir\/#website\",\"url\":\"https:\/\/nasimword.ir\/\",\"name\":\"Nasim Word\",\"description\":\"\u067e\u0648\u0631\u062a\u0627\u0644 \u062e\u0628\u0631\u06cc \u0648 \u062a\u062d\u0644\u06cc\u0644\u06cc \u0646\u0633\u06cc\u0645\",\"potentialAction\":[{\"@type\":\"SearchAction\",\"target\":{\"@type\":\"EntryPoint\",\"urlTemplate\":\"https:\/\/nasimword.ir\/?s={search_term_string}\"},\"query-input\":\"required name=search_term_string\"}],\"inLanguage\":\"fa-IR\"},{\"@type\":\"ImageObject\",\"@id\":\"https:\/\/nasimword.ir\/?p=52377&lang=tr#primaryimage\",\"inLanguage\":\"fa-IR\",\"url\":\"https:\/\/nasimword.ir\/wp-content\/uploads\/2020\/01\/ibo-show-yeniden-mi-baslayacak-ibrahim-tatlisesten-mujde.jpg\",\"contentUrl\":\"https:\/\/nasimword.ir\/wp-content\/uploads\/2020\/01\/ibo-show-yeniden-mi-baslayacak-ibrahim-tatlisesten-mujde.jpg\",\"width\":780,\"height\":439},{\"@type\":\"WebPage\",\"@id\":\"https:\/\/nasimword.ir\/?p=52377&lang=tr#webpage\",\"url\":\"https:\/\/nasimword.ir\/?p=52377&lang=tr\",\"name\":\"\u0130bo Show yeniden mi ba\u015flayacak? \u0130brahim Tatl\u0131ses'ten m\u00fcjde! - Nasim Word\",\"isPartOf\":{\"@id\":\"https:\/\/nasimword.ir\/#website\"},\"primaryImageOfPage\":{\"@id\":\"https:\/\/nasimword.ir\/?p=52377&lang=tr#primaryimage\"},\"datePublished\":\"2020-01-08T20:17:51+00:00\",\"dateModified\":\"2020-01-08T20:17:51+00:00\",\"author\":{\"@id\":\"https:\/\/nasimword.ir\/#\/schema\/person\/4c5a701cb6f5716f361e924d0581801e\"},\"breadcrumb\":{\"@id\":\"https:\/\/nasimword.ir\/?p=52377&lang=tr#breadcrumb\"},\"inLanguage\":\"fa-IR\",\"potentialAction\":[{\"@type\":\"ReadAction\",\"target\":[\"https:\/\/nasimword.ir\/?p=52377&lang=tr\"]}]},{\"@type\":\"BreadcrumbList\",\"@id\":\"https:\/\/nasimword.ir\/?p=52377&lang=tr#breadcrumb\",\"itemListElement\":[{\"@type\":\"ListItem\",\"position\":1,\"name\":\"\u062e\u0627\u0646\u0647\",\"item\":\"https:\/\/nasimword.ir\/\"},{\"@type\":\"ListItem\",\"position\":2,\"name\":\"\u0130bo Show yeniden mi ba\u015flayacak? \u0130brahim Tatl\u0131ses&#8217;ten m\u00fcjde!\"}]},{\"@type\":\"Person\",\"@id\":\"https:\/\/nasimword.ir\/#\/schema\/person\/4c5a701cb6f5716f361e924d0581801e\",\"name\":\"somaye\",\"image\":{\"@type\":\"ImageObject\",\"@id\":\"https:\/\/nasimword.ir\/#personlogo\",\"inLanguage\":\"fa-IR\",\"url\":\"https:\/\/secure.gravatar.com\/avatar\/1969d108d4e14d828407b1c82e2f7dab?s=96&d=mm&r=g\",\"contentUrl\":\"https:\/\/secure.gravatar.com\/avatar\/1969d108d4e14d828407b1c82e2f7dab?s=96&d=mm&r=g\",\"caption\":\"somaye\"},\"url\":\"https:\/\/nasimword.ir\/?author=22\"}]}<\/script>\n<!-- \/ Yoast SEO plugin. -->","yoast_head_json":{"title":"\u0130bo Show yeniden mi ba\u015flayacak? \u0130brahim Tatl\u0131ses'ten m\u00fcjde! - Nasim Word","robots":{"index":"index","follow":"follow","max-snippet":"max-snippet:-1","max-image-preview":"max-image-preview:large","max-video-preview":"max-video-preview:-1"},"canonical":"https:\/\/nasimword.ir\/?p=52377&lang=tr","og_locale":"fa_IR","og_type":"article","og_title":"\u0130bo Show yeniden mi ba\u015flayacak? \u0130brahim Tatl\u0131ses'ten m\u00fcjde! - Nasim Word","og_description":"Uzun s\u00fcredir ge\u00e7irdi\u011fi rahats\u0131zl\u0131k nedeniyle ekranlardan uzak kalan \u0130brahim Tatl\u0131ses&#8217;ten m\u00fcjde geldi. Bas\u0131n mensuplar\u0131na a\u00e7\u0131klama yapan Tatl\u0131ses, \u0130bo Show yeniden mi ba\u015flayacak sorular\u0131n\u0131 yan\u0131tlad\u0131. Bir d\u00f6neme damga vuran ve uzun y\u0131llar yay\u0131nlanan \u0130bo Show, yeniden izleyicilerle bulu\u015fmaya haz\u0131rlan\u0131yor. \u0130brahim Tatl\u0131ses, \u0130zmir\u2019de o\u011flu Ahmet Tatl\u0131\u2019n\u0131n i\u015fyeri a\u00e7\u0131l\u0131\u015f\u0131nda m\u00fcjdeyi verdi. Tatl\u0131ses\u2019in rahats\u0131zl\u0131\u011f\u0131 nedeniyle nas\u0131l program yapaca\u011f\u0131n\u0131 merak &hellip;","og_url":"https:\/\/nasimword.ir\/?p=52377&lang=tr","og_site_name":"Nasim Word","article_published_time":"2020-01-08T20:17:51+00:00","og_image":[{"width":780,"height":439,"url":"https:\/\/nasimword.ir\/wp-content\/uploads\/2020\/01\/ibo-show-yeniden-mi-baslayacak-ibrahim-tatlisesten-mujde.jpg","type":"image\/jpeg"}],"twitter_card":"summary","twitter_misc":{"\u0646\u0648\u0634\u062a\u0647\u200c\u0634\u062f\u0647 \u0628\u062f\u0633\u062a":"somaye","\u0632\u0645\u0627\u0646 \u062a\u0642\u0631\u06cc\u0628\u06cc \u0628\u0631\u0627\u06cc \u062e\u0648\u0627\u0646\u062f\u0646":"1 \u062f\u0642\u06cc\u0642\u0647"},"schema":{"@context":"https:\/\/schema.org","@graph":[{"@type":"WebSite","@id":"https:\/\/nasimword.ir\/#website","url":"https:\/\/nasimword.ir\/","name":"Nasim Word","description":"\u067e\u0648\u0631\u062a\u0627\u0644 \u062e\u0628\u0631\u06cc \u0648 \u062a\u062d\u0644\u06cc\u0644\u06cc \u0646\u0633\u06cc\u0645","potentialAction":[{"@type":"SearchAction","target":{"@type":"EntryPoint","urlTemplate":"https:\/\/nasimword.ir\/?s={search_term_string}"},"query-input":"required name=search_term_string"}],"inLanguage":"fa-IR"},{"@type":"ImageObject","@id":"https:\/\/nasimword.ir\/?p=52377&lang=tr#primaryimage","inLanguage":"fa-IR","url":"https:\/\/nasimword.ir\/wp-content\/uploads\/2020\/01\/ibo-show-yeniden-mi-baslayacak-ibrahim-tatlisesten-mujde.jpg","contentUrl":"https:\/\/nasimword.ir\/wp-content\/uploads\/2020\/01\/ibo-show-yeniden-mi-baslayacak-ibrahim-tatlisesten-mujde.jpg","width":780,"height":439},{"@type":"WebPage","@id":"https:\/\/nasimword.ir\/?p=52377&lang=tr#webpage","url":"https:\/\/nasimword.ir\/?p=52377&lang=tr","name":"\u0130bo Show yeniden mi ba\u015flayacak? \u0130brahim Tatl\u0131ses'ten m\u00fcjde! - Nasim Word","isPartOf":{"@id":"https:\/\/nasimword.ir\/#website"},"primaryImageOfPage":{"@id":"https:\/\/nasimword.ir\/?p=52377&lang=tr#primaryimage"},"datePublished":"2020-01-08T20:17:51+00:00","dateModified":"2020-01-08T20:17:51+00:00","author":{"@id":"https:\/\/nasimword.ir\/#\/schema\/person\/4c5a701cb6f5716f361e924d0581801e"},"breadcrumb":{"@id":"https:\/\/nasimword.ir\/?p=52377&lang=tr#breadcrumb"},"inLanguage":"fa-IR","potentialAction":[{"@type":"ReadAction","target":["https:\/\/nasimword.ir\/?p=52377&lang=tr"]}]},{"@type":"BreadcrumbList","@id":"https:\/\/nasimword.ir\/?p=52377&lang=tr#breadcrumb","itemListElement":[{"@type":"ListItem","position":1,"name":"\u062e\u0627\u0646\u0647","item":"https:\/\/nasimword.ir\/"},{"@type":"ListItem","position":2,"name":"\u0130bo Show yeniden mi ba\u015flayacak? \u0130brahim Tatl\u0131ses&#8217;ten m\u00fcjde!"}]},{"@type":"Person","@id":"https:\/\/nasimword.ir\/#\/schema\/person\/4c5a701cb6f5716f361e924d0581801e","name":"somaye","image":{"@type":"ImageObject","@id":"https:\/\/nasimword.ir\/#personlogo","inLanguage":"fa-IR","url":"https:\/\/secure.gravatar.com\/avatar\/1969d108d4e14d828407b1c82e2f7dab?s=96&d=mm&r=g","contentUrl":"https:\/\/secure.gravatar.com\/avatar\/1969d108d4e14d828407b1c82e2f7dab?s=96&d=mm&r=g","caption":"somaye"},"url":"https:\/\/nasimword.ir\/?author=22"}]}},"_links":{"self":[{"href":"https:\/\/nasimword.ir\/index.php?rest_route=\/wp\/v2\/posts\/52377"}],"collection":[{"href":"https:\/\/nasimword.ir\/index.php?rest_route=\/wp\/v2\/posts"}],"about":[{"href":"https:\/\/nasimword.ir\/index.php?rest_route=\/wp\/v2\/types\/post"}],"author":[{"embeddable":true,"href":"https:\/\/nasimword.ir\/index.php?rest_route=\/wp\/v2\/users\/22"}],"replies":[{"embeddable":true,"href":"https:\/\/nasimword.ir\/index.php?rest_route=%2Fwp%2Fv2%2Fcomments&post=52377"}],"version-history":[{"count":0,"href":"https:\/\/nasimword.ir\/index.php?rest_route=\/wp\/v2\/posts\/52377\/revisions"}],"wp:featuredmedia":[{"embeddable":true,"href":"https:\/\/nasimword.ir\/index.php?rest_route=\/wp\/v2\/media\/52378"}],"wp:attachment":[{"href":"https:\/\/nasimword.ir\/index.php?rest_route=%2Fwp%2Fv2%2Fmedia&parent=52377"}],"wp:term":[{"taxonomy":"category","embeddable":true,"href":"https:\/\/nasimword.ir\/index.php?rest_route=%2Fwp%2Fv2%2Fcategories&post=52377"},{"taxonomy":"post_tag","embeddable":true,"href":"https:\/\/nasimword.ir\/index.php?rest_route=%2Fwp%2Fv2%2Ftags&post=52377"}],"curies":[{"name":"wp","href":"https:\/\/api.w.org\/{rel}","templated":true}]}}